{"id":697,"date":"2018-10-12T10:45:02","date_gmt":"2018-10-12T08:45:02","guid":{"rendered":"https:\/\/www.helmexpress.com\/magazin\/?p=697"},"modified":"2023-11-25T14:00:06","modified_gmt":"2023-11-25T13:00:06","slug":"vergleich-integralhelm-klapphelm","status":"publish","type":"post","link":"https:\/\/www.helmexpress.com\/magazin\/vergleich-integralhelm-klapphelm\/","title":{"rendered":"Der Vergleich: Integralhelm oder Klapphelm &#8211; was ist besser?"},"content":{"rendered":"<p>Die Suche nach dem besten <a href=\"https:\/\/www.helmexpress.com\/motorradhelme\">Motorradhelm<\/a> ist nicht einfach. Eine Frage, die sich viele dabei stellen, ist: Was ist besser \u2013 Klapphelm oder Integralhelm? Wir sind dieser Frage nachgegangen. Das Ergebnis: Ein Kopf-an-Kopf-Rennen!<!--more--><\/p>\n<h2>Klapphelm vs. Integralhelm: Wo liegt der Unterschied?<\/h2>\n<p>Der Unterschied zwischen einem Integralhelm und einem Klapphelm wird schon im Namen deutlich. Der <a href=\"https:\/\/www.helmexpress.com\/integralhelme\">Integralhelm<\/a>, auch Vollvisierhelm genannt, ist vollst\u00e4ndig geschlossen. Er bietet mit einer durchgehenden Au\u00dfenschale und einem beweglichen <a href=\"https:\/\/www.helmexpress.com\/motorradhelme-helmvisiere\">Visier<\/a>, Schutz aus einem Guss und f\u00fcr den gesamten Kopf.<\/p>\n\t\t\t<link rel=\"stylesheet\" type=\"text\/css\" href=\"https:\/\/www.helmexpress.com\/magazin\/wp-content\/plugins\/helmexpress-products\/style.css\"\/>\n\t\t\t<div class=\"products-grid container\">\n\t\t\t  <div class=\"row\">\n\t\t\t    <div class=\"col-md-12\">\n\t\t\t      <div class=\"carousel slide hxCarousel\" id=\"hxCarousel-1407977ae53f13d18c42d81fc7bfe0af\">\n\t\t\t      \t<div class=\"carousel-inner\">\n\t\t\t\t\t\t\t<div class=\"item active\">\n\t\t\t\t\t<div class=\"col-xs-4 col-md-3 product\" id=\"product-166538\">\n\t\t                <div>\n\t\t                    <a href=\"https:\/\/www.helmexpress.com\/ls2-ff817-challenger-ii-solid-integralhelm-132133.html\" title=\"LS2 FF817 CHALLENGER II SOLID Integralhelm matt schwarz M\" class=\"product-link\">\n\t\t                        <span class=\"product-image\">\n\t\t                            <img src=\"https:\/\/cdn1.helmexpress.com\/media\/catalog\/product\/l\/s\/ls2-ff817-challenger-ii-solid-integralhelm-matt-schwarz-m-132133msm.jpg\" title=\"LS2 FF817 CHALLENGER II SOLID Integralhelm matt schwarz M\" width=\"165\" height=\"220\"\/>\n\t\t\t\t\t\t\t\t<\/span>\n\t\t                        <div class=\"product-name\"><span>LS2 FF817 CHALLENGER II SOLID Integralhelm matt schwarz M<\/span><\/div>\n\t\t                        \t\t                        <div class=\"new\">\n\t\t                        \t<div class=\"new-inner\">Neu<\/div>\n\t\t                        <\/div>\n\t\t                        \t\t                        \t                        \t<div class=\"price-box clearfix\">\n\t\t                        \t\t\t\t\t\t\t\t\t<p class=\"old-price\">\n\t\t\t\t\t\t\t\t\t\t<span class=\"price-label\">statt<\/span>\n\t\t\t\t\t\t\t\t\t\t<span class=\"price\" id=\"old-price-166538\">\n\t\t\t\t\t\t\t\t\t\t\t329,00 \u20ac\t\t\t\t\t\t\t\t\t\t<\/span>\n\t\t\t\t\t\t\t\t\t<\/p>\n\t\t                        \t<p class=\"special-price\">\n\t\t                \t\t\t\t<span class=\"price-label\">nur<\/span>\n\t\t                \t\t\t\t<span class=\"price\" id=\"product-price-166538\">\n\t\t                \t\t\t\t\t296,00 \u20ac\t\t                \t\t\t\t\t<span class=\"price-hint\">*<\/span>\n\t\t                \t\t\t\t<\/span>\n\t\t\t\t\t\t\t\t\t<\/p>\n\t\t\t\t\t\t\t\t\t\t\t\t\t\t\t\t\t<\/div>\n\t\t\t\t\t\t\t<\/a>\n\t\t\t\t\t\t<\/div>                  \n\t\t            <\/div>\n\t            <\/div>\n            \t\t\t\t\t<div class=\"item\">\n\t\t\t\t\t<div class=\"col-xs-4 col-md-3 product\" id=\"product-153334\">\n\t\t                <div>\n\t\t                    <a href=\"https:\/\/www.helmexpress.com\/nexx-x-wst3-b-side-integralhelm-108326.html\" title=\"NEXX X.WST3 B-SIDE weiss 3XL\" class=\"product-link\">\n\t\t                        <span class=\"product-image\">\n\t\t                            <img src=\"https:\/\/cdn1.helmexpress.com\/media\/catalog\/product\/n\/e\/nexx-x-wst3-b-side-weiss-3xl-108326wh3xl.jpg\" title=\"NEXX X.WST3 B-SIDE weiss 3XL\" width=\"165\" height=\"220\"\/>\n\t\t\t\t\t\t\t\t<\/span>\n\t\t                        <div class=\"product-name\"><span>NEXX X.WST3 B-SIDE weiss 3XL<\/span><\/div>\n\t\t                        \t\t                        \t                        \t<div class=\"price-box clearfix\">\n\t\t                        \t\t\t\t\t\t\t\t\t<p class=\"old-price\">\n\t\t\t\t\t\t\t\t\t\t<span class=\"price-label\">statt<\/span>\n\t\t\t\t\t\t\t\t\t\t<span class=\"price\" id=\"old-price-153334\">\n\t\t\t\t\t\t\t\t\t\t\t529,99 \u20ac\t\t\t\t\t\t\t\t\t\t<\/span>\n\t\t\t\t\t\t\t\t\t<\/p>\n\t\t                        \t<p class=\"special-price\">\n\t\t                \t\t\t\t<span class=\"price-label\">nur<\/span>\n\t\t                \t\t\t\t<span class=\"price\" id=\"product-price-153334\">\n\t\t                \t\t\t\t\t450,49 \u20ac\t\t                \t\t\t\t\t<span class=\"price-hint\">*<\/span>\n\t\t                \t\t\t\t<\/span>\n\t\t\t\t\t\t\t\t\t<\/p>\n\t\t\t\t\t\t\t\t\t\t\t\t\t\t\t\t\t<\/div>\n\t\t\t\t\t\t\t<\/a>\n\t\t\t\t\t\t<\/div>                  \n\t\t            <\/div>\n\t            <\/div>\n            \t\t\t\t\t<div class=\"item\">\n\t\t\t\t\t<div class=\"col-xs-4 col-md-3 product\" id=\"product-168219\">\n\t\t                <div>\n\t\t                    <a href=\"https:\/\/www.helmexpress.com\/hjc-f71-catos-integralhelm-119422.html\" title=\"HJC F71 CATOS Integralhelm schwarz-weiss MC5SF L\" class=\"product-link\">\n\t\t                        <span class=\"product-image\">\n\t\t                            <img src=\"https:\/\/cdn1.helmexpress.com\/media\/catalog\/product\/h\/j\/hjc-f71-catos-integralhelm-schwarz-weiss-mc5sf-l-119422swl.jpg\" title=\"HJC F71 CATOS Integralhelm schwarz-weiss MC5SF L\" width=\"165\" height=\"220\"\/>\n\t\t\t\t\t\t\t\t<\/span>\n\t\t                        <div class=\"product-name\"><span>HJC F71 CATOS Integralhelm schwarz-weiss MC5SF L<\/span><\/div>\n\t\t                        \t\t                        <div class=\"new\">\n\t\t                        \t<div class=\"new-inner\">Neu<\/div>\n\t\t                        <\/div>\n\t\t                        \t\t                        \t                        \t<div class=\"price-box clearfix\">\n\t\t                        \t\t\t\t\t\t\t\t\t<span class=\"regular-price\" id=\"product-price-168219\">\n\t                        \t\t\t<span class=\"price\">\n\t                        \t\t\t\t389,90 \u20ac\t                        \t\t\t\t<span class=\"price-hint\">*<\/span>\n\t                                \t<\/span>\n\t                                <\/span>\n\t\t\t\t\t\t\t\t\t\t\t\t\t\t\t\t\t<\/div>\n\t\t\t\t\t\t\t<\/a>\n\t\t\t\t\t\t<\/div>                  \n\t\t            <\/div>\n\t            <\/div>\n            \t\t\t\t\t<div class=\"item\">\n\t\t\t\t\t<div class=\"col-xs-4 col-md-3 product\" id=\"product-146618\">\n\t\t                <div>\n\t\t                    <a href=\"https:\/\/www.helmexpress.com\/caberg-drift-evo-ii-mono-integralhelm-106221.html\" title=\"CABERG DRIFT EVO II MONO matt schwarz M\" class=\"product-link\">\n\t\t                        <span class=\"product-image\">\n\t\t                            <img src=\"https:\/\/cdn1.helmexpress.com\/media\/catalog\/product\/c\/a\/caberg-drift-evo-ii-mono-matt-schwarz-m-106221msm.jpg\" title=\"CABERG DRIFT EVO II MONO matt schwarz M\" width=\"165\" height=\"220\"\/>\n\t\t\t\t\t\t\t\t<\/span>\n\t\t                        <div class=\"product-name\"><span>CABERG DRIFT EVO II MONO matt schwarz M<\/span><\/div>\n\t\t                        \t\t                        \t                        \t<div class=\"price-box clearfix\">\n\t\t                        \t\t\t\t\t\t\t\t\t<p class=\"old-price\">\n\t\t\t\t\t\t\t\t\t\t<span class=\"price-label\">statt<\/span>\n\t\t\t\t\t\t\t\t\t\t<span class=\"price\" id=\"old-price-146618\">\n\t\t\t\t\t\t\t\t\t\t\t309,99 \u20ac\t\t\t\t\t\t\t\t\t\t<\/span>\n\t\t\t\t\t\t\t\t\t<\/p>\n\t\t                        \t<p class=\"special-price\">\n\t\t                \t\t\t\t<span class=\"price-label\">nur<\/span>\n\t\t                \t\t\t\t<span class=\"price\" id=\"product-price-146618\">\n\t\t                \t\t\t\t\t279,99 \u20ac\t\t                \t\t\t\t\t<span class=\"price-hint\">*<\/span>\n\t\t                \t\t\t\t<\/span>\n\t\t\t\t\t\t\t\t\t<\/p>\n\t\t\t\t\t\t\t\t\t\t\t\t\t\t\t\t\t<\/div>\n\t\t\t\t\t\t\t<\/a>\n\t\t\t\t\t\t<\/div>                  \n\t\t            <\/div>\n\t            <\/div>\n            \t\t\t\t\t<div class=\"item\">\n\t\t\t\t\t<div class=\"col-xs-4 col-md-3 product\" id=\"product-153297\">\n\t\t                <div>\n\t\t                    <a href=\"https:\/\/www.helmexpress.com\/nexx-x-wed3-furka-integralhelm-108324.html\" title=\"NEXX X.WED3 FURKA gr\u00fcn-gelb L\" class=\"product-link\">\n\t\t                        <span class=\"product-image\">\n\t\t                            <img src=\"https:\/\/cdn1.helmexpress.com\/media\/catalog\/product\/n\/e\/nexx-x-wed3-furka-gruen-gelb-l-108324grl.jpg\" title=\"NEXX X.WED3 FURKA gr\u00fcn-gelb L\" width=\"165\" height=\"220\"\/>\n\t\t\t\t\t\t\t\t<\/span>\n\t\t                        <div class=\"product-name\"><span>NEXX X.WED3 FURKA gr\u00fcn-gelb L<\/span><\/div>\n\t\t                        \t\t                        \t                        \t<div class=\"price-box clearfix\">\n\t\t                        \t\t\t\t\t\t\t\t\t<p class=\"old-price\">\n\t\t\t\t\t\t\t\t\t\t<span class=\"price-label\">statt<\/span>\n\t\t\t\t\t\t\t\t\t\t<span class=\"price\" id=\"old-price-153297\">\n\t\t\t\t\t\t\t\t\t\t\t769,99 \u20ac\t\t\t\t\t\t\t\t\t\t<\/span>\n\t\t\t\t\t\t\t\t\t<\/p>\n\t\t                        \t<p class=\"special-price\">\n\t\t                \t\t\t\t<span class=\"price-label\">nur<\/span>\n\t\t                \t\t\t\t<span class=\"price\" id=\"product-price-153297\">\n\t\t                \t\t\t\t\t654,49 \u20ac\t\t                \t\t\t\t\t<span class=\"price-hint\">*<\/span>\n\t\t                \t\t\t\t<\/span>\n\t\t\t\t\t\t\t\t\t<\/p>\n\t\t\t\t\t\t\t\t\t\t\t\t\t\t\t\t\t<\/div>\n\t\t\t\t\t\t\t<\/a>\n\t\t\t\t\t\t<\/div>                  \n\t\t            <\/div>\n\t            <\/div>\n            \t\t\t\t\t<div class=\"item\">\n\t\t\t\t\t<div class=\"col-xs-4 col-md-3 product\" id=\"product-153895\">\n\t\t                <div>\n\t\t                    <a href=\"https:\/\/www.helmexpress.com\/agv-k7-super-46-integralhelm-131095.html\" title=\"AGV K7 SUPER 46 Integralhelm schwarz-weiss S\" class=\"product-link\">\n\t\t                        <span class=\"product-image\">\n\t\t                            <img src=\"https:\/\/cdn1.helmexpress.com\/media\/catalog\/product\/a\/g\/agv-k7-super-46-integralhelm-schwarz-weiss-s-131095sws.jpg\" title=\"AGV K7 SUPER 46 Integralhelm schwarz-weiss S\" width=\"165\" height=\"220\"\/>\n\t\t\t\t\t\t\t\t<\/span>\n\t\t                        <div class=\"product-name\"><span>AGV K7 SUPER 46 Integralhelm schwarz-weiss S<\/span><\/div>\n\t\t                        \t\t                        \t                        \t<div class=\"price-box clearfix\">\n\t\t                        \t\t\t\t\t\t\t\t\t<p class=\"old-price\">\n\t\t\t\t\t\t\t\t\t\t<span class=\"price-label\">statt<\/span>\n\t\t\t\t\t\t\t\t\t\t<span class=\"price\" id=\"old-price-153895\">\n\t\t\t\t\t\t\t\t\t\t\t579,00 \u20ac\t\t\t\t\t\t\t\t\t\t<\/span>\n\t\t\t\t\t\t\t\t\t<\/p>\n\t\t                        \t<p class=\"special-price\">\n\t\t                \t\t\t\t<span class=\"price-label\">nur<\/span>\n\t\t                \t\t\t\t<span class=\"price\" id=\"product-price-153895\">\n\t\t                \t\t\t\t\t521,10 \u20ac\t\t                \t\t\t\t\t<span class=\"price-hint\">*<\/span>\n\t\t                \t\t\t\t<\/span>\n\t\t\t\t\t\t\t\t\t<\/p>\n\t\t\t\t\t\t\t\t\t\t\t\t\t\t\t\t\t<\/div>\n\t\t\t\t\t\t\t<\/a>\n\t\t\t\t\t\t<\/div>                  \n\t\t            <\/div>\n\t            <\/div>\n            \t\t\t\t\t<div class=\"item\">\n\t\t\t\t\t<div class=\"col-xs-4 col-md-3 product\" id=\"product-119283\">\n\t\t                <div>\n\t\t                    <a href=\"https:\/\/www.helmexpress.com\/shoei-nxr2-mm93-collection-track-integralhelm-121129.html\" title=\"SHOEI NXR2 MM93 COLLECTION TRACK Integralhelm rot-schwarz TC-1 S\" class=\"product-link\">\n\t\t                        <span class=\"product-image\">\n\t\t                            <img src=\"https:\/\/cdn1.helmexpress.com\/media\/catalog\/product\/s\/h\/shoei-nxr2-mm93-collection-track-integralhelm-rot-schwarz-tc-1-s-121129rss.jpg\" title=\"SHOEI NXR2 MM93 COLLECTION TRACK Integralhelm rot-schwarz TC-1 S\" width=\"165\" height=\"220\"\/>\n\t\t\t\t\t\t\t\t<\/span>\n\t\t                        <div class=\"product-name\"><span>SHOEI NXR2 MM93 COLLECTION TRACK Integralhelm rot-schwarz TC-1 S<\/span><\/div>\n\t\t                        \t\t                        \t                        \t<div class=\"price-box clearfix\">\n\t\t                        \t\t\t\t\t\t\t\t\t<p class=\"old-price\">\n\t\t\t\t\t\t\t\t\t\t<span class=\"price-label\">statt<\/span>\n\t\t\t\t\t\t\t\t\t\t<span class=\"price\" id=\"old-price-119283\">\n\t\t\t\t\t\t\t\t\t\t\t639,00 \u20ac\t\t\t\t\t\t\t\t\t\t<\/span>\n\t\t\t\t\t\t\t\t\t<\/p>\n\t\t                        \t<p class=\"special-price\">\n\t\t                \t\t\t\t<span class=\"price-label\">nur<\/span>\n\t\t                \t\t\t\t<span class=\"price\" id=\"product-price-119283\">\n\t\t                \t\t\t\t\t529,00 \u20ac\t\t                \t\t\t\t\t<span class=\"price-hint\">*<\/span>\n\t\t                \t\t\t\t<\/span>\n\t\t\t\t\t\t\t\t\t<\/p>\n\t\t\t\t\t\t\t\t\t\t\t\t\t\t\t\t\t<\/div>\n\t\t\t\t\t\t\t<\/a>\n\t\t\t\t\t\t<\/div>                  \n\t\t            <\/div>\n\t            <\/div>\n            \t            \t<div class=\"item\">\n\t            \t<div class=\"col-xs-4 col-md-3 product more\">\n\t\t                <div>\n\t            \t\t\t<a href=\"https:\/\/www.helmexpress.com\/integralhelme\" class=\"product-link\" target=\"_blank\">\n\t            \t\t\t\tAlle Integralhelme auf helmexpress.com\t            \t\t\t<\/a>\n\t            \t\t<\/div>\n\t            \t<\/div>\n\t            <\/div>\n            \t\t\t            \t\t<\/div>\n\t\t        \t\t<\/div>\n\t\t        \t\t\t\t        \t\t<a data-slide=\"prev\" href=\"javascript:void(0)\" class=\"left carousel-control hidden\"><i class=\"fa fa-caret-left\"><\/i><\/a>\n\t\t      \t\t\t<a data-slide=\"next\" href=\"javascript:void(0)\" class=\"right carousel-control\"><i class=\"fa fa-caret-right\"><\/i><\/a>\n\t\t      \t\t\t\t\t\t\t\t<\/div>\n\t\t\t\t<\/div>\n\t\t\t<\/div>\n            \n<p>Der <a href=\"https:\/\/www.helmexpress.com\/klapphelme\">Klapphelm<\/a> ist eine Variation des Integralhelms, bei der das Kinnteil nach oben geklappt werden kann. Der Helm sieht w\u00e4hrend der Fahrt im zugeklappten Zustande aus wie ein Integralhelm, hochgeklappt w\u00e4hrend der Pause \u00e4hnelt er einem Jethelm. Zu den beliebtesten Klapphelmen geh\u00f6ren der Schuberth C4 und Shoei Neotec 2 \u2013 die wir hier im gro\u00dfen <a href=\"https:\/\/www.helmexpress.com\/magazin\/klapphelme-vergleich-schuberth-c4-vs-shoei-neotec-2\/\">Klapphelm-Vergleich<\/a> f\u00fcr euch getestet haben.<\/p>\n<h2>Vor- und Nachteile der beiden Motorradhelm-Arten<\/h2>\n<p>Der Integralhelm bietet den bestm\u00f6glichen Schutz und eine kompakte Bauweise, der Klapphelm ist besonders praktisch und vielf\u00e4ltig. So sind beispielsweise auch einige <a href=\"https:\/\/www.helmexpress.com\/crosshelme\">Crosshelme<\/a> mittlerweile als Klapphelme erh\u00e4ltlich. Schutzfunktion, Gewicht, Lautst\u00e4rke: Jede <a href=\"https:\/\/www.helmexpress.com\/magazin\/motorradhelme-ueberblick-vorteile-nachteile\/\">Motorradhelm-Art hat ihre Vorteile und Nachteile<\/a>.<\/p>\n<p><a href=\"https:\/\/www.helmexpress.com\/\"> <img loading=\"lazy\" class=\"alignnone wp-image-1587 size-large img-responsive\" title=\"10 Prozent Rabatt sichern\" src=\"https:\/\/www.helmexpress.com\/magazin\/wp-content\/uploads\/2020\/12\/Neuling-1024x161.jpg\" alt=\"10 Prozent Rabatt\" width=\"1024\" height=\"161\" srcset=\"https:\/\/www.helmexpress.com\/magazin\/wp-content\/uploads\/2020\/12\/Neuling-1024x161.jpg 1024w, https:\/\/www.helmexpress.com\/magazin\/wp-content\/uploads\/2020\/12\/Neuling-300x47.jpg 300w, https:\/\/www.helmexpress.com\/magazin\/wp-content\/uploads\/2020\/12\/Neuling-768x121.jpg 768w, https:\/\/www.helmexpress.com\/magazin\/wp-content\/uploads\/2020\/12\/Neuling.jpg 1368w\" sizes=\"(max-width: 1024px) 100vw, 1024px\" \/><\/a><\/p>\n<table>\n<tbody>\n<tr>\n<td width=\"201\"><strong>\u00a0<\/strong><\/td>\n<td width=\"201\"><strong>Vorteile<\/strong><\/td>\n<td width=\"201\"><strong>Nachteile<\/strong><\/td>\n<\/tr>\n<tr>\n<td width=\"201\"><strong>Integralhelm<\/strong><\/td>\n<td width=\"201\">+ bester Schutz f\u00fcr Kopf und Gesicht<\/p>\n<p>+ gut anpassbar und leise<\/p>\n<p>+ kompakt und leicht<\/td>\n<td width=\"201\">&#8211; f\u00fcr Brillentr\u00e4ger nicht immer komfortabel<\/p>\n<p>&#8211; Bel\u00fcftung bei Hitze teils unzureichend<\/td>\n<\/tr>\n<tr>\n<td width=\"201\"><strong>Klapphelm<\/strong><\/td>\n<td width=\"201\">+ aufklappen ist praktisch bei Trinkpause oder Tank-Stopp<\/p>\n<p>+ sicherer Schutz<\/p>\n<p>+ erleichtert erste Hilfe f\u00fcr Laien<\/p>\n<p>+ ideal f\u00fcr Brillentr\u00e4ger<\/td>\n<td width=\"201\">&#8211; Klappmechanismus kann bei Unfall zu Schwachstelle werden<\/p>\n<p>&#8211; meist schwerer und lauter als Integralhelme<\/td>\n<\/tr>\n<\/tbody>\n<\/table>\n<h2>Das sagen Kunden, Foren-Mitglieder und Testberichte<\/h2>\n<p>Motorradfahrer sind sich bei der Einsch\u00e4tzung, ob nun ein Klapphelm oder ein Integralhelm die bessere Wahl sei, nur in einigen Punkten einig. Kaum jemand bestreitet, dass Integralhelme die beste Schutzwirkung besitzen. Und auch der Komfort, den Klapphelme insbesondere bei kurzen Pausen bietet, streitet wohl niemand ab.<\/p>\n<p>Insbesondere in Bezug auf den <strong>praktischen Gebrauch<\/strong> \u2013 beispielsweise die Verst\u00e4ndigung mit dem Mitfahrer beim Ampelstopp \u2013 findet der Klapphelm viel Anspruch. Dennoch gibt es einige Vorurteile gegen die Klappversion, auch wenn einige nach einem ersten Test beigelegt werden. Wichtig ist, und darauf wird in Foren und Tests oft hingewiesen, den Klapphelm nur offen, also mit aufgeklappter Kinnpartie, zu fahren, wenn er hierf\u00fcr eine Zulassung hat!<\/p>\n\t\t\t<link rel=\"stylesheet\" type=\"text\/css\" href=\"https:\/\/www.helmexpress.com\/magazin\/wp-content\/plugins\/helmexpress-products\/style.css\"\/>\n\t\t\t<div class=\"products-grid container\">\n\t\t\t  <div class=\"row\">\n\t\t\t    <div class=\"col-md-12\">\n\t\t\t      <div class=\"carousel slide hxCarousel\" id=\"hxCarousel-1407977ae53f13d18c42d81fc7bfe0af\">\n\t\t\t      \t<div class=\"carousel-inner\">\n\t\t\t\t\t\t\t<div class=\"item active\">\n\t\t\t\t\t<div class=\"col-xs-4 col-md-3 product\" id=\"product-158094\">\n\t\t                <div>\n\t\t                    <a href=\"https:\/\/www.helmexpress.com\/ls2-ff902-scope-ii-solid-klapphelm-700034644.html\" title=\"LS2 FF902 SCOPE II SOLID Klapphelm nardo grau M\" class=\"product-link\">\n\t\t                        <span class=\"product-image\">\n\t\t                            <img src=\"https:\/\/cdn1.helmexpress.com\/media\/catalog\/product\/L\/S\/LS2_5690210066942141749155_2.jpg\" title=\"LS2 FF902 SCOPE II SOLID Klapphelm nardo grau M\" width=\"165\" height=\"220\"\/>\n\t\t\t\t\t\t\t\t<\/span>\n\t\t                        <div class=\"product-name\"><span>LS2 FF902 SCOPE II SOLID Klapphelm nardo grau M<\/span><\/div>\n\t\t                        \t\t                        \t                        \t<div class=\"price-box clearfix\">\n\t\t                        \t\t\t\t\t\t\t\t\t<span class=\"regular-price\" id=\"product-price-158094\">\n\t                        \t\t\t<span class=\"price\">\n\t                        \t\t\t\t178,90 \u20ac\t                        \t\t\t\t<span class=\"price-hint\">*<\/span>\n\t                                \t<\/span>\n\t                                <\/span>\n\t\t\t\t\t\t\t\t\t\t\t\t\t\t\t\t\t<\/div>\n\t\t\t\t\t\t\t<\/a>\n\t\t\t\t\t\t<\/div>                  \n\t\t            <\/div>\n\t            <\/div>\n            \t\t\t\t\t<div class=\"item\">\n\t\t\t\t\t<div class=\"col-xs-4 col-md-3 product\" id=\"product-152690\">\n\t\t                <div>\n\t\t                    <a href=\"https:\/\/www.helmexpress.com\/schuberth-c5-globe-klapphelm-101117.html\" title=\"SCHUBERTH C5 GLOBE Klapphelm schwarz matt 53\" class=\"product-link\">\n\t\t                        <span class=\"product-image\">\n\t\t                            <img src=\"https:\/\/cdn1.helmexpress.com\/media\/catalog\/product\/s\/c\/schuberth-c5-globe-klapphelm-schwarz-matt-53-101117msxs.jpg\" title=\"SCHUBERTH C5 GLOBE Klapphelm schwarz matt 53\" width=\"165\" height=\"220\"\/>\n\t\t\t\t\t\t\t\t<\/span>\n\t\t                        <div class=\"product-name\"><span>SCHUBERTH C5 GLOBE Klapphelm schwarz matt 53<\/span><\/div>\n\t\t                        \t\t                        \t                        \t<div class=\"price-box clearfix\">\n\t\t                        \t\t\t\t\t\t\t\t\t<p class=\"old-price\">\n\t\t\t\t\t\t\t\t\t\t<span class=\"price-label\">statt<\/span>\n\t\t\t\t\t\t\t\t\t\t<span class=\"price\" id=\"old-price-152690\">\n\t\t\t\t\t\t\t\t\t\t\t799,00 \u20ac\t\t\t\t\t\t\t\t\t\t<\/span>\n\t\t\t\t\t\t\t\t\t<\/p>\n\t\t                        \t<p class=\"special-price\">\n\t\t                \t\t\t\t<span class=\"price-label\">nur<\/span>\n\t\t                \t\t\t\t<span class=\"price\" id=\"product-price-152690\">\n\t\t                \t\t\t\t\t599,25 \u20ac\t\t                \t\t\t\t\t<span class=\"price-hint\">*<\/span>\n\t\t                \t\t\t\t<\/span>\n\t\t\t\t\t\t\t\t\t<\/p>\n\t\t\t\t\t\t\t\t\t\t\t\t\t\t\t\t\t<\/div>\n\t\t\t\t\t\t\t<\/a>\n\t\t\t\t\t\t<\/div>                  \n\t\t            <\/div>\n\t            <\/div>\n            \t\t\t\t\t<div class=\"item\">\n\t\t\t\t\t<div class=\"col-xs-4 col-md-3 product\" id=\"product-153113\">\n\t\t                <div>\n\t\t                    <a href=\"https:\/\/www.helmexpress.com\/nexx-x-lifetour-zero-pro-klapphelm-108320.html\" title=\"NEXX X.LIFETOUR ZERO PRO matt carbon L\" class=\"product-link\">\n\t\t                        <span class=\"product-image\">\n\t\t                            <img src=\"https:\/\/cdn1.helmexpress.com\/media\/catalog\/product\/n\/e\/nexx-x-lifetour-zero-pro-matt-carbon-l-108320cal.jpg\" title=\"NEXX X.LIFETOUR ZERO PRO matt carbon L\" width=\"165\" height=\"220\"\/>\n\t\t\t\t\t\t\t\t<\/span>\n\t\t                        <div class=\"product-name\"><span>NEXX X.LIFETOUR ZERO PRO matt carbon L<\/span><\/div>\n\t\t                        \t\t                        \t                        \t<div class=\"price-box clearfix\">\n\t\t                        \t\t\t\t\t\t\t\t\t<p class=\"old-price\">\n\t\t\t\t\t\t\t\t\t\t<span class=\"price-label\">statt<\/span>\n\t\t\t\t\t\t\t\t\t\t<span class=\"price\" id=\"old-price-153113\">\n\t\t\t\t\t\t\t\t\t\t\t699,99 \u20ac\t\t\t\t\t\t\t\t\t\t<\/span>\n\t\t\t\t\t\t\t\t\t<\/p>\n\t\t                        \t<p class=\"special-price\">\n\t\t                \t\t\t\t<span class=\"price-label\">nur<\/span>\n\t\t                \t\t\t\t<span class=\"price\" id=\"product-price-153113\">\n\t\t                \t\t\t\t\t594,99 \u20ac\t\t                \t\t\t\t\t<span class=\"price-hint\">*<\/span>\n\t\t                \t\t\t\t<\/span>\n\t\t\t\t\t\t\t\t\t<\/p>\n\t\t\t\t\t\t\t\t\t\t\t\t\t\t\t\t\t<\/div>\n\t\t\t\t\t\t\t<\/a>\n\t\t\t\t\t\t<\/div>                  \n\t\t            <\/div>\n\t            <\/div>\n            \t\t\t\t\t<div class=\"item\">\n\t\t\t\t\t<div class=\"col-xs-4 col-md-3 product\" id=\"product-152895\">\n\t\t                <div>\n\t\t                    <a href=\"https:\/\/www.helmexpress.com\/caberg-levo-x-elite-klapphelm-106226.html\" title=\"CABERG LEVO X ELITE Klapphelm weiss-blau-rot L\" class=\"product-link\">\n\t\t                        <span class=\"product-image\">\n\t\t                            <img src=\"https:\/\/cdn1.helmexpress.com\/media\/catalog\/product\/c\/a\/caberg-levo-x-elite-klapphelm-weiss-blau-rot-l-106226wbl.jpg\" title=\"CABERG LEVO X ELITE Klapphelm weiss-blau-rot L\" width=\"165\" height=\"220\"\/>\n\t\t\t\t\t\t\t\t<\/span>\n\t\t                        <div class=\"product-name\"><span>CABERG LEVO X ELITE Klapphelm weiss-blau-rot L<\/span><\/div>\n\t\t                        \t\t                        \t                        \t<div class=\"price-box clearfix\">\n\t\t                        \t\t\t\t\t\t\t\t\t<p class=\"old-price\">\n\t\t\t\t\t\t\t\t\t\t<span class=\"price-label\">statt<\/span>\n\t\t\t\t\t\t\t\t\t\t<span class=\"price\" id=\"old-price-152895\">\n\t\t\t\t\t\t\t\t\t\t\t459,99 \u20ac\t\t\t\t\t\t\t\t\t\t<\/span>\n\t\t\t\t\t\t\t\t\t<\/p>\n\t\t                        \t<p class=\"special-price\">\n\t\t                \t\t\t\t<span class=\"price-label\">nur<\/span>\n\t\t                \t\t\t\t<span class=\"price\" id=\"product-price-152895\">\n\t\t                \t\t\t\t\t409,99 \u20ac\t\t                \t\t\t\t\t<span class=\"price-hint\">*<\/span>\n\t\t                \t\t\t\t<\/span>\n\t\t\t\t\t\t\t\t\t<\/p>\n\t\t\t\t\t\t\t\t\t\t\t\t\t\t\t\t\t<\/div>\n\t\t\t\t\t\t\t<\/a>\n\t\t\t\t\t\t<\/div>                  \n\t\t            <\/div>\n\t            <\/div>\n            \t\t\t\t\t<div class=\"item\">\n\t\t\t\t\t<div class=\"col-xs-4 col-md-3 product\" id=\"product-149950\">\n\t\t                <div>\n\t\t                    <a href=\"https:\/\/www.helmexpress.com\/smk-gullwing-navigator-klapphelm-176054.html\" title=\"SMK GULLWING NAVIGATOR weiss-blau-rot 4XL\" class=\"product-link\">\n\t\t                        <span class=\"product-image\">\n\t\t                            <img src=\"https:\/\/cdn1.helmexpress.com\/media\/catalog\/product\/s\/m\/smk-gullwing-navigator-weiss-blau-rot-4xl-176054br4xl.jpg\" title=\"SMK GULLWING NAVIGATOR weiss-blau-rot 4XL\" width=\"165\" height=\"220\"\/>\n\t\t\t\t\t\t\t\t<\/span>\n\t\t                        <div class=\"product-name\"><span>SMK GULLWING NAVIGATOR weiss-blau-rot 4XL<\/span><\/div>\n\t\t                        \t\t                        \t                        \t<div class=\"price-box clearfix\">\n\t\t                        \t\t\t\t\t\t\t\t\t<p class=\"old-price\">\n\t\t\t\t\t\t\t\t\t\t<span class=\"price-label\">statt<\/span>\n\t\t\t\t\t\t\t\t\t\t<span class=\"price\" id=\"old-price-149950\">\n\t\t\t\t\t\t\t\t\t\t\t144,90 \u20ac\t\t\t\t\t\t\t\t\t\t<\/span>\n\t\t\t\t\t\t\t\t\t<\/p>\n\t\t                        \t<p class=\"special-price\">\n\t\t                \t\t\t\t<span class=\"price-label\">nur<\/span>\n\t\t                \t\t\t\t<span class=\"price\" id=\"product-price-149950\">\n\t\t                \t\t\t\t\t115,92 \u20ac\t\t                \t\t\t\t\t<span class=\"price-hint\">*<\/span>\n\t\t                \t\t\t\t<\/span>\n\t\t\t\t\t\t\t\t\t<\/p>\n\t\t\t\t\t\t\t\t\t\t\t\t\t\t\t\t\t<\/div>\n\t\t\t\t\t\t\t<\/a>\n\t\t\t\t\t\t<\/div>                  \n\t\t            <\/div>\n\t            <\/div>\n            \t\t\t\t\t<div class=\"item\">\n\t\t\t\t\t<div class=\"col-xs-4 col-md-3 product\" id=\"product-123117\">\n\t\t                <div>\n\t\t                    <a href=\"https:\/\/www.helmexpress.com\/caberg-duke-x-mono-klapphelm-106200.html\" title=\"CABERG DUKE X MONO matt gun metal XL\" class=\"product-link\">\n\t\t                        <span class=\"product-image\">\n\t\t                            <img src=\"https:\/\/cdn1.helmexpress.com\/media\/catalog\/product\/c\/a\/caberg-duke-x-mono-matt-gun-metal-xl-106200mgxl.jpg\" title=\"CABERG DUKE X MONO matt gun metal XL\" width=\"165\" height=\"220\"\/>\n\t\t\t\t\t\t\t\t<\/span>\n\t\t                        <div class=\"product-name\"><span>CABERG DUKE X MONO matt gun metal XL<\/span><\/div>\n\t\t                        \t\t                        \t                        \t<div class=\"price-box clearfix\">\n\t\t                        \t\t\t\t\t\t\t\t\t<p class=\"old-price\">\n\t\t\t\t\t\t\t\t\t\t<span class=\"price-label\">statt<\/span>\n\t\t\t\t\t\t\t\t\t\t<span class=\"price\" id=\"old-price-123117\">\n\t\t\t\t\t\t\t\t\t\t\t229,99 \u20ac\t\t\t\t\t\t\t\t\t\t<\/span>\n\t\t\t\t\t\t\t\t\t<\/p>\n\t\t                        \t<p class=\"special-price\">\n\t\t                \t\t\t\t<span class=\"price-label\">nur<\/span>\n\t\t                \t\t\t\t<span class=\"price\" id=\"product-price-123117\">\n\t\t                \t\t\t\t\t204,99 \u20ac\t\t                \t\t\t\t\t<span class=\"price-hint\">*<\/span>\n\t\t                \t\t\t\t<\/span>\n\t\t\t\t\t\t\t\t\t<\/p>\n\t\t\t\t\t\t\t\t\t\t\t\t\t\t\t\t\t<\/div>\n\t\t\t\t\t\t\t<\/a>\n\t\t\t\t\t\t<\/div>                  \n\t\t            <\/div>\n\t            <\/div>\n            \t\t\t\t\t<div class=\"item\">\n\t\t\t\t\t<div class=\"col-xs-4 col-md-3 product\" id=\"product-121376\">\n\t\t                <div>\n\t\t                    <a href=\"https:\/\/www.helmexpress.com\/agv-streetmodular-mono-klapphelm-131078.html\" title=\"AGV STREETMODULAR MONO Klapphelm matt asfalto grau M\" class=\"product-link\">\n\t\t                        <span class=\"product-image\">\n\t\t                            <img src=\"https:\/\/cdn1.helmexpress.com\/media\/catalog\/product\/a\/g\/agv-streetmodular-mono-klapphelm-matt-asfalto-grau-m-131078grm.jpg\" title=\"AGV STREETMODULAR MONO Klapphelm matt asfalto grau M\" width=\"165\" height=\"220\"\/>\n\t\t\t\t\t\t\t\t<\/span>\n\t\t                        <div class=\"product-name\"><span>AGV STREETMODULAR MONO Klapphelm matt asfalto grau M<\/span><\/div>\n\t\t                        \t\t                        \t                        \t<div class=\"price-box clearfix\">\n\t\t                        \t\t\t\t\t\t\t\t\t<p class=\"old-price\">\n\t\t\t\t\t\t\t\t\t\t<span class=\"price-label\">statt<\/span>\n\t\t\t\t\t\t\t\t\t\t<span class=\"price\" id=\"old-price-121376\">\n\t\t\t\t\t\t\t\t\t\t\t309,90 \u20ac\t\t\t\t\t\t\t\t\t\t<\/span>\n\t\t\t\t\t\t\t\t\t<\/p>\n\t\t                        \t<p class=\"special-price\">\n\t\t                \t\t\t\t<span class=\"price-label\">nur<\/span>\n\t\t                \t\t\t\t<span class=\"price\" id=\"product-price-121376\">\n\t\t                \t\t\t\t\t278,91 \u20ac\t\t                \t\t\t\t\t<span class=\"price-hint\">*<\/span>\n\t\t                \t\t\t\t<\/span>\n\t\t\t\t\t\t\t\t\t<\/p>\n\t\t\t\t\t\t\t\t\t\t\t\t\t\t\t\t\t<\/div>\n\t\t\t\t\t\t\t<\/a>\n\t\t\t\t\t\t<\/div>                  \n\t\t            <\/div>\n\t            <\/div>\n            \t            \t<div class=\"item\">\n\t            \t<div class=\"col-xs-4 col-md-3 product more\">\n\t\t                <div>\n\t            \t\t\t<a href=\"https:\/\/www.helmexpress.com\/klapphelme\" class=\"product-link\" target=\"_blank\">\n\t            \t\t\t\tAlle Klapphelme auf helmexpress.com\t            \t\t\t<\/a>\n\t            \t\t<\/div>\n\t            \t<\/div>\n\t            <\/div>\n            \t\t\t            \t\t<\/div>\n\t\t        \t\t<\/div>\n\t\t        \t\t\t\t        \t\t<a data-slide=\"prev\" href=\"javascript:void(0)\" class=\"left carousel-control hidden\"><i class=\"fa fa-caret-left\"><\/i><\/a>\n\t\t      \t\t\t<a data-slide=\"next\" href=\"javascript:void(0)\" class=\"right carousel-control\"><i class=\"fa fa-caret-right\"><\/i><\/a>\n\t\t      \t\t\t\t\t\t\t\t<\/div>\n\t\t\t\t<\/div>\n\t\t\t<\/div>\n            \n<p>F\u00fcr viele Motorradfahrer ist v\u00f6llig zurecht die <strong>Sicherheit<\/strong> die wichtigste Eigenschaft des Helms und viele setzen dabei, insbesondere wenn h\u00f6here Geschwindigkeiten gefahren werden, auf den Integralhelm. Zu gro\u00df ist die Sorge, dass das bewegliche Kinnteil zur Schwachstelle werden k\u00f6nnte.<\/p>\n<h2>Fazit: Klapphelm oder Integralhelm \u2013 der beste Helm ist der, der am besten passt<\/h2>\n<p>Klapphelm oder Integralhelm \u2013 das ist letztlich vor allen Dingen auch Geschmacksache und abh\u00e4ngig vom Fahrstil. Wenn es sich um einen ECE-gepr\u00fcften Motorradhelm handelt, k\u00f6nnt ihr einen entsprechenden Schutz nat\u00fcrlich erwarten. Sicher sind sie beide, auch wenn der Integralhelm durch seine Bauweise hier Vorteile hat. Andererseits hat der Klapphelm Vorz\u00fcge, wenn es um die den Komfort geht. Soll es auf die Rennstrecke gehen, ist der Integralhelm die bessere Wahl. Soll gem\u00fctlich durch Stadt und Landschaft gecruist werden, spricht einiges f\u00fcr den Klapphelm.<\/p>\n<p>Wichtig ist \u2013 und das ganz unabh\u00e4ngig von der Helm-Art \u2013 dass der Helm ideal und sicher sitzt. Nur so kann er letztlich den ben\u00f6tigten Schutz bieten. Es kommt also darauf an, worin du dich wohler und sicherer f\u00fchlst, und welcher Helm besser passt.<\/p>\n<p><img loading=\"lazy\" class=\"size-large wp-image-701 aligncenter img-responsive\" src=\"https:\/\/www.helmexpress.com\/magazin\/wp-content\/uploads\/2018\/08\/vergleich-mit-sternchen-1024x777.jpg\" alt=\"Vergleich Klapphelm und Intelgralhelm\" width=\"1024\" height=\"777\" srcset=\"https:\/\/www.helmexpress.com\/magazin\/wp-content\/uploads\/2018\/08\/vergleich-mit-sternchen-1024x777.jpg 1024w, https:\/\/www.helmexpress.com\/magazin\/wp-content\/uploads\/2018\/08\/vergleich-mit-sternchen-300x228.jpg 300w, https:\/\/www.helmexpress.com\/magazin\/wp-content\/uploads\/2018\/08\/vergleich-mit-sternchen-768x583.jpg 768w\" sizes=\"(max-width: 1024px) 100vw, 1024px\" \/><\/p>\n","protected":false},"excerpt":{"rendered":"<p>Die Suche nach dem besten Motorradhelm ist nicht einfach. Eine Frage, die sich viele dabei stellen, ist: Was ist besser \u2013 Klapphelm oder Integralhelm? Wir sind dieser Frage nachgegangen. Das Ergebnis: Ein Kopf-an-Kopf-Rennen!<\/p>\n","protected":false},"author":3,"featured_media":702,"comment_status":"closed","ping_status":"closed","sticky":false,"template":"","format":"standard","meta":[],"categories":[8],"tags":[17,18,35],"_links":{"self":[{"href":"https:\/\/www.helmexpress.com\/magazin\/wp-json\/wp\/v2\/posts\/697"}],"collection":[{"href":"https:\/\/www.helmexpress.com\/magazin\/wp-json\/wp\/v2\/posts"}],"about":[{"href":"https:\/\/www.helmexpress.com\/magazin\/wp-json\/wp\/v2\/types\/post"}],"author":[{"embeddable":true,"href":"https:\/\/www.helmexpress.com\/magazin\/wp-json\/wp\/v2\/users\/3"}],"replies":[{"embeddable":true,"href":"https:\/\/www.helmexpress.com\/magazin\/wp-json\/wp\/v2\/comments?post=697"}],"version-history":[{"count":13,"href":"https:\/\/www.helmexpress.com\/magazin\/wp-json\/wp\/v2\/posts\/697\/revisions"}],"predecessor-version":[{"id":104114,"href":"https:\/\/www.helmexpress.com\/magazin\/wp-json\/wp\/v2\/posts\/697\/revisions\/104114"}],"wp:featuredmedia":[{"embeddable":true,"href":"https:\/\/www.helmexpress.com\/magazin\/wp-json\/wp\/v2\/media\/702"}],"wp:attachment":[{"href":"https:\/\/www.helmexpress.com\/magazin\/wp-json\/wp\/v2\/media?parent=697"}],"wp:term":[{"taxonomy":"category","embeddable":true,"href":"https:\/\/www.helmexpress.com\/magazin\/wp-json\/wp\/v2\/categories?post=697"},{"taxonomy":"post_tag","embeddable":true,"href":"https:\/\/www.helmexpress.com\/magazin\/wp-json\/wp\/v2\/tags?post=697"}],"curies":[{"name":"wp","href":"https:\/\/api.w.org\/{rel}","templated":true}]}}