{"id":570,"date":"2018-05-29T15:09:35","date_gmt":"2018-05-29T13:09:35","guid":{"rendered":"https:\/\/www.helmexpress.com\/magazin\/?p=570"},"modified":"2023-11-25T14:05:59","modified_gmt":"2023-11-25T13:05:59","slug":"tipps-motorradfahren-hitze-sommer","status":"publish","type":"post","link":"https:\/\/www.helmexpress.com\/magazin\/tipps-motorradfahren-hitze-sommer\/","title":{"rendered":"Trotz Hitze sicher unterwegs: 10 Tipps f\u00fcr Motorradfahren im Sommer"},"content":{"rendered":"<p>Das sch\u00f6ne Wetter lockt viele Motorradfahrer auf die Stra\u00dfe. Doch die hohen Temperaturen k\u00f6nnen zur Gefahr werden, wenn Biker sich nicht richtig darauf einstellen. Schutzkleidung, Trinkpausen und Halst\u00fccher &#8211; 10 Tipps, f\u00fcrs Motorradfahren bei Hitze.<\/p>\n<p><!--more--><\/p>\n<p><img class=\"alwaysThinglink img-responsive\" style=\"max-width: 100%;\" src=\"\/\/cdn.thinglink.me\/api\/image\/1057568444578267138\/1024\/10\/scaletowidth#tl-1057568444578267138;'\" \/><script async charset=\"utf-8\" src=\"\/\/cdn.thinglink.me\/jse\/embed.js\"><\/script><\/p>\n<h2>Mit diesen Ratschl\u00e4gen bist du auch bei hei\u00dfen Temperaturen sicher unterwegs<\/h2>\n<h3>Den richtigen Helm w\u00e4hlen<\/h3>\n<p>Egal wie hei\u00df es ist und wie kurz die Ausfahrt auch sein mag &#8211; ein sicherer Helm darf niemals fehlen. <a href=\"https:\/\/www.helmexpress.com\/integralhelme\" target=\"_blank\" rel=\"noopener noreferrer\">Integralhelme<\/a> bieten sich durch die perfekte Schutzfunktion an, <a href=\"https:\/\/www.helmexpress.com\/klapphelme\" target=\"_blank\" rel=\"noopener noreferrer\">Klapphelme<\/a> durch den praktischen Komfort. Die Wahl ist immer auch Geschmackssache.<\/p>\n<p style=\"text-align: center;\"><a class=\"maxbutton-3 maxbutton maxbutton-button-magazin\" target=\"_blank\" rel=\"noopener\" href=\"https:\/\/www.helmexpress.com\/magazin\/vergleich-integralhelm-klapphelm\/\"><span class='mb-text'>Klapphelm vs. Integralhelm: zum Vergleich!<\/span><\/a><\/p>\n\t\t\t<link rel=\"stylesheet\" type=\"text\/css\" href=\"https:\/\/www.helmexpress.com\/magazin\/wp-content\/plugins\/helmexpress-products\/style.css\"\/>\n\t\t\t<div class=\"products-grid container\">\n\t\t\t  <div class=\"row\">\n\t\t\t    <div class=\"col-md-12\">\n\t\t\t      <div class=\"carousel slide hxCarousel\" id=\"hxCarousel-5df263131cd0a9bf1a81cebf2e5152c6\">\n\t\t\t      \t<div class=\"carousel-inner\">\n\t\t\t\t\t\t\t<div class=\"item active\">\n\t\t\t\t\t<div class=\"col-xs-4 col-md-3 product\" id=\"product-157362\">\n\t\t                <div>\n\t\t                    <a href=\"https:\/\/www.helmexpress.com\/ls2-ff807-dragon-carbon-forged-integralhelm-700034196.html\" title=\"LS2 FF807 DRAGON CARBON FORGED Integralhelm carbon XL\" class=\"product-link\">\n\t\t                        <span class=\"product-image\">\n\t\t                            <img src=\"https:\/\/cdn1.helmexpress.com\/media\/catalog\/product\/L\/S\/LS2_1680751996942141777998_8.jpg\" title=\"LS2 FF807 DRAGON CARBON FORGED Integralhelm carbon XL\" width=\"165\" height=\"220\"\/>\n\t\t\t\t\t\t\t\t<\/span>\n\t\t                        <div class=\"product-name\"><span>LS2 FF807 DRAGON CARBON FORGED Integralhelm carbon XL<\/span><\/div>\n\t\t                        \t\t                        \t                        \t<div class=\"price-box clearfix\">\n\t\t                        \t\t\t\t\t\t\t\t\t<span class=\"regular-price\" id=\"product-price-157362\">\n\t                        \t\t\t<span class=\"price\">\n\t                        \t\t\t\t478,90 \u20ac\t                        \t\t\t\t<span class=\"price-hint\">*<\/span>\n\t                                \t<\/span>\n\t                                <\/span>\n\t\t\t\t\t\t\t\t\t\t\t\t\t\t\t\t\t<\/div>\n\t\t\t\t\t\t\t<\/a>\n\t\t\t\t\t\t<\/div>                  \n\t\t            <\/div>\n\t            <\/div>\n            \t\t\t\t\t<div class=\"item\">\n\t\t\t\t\t<div class=\"col-xs-4 col-md-3 product\" id=\"product-153291\">\n\t\t                <div>\n\t\t                    <a href=\"https:\/\/www.helmexpress.com\/nexx-x-wed3-furka-integralhelm-108324.html\" title=\"NEXX X.WED3 FURKA gr\u00fcn-gelb XL\" class=\"product-link\">\n\t\t                        <span class=\"product-image\">\n\t\t                            <img src=\"https:\/\/cdn1.helmexpress.com\/media\/catalog\/product\/n\/e\/nexx-x-wed3-furka-gruen-gelb-xl-108324grxl.jpg\" title=\"NEXX X.WED3 FURKA gr\u00fcn-gelb XL\" width=\"165\" height=\"220\"\/>\n\t\t\t\t\t\t\t\t<\/span>\n\t\t                        <div class=\"product-name\"><span>NEXX X.WED3 FURKA gr\u00fcn-gelb XL<\/span><\/div>\n\t\t                        \t\t                        \t                        \t<div class=\"price-box clearfix\">\n\t\t                        \t\t\t\t\t\t\t\t\t<p class=\"old-price\">\n\t\t\t\t\t\t\t\t\t\t<span class=\"price-label\">statt<\/span>\n\t\t\t\t\t\t\t\t\t\t<span class=\"price\" id=\"old-price-153291\">\n\t\t\t\t\t\t\t\t\t\t\t769,99 \u20ac\t\t\t\t\t\t\t\t\t\t<\/span>\n\t\t\t\t\t\t\t\t\t<\/p>\n\t\t                        \t<p class=\"special-price\">\n\t\t                \t\t\t\t<span class=\"price-label\">nur<\/span>\n\t\t                \t\t\t\t<span class=\"price\" id=\"product-price-153291\">\n\t\t                \t\t\t\t\t654,49 \u20ac\t\t                \t\t\t\t\t<span class=\"price-hint\">*<\/span>\n\t\t                \t\t\t\t<\/span>\n\t\t\t\t\t\t\t\t\t<\/p>\n\t\t\t\t\t\t\t\t\t\t\t\t\t\t\t\t\t<\/div>\n\t\t\t\t\t\t\t<\/a>\n\t\t\t\t\t\t<\/div>                  \n\t\t            <\/div>\n\t            <\/div>\n            \t\t\t\t\t<div class=\"item\">\n\t\t\t\t\t<div class=\"col-xs-4 col-md-3 product\" id=\"product-152870\">\n\t\t                <div>\n\t\t                    <a href=\"https:\/\/www.helmexpress.com\/nexx-y-100-core-integralhelm-108332.html\" title=\"NEXX Y.100 CORE weiss XXL\" class=\"product-link\">\n\t\t                        <span class=\"product-image\">\n\t\t                            <img src=\"https:\/\/cdn1.helmexpress.com\/media\/catalog\/product\/n\/e\/nexx-y-100-core-weiss-xxl-108332whxxl.jpg\" title=\"NEXX Y.100 CORE weiss XXL\" width=\"165\" height=\"220\"\/>\n\t\t\t\t\t\t\t\t<\/span>\n\t\t                        <div class=\"product-name\"><span>NEXX Y.100 CORE weiss XXL<\/span><\/div>\n\t\t                        \t\t                        \t                        \t<div class=\"price-box clearfix\">\n\t\t                        \t\t\t\t\t\t\t\t\t<p class=\"old-price\">\n\t\t\t\t\t\t\t\t\t\t<span class=\"price-label\">statt<\/span>\n\t\t\t\t\t\t\t\t\t\t<span class=\"price\" id=\"old-price-152870\">\n\t\t\t\t\t\t\t\t\t\t\t179,99 \u20ac\t\t\t\t\t\t\t\t\t\t<\/span>\n\t\t\t\t\t\t\t\t\t<\/p>\n\t\t                        \t<p class=\"special-price\">\n\t\t                \t\t\t\t<span class=\"price-label\">nur<\/span>\n\t\t                \t\t\t\t<span class=\"price\" id=\"product-price-152870\">\n\t\t                \t\t\t\t\t152,99 \u20ac\t\t                \t\t\t\t\t<span class=\"price-hint\">*<\/span>\n\t\t                \t\t\t\t<\/span>\n\t\t\t\t\t\t\t\t\t<\/p>\n\t\t\t\t\t\t\t\t\t\t\t\t\t\t\t\t\t<\/div>\n\t\t\t\t\t\t\t<\/a>\n\t\t\t\t\t\t<\/div>                  \n\t\t            <\/div>\n\t            <\/div>\n            \t\t\t\t\t<div class=\"item\">\n\t\t\t\t\t<div class=\"col-xs-4 col-md-3 product\" id=\"product-146629\">\n\t\t                <div>\n\t\t                    <a href=\"https:\/\/www.helmexpress.com\/caberg-drift-evo-ii-carbon-nova-integralhelm-106223.html\" title=\"CABERG DRIFT EVO II CARBON NOVA rot XS\" class=\"product-link\">\n\t\t                        <span class=\"product-image\">\n\t\t                            <img src=\"https:\/\/cdn1.helmexpress.com\/media\/catalog\/product\/c\/a\/caberg-drift-evo-ii-carbon-nova-rot-xs-106223roxs.jpg\" title=\"CABERG DRIFT EVO II CARBON NOVA rot XS\" width=\"165\" height=\"220\"\/>\n\t\t\t\t\t\t\t\t<\/span>\n\t\t                        <div class=\"product-name\"><span>CABERG DRIFT EVO II CARBON NOVA rot XS<\/span><\/div>\n\t\t                        \t\t                        \t                        \t<div class=\"price-box clearfix\">\n\t\t                        \t\t\t\t\t\t\t\t\t<p class=\"old-price\">\n\t\t\t\t\t\t\t\t\t\t<span class=\"price-label\">statt<\/span>\n\t\t\t\t\t\t\t\t\t\t<span class=\"price\" id=\"old-price-146629\">\n\t\t\t\t\t\t\t\t\t\t\t439,99 \u20ac\t\t\t\t\t\t\t\t\t\t<\/span>\n\t\t\t\t\t\t\t\t\t<\/p>\n\t\t                        \t<p class=\"special-price\">\n\t\t                \t\t\t\t<span class=\"price-label\">nur<\/span>\n\t\t                \t\t\t\t<span class=\"price\" id=\"product-price-146629\">\n\t\t                \t\t\t\t\t389,99 \u20ac\t\t                \t\t\t\t\t<span class=\"price-hint\">*<\/span>\n\t\t                \t\t\t\t<\/span>\n\t\t\t\t\t\t\t\t\t<\/p>\n\t\t\t\t\t\t\t\t\t\t\t\t\t\t\t\t\t<\/div>\n\t\t\t\t\t\t\t<\/a>\n\t\t\t\t\t\t<\/div>                  \n\t\t            <\/div>\n\t            <\/div>\n            \t\t\t\t\t<div class=\"item\">\n\t\t\t\t\t<div class=\"col-xs-4 col-md-3 product\" id=\"product-158953\">\n\t\t                <div>\n\t\t                    <a href=\"https:\/\/www.helmexpress.com\/axor-brutale-integralhelm-188005.html\" title=\"AXOR BRUTALE Integralhelm matt schwarz XL\" class=\"product-link\">\n\t\t                        <span class=\"product-image\">\n\t\t                            <img src=\"https:\/\/cdn1.helmexpress.com\/media\/catalog\/product\/a\/x\/axor-brutale-integralhelm-matt-schwarz-xl-188005msxl.jpg\" title=\"AXOR BRUTALE Integralhelm matt schwarz XL\" width=\"165\" height=\"220\"\/>\n\t\t\t\t\t\t\t\t<\/span>\n\t\t                        <div class=\"product-name\"><span>AXOR BRUTALE Integralhelm matt schwarz XL<\/span><\/div>\n\t\t                        \t\t                        \t                        \t<div class=\"price-box clearfix\">\n\t\t                        \t\t\t\t\t\t\t\t\t<p class=\"old-price\">\n\t\t\t\t\t\t\t\t\t\t<span class=\"price-label\">statt<\/span>\n\t\t\t\t\t\t\t\t\t\t<span class=\"price\" id=\"old-price-158953\">\n\t\t\t\t\t\t\t\t\t\t\t179,90 \u20ac\t\t\t\t\t\t\t\t\t\t<\/span>\n\t\t\t\t\t\t\t\t\t<\/p>\n\t\t                        \t<p class=\"special-price\">\n\t\t                \t\t\t\t<span class=\"price-label\">nur<\/span>\n\t\t                \t\t\t\t<span class=\"price\" id=\"product-price-158953\">\n\t\t                \t\t\t\t\t170,91 \u20ac\t\t                \t\t\t\t\t<span class=\"price-hint\">*<\/span>\n\t\t                \t\t\t\t<\/span>\n\t\t\t\t\t\t\t\t\t<\/p>\n\t\t\t\t\t\t\t\t\t\t\t\t\t\t\t\t\t<\/div>\n\t\t\t\t\t\t\t<\/a>\n\t\t\t\t\t\t<\/div>                  \n\t\t            <\/div>\n\t            <\/div>\n            \t            \t<div class=\"item\">\n\t            \t<div class=\"col-xs-4 col-md-3 product more\">\n\t\t                <div>\n\t            \t\t\t<a href=\"https:\/\/www.helmexpress.com\/integralhelme\" class=\"product-link\" target=\"_blank\">\n\t            \t\t\t\tSichere Integralhelme bei Helmexpress.com\t            \t\t\t<\/a>\n\t            \t\t<\/div>\n\t            \t<\/div>\n\t            <\/div>\n            \t\t\t            \t\t<\/div>\n\t\t        \t\t<\/div>\n\t\t        \t\t\t\t        \t\t<a data-slide=\"prev\" href=\"javascript:void(0)\" class=\"left carousel-control hidden\"><i class=\"fa fa-caret-left\"><\/i><\/a>\n\t\t      \t\t\t<a data-slide=\"next\" href=\"javascript:void(0)\" class=\"right carousel-control\"><i class=\"fa fa-caret-right\"><\/i><\/a>\n\t\t      \t\t\t\t\t\t\t\t<\/div>\n\t\t\t\t<\/div>\n\t\t\t<\/div>\n            \n<h3>Immer mit Schutzkleidung unterwegs sein<\/h3>\n<p>Ebenso wie der Helm ist auch die Schutzkleidung Pflicht &#8211; auch wenn es bei schwei\u00dftreibenden Temperaturen schwer fallen mag. Kurze Hosen, T-Shirts und FlipFlops haben auf dem Motorrad nichts zu suchen und gef\u00e4hrden nur unn\u00f6tig die Sicherheit.<\/p>\n<p><a href=\"https:\/\/www.helmexpress.com\/\"> <img loading=\"lazy\" class=\"alignnone wp-image-1587 size-large img-responsive\" title=\"10 Prozent Rabatt sichern\" src=\"https:\/\/www.helmexpress.com\/magazin\/wp-content\/uploads\/2020\/12\/Neuling-1024x161.jpg\" alt=\"10 Prozent Rabatt\" width=\"1024\" height=\"161\" srcset=\"https:\/\/www.helmexpress.com\/magazin\/wp-content\/uploads\/2020\/12\/Neuling-1024x161.jpg 1024w, https:\/\/www.helmexpress.com\/magazin\/wp-content\/uploads\/2020\/12\/Neuling-300x47.jpg 300w, https:\/\/www.helmexpress.com\/magazin\/wp-content\/uploads\/2020\/12\/Neuling-768x121.jpg 768w, https:\/\/www.helmexpress.com\/magazin\/wp-content\/uploads\/2020\/12\/Neuling.jpg 1368w\" sizes=\"(max-width: 1024px) 100vw, 1024px\" \/><\/a><\/p>\n<h3>Die Mittagssonne meiden<\/h3>\n<p>Die fr\u00fchen Morgenstunden oder die sp\u00e4ten Abendstunden bieten sich f\u00fcr eine Motorradausfahrt im Sommer am besten an. Damit kann die Mittagshitze vermieden werden, in denen die Sonne am st\u00e4rksten auf die Stra\u00dfe brennt.<\/p>\n<h3>Viel trinken<\/h3>\n<p>Um den Fl\u00fcssigkeitshaushalt aufzuf\u00fcllen, sind regelm\u00e4\u00dfige Trinkpausen wichtig. Experten empfehlen, einmal st\u00fcndlich vom Bike zu steigen und Wasser zu trinken. Nicht genug zu trinken, schadet deinem K\u00f6rper und st\u00f6rt die Konzentrationsf\u00e4higkeit.<\/p>\n<h3>Halstuch anfeuchten<\/h3>\n<p>Ein besonders angenehmer Tipp: Ein feuchtes <a href=\"https:\/\/www.helmexpress.com\/motorrad-halstuecher\" target=\"_blank\" rel=\"noopener noreferrer\">Motorrad-Halstuch<\/a> k\u00fchlt Hals, Nacken und sorgt damit auch f\u00fcr einen k\u00fchlen Kopf. \u00dcber den Mund gezogen, k\u00fchlt es zudem die Luft vor dem Einatmen. Am besten regelm\u00e4\u00dfig nass machen, damit das Frische-Gef\u00fchl erhalten bleibt. Besonders praktisch ist auch eine <a href=\"https:\/\/www.helmexpress.com\/macna-cooling-vest-dry-evo-kuhlweste\" target=\"_blank\" rel=\"noopener noreferrer\">K\u00fchlweste<\/a>, bei der die K\u00f6rpertemperatur das Wasser in der K\u00fchlweste verdampfen l\u00e4sst und die Temperatur um bis zu 15 Grad verringern kann.<\/p>\n<h3>Funktionsunterw\u00e4sche tragen<\/h3>\n<p>Atmungsaktiv, schnell trocknend und feuchtigkeitstransportierend &#8211; das ist <a href=\"https:\/\/www.helmexpress.com\/motorrad-unterwaesche\" target=\"_blank\" rel=\"noopener noreferrer\">Motorrad Unterw\u00e4sche<\/a>\u00a0und damit im Sommer ideal geeignet, um sie unter der <a href=\"https:\/\/www.helmexpress.com\/motorrad-kombi\">Motorrad-Kombi<\/a> zu tragen. Ein besonderer Tipp f\u00fcr richtig hei\u00dfe Tage: Die Unterw\u00e4sche vor der Fahrt im K\u00fchlschrank abk\u00fchlen lassen!<\/p>\n<h3>Sommer-Kombi tragen<\/h3>\n<p>Ob Leder oder Textil &#8211; daran scheiden sich die Geister. <a href=\"https:\/\/www.helmexpress.com\/motorrad-lederkombi\" target=\"_blank\" rel=\"noopener noreferrer\">Leder-Motorradkombis<\/a> sind abriebfester und sicherer, Textil f\u00fcr manchen Biker komfortabler. In beiden F\u00e4llen bieten sich helle Kombis wegen der besseren Sonnenreflektion eher an als dunkle. Ideal sind Sommerjacken, wie beispielsweise <a href=\"https:\/\/www.helmexpress.com\/catalogsearch\/result\/?q=macna+furio\" target=\"_blank\" rel=\"noopener noreferrer\">Macna Furio<\/a>, <a href=\"https:\/\/www.helmexpress.com\/catalogsearch\/result\/?q=macna+sunrise\" target=\"_blank\" rel=\"noopener noreferrer\">Macna Sunrise<\/a> oder <a href=\"https:\/\/www.helmexpress.com\/catalogsearch\/result\/?q=macna+rush\" target=\"_blank\" rel=\"noopener noreferrer\">Macna Rush<\/a>.<\/p>\n\t\t\t<link rel=\"stylesheet\" type=\"text\/css\" href=\"https:\/\/www.helmexpress.com\/magazin\/wp-content\/plugins\/helmexpress-products\/style.css\"\/>\n\t\t\t<div class=\"products-grid container\">\n\t\t\t  <div class=\"row\">\n\t\t\t    <div class=\"col-md-12\">\n\t\t\t      <div class=\"carousel slide hxCarousel\" id=\"hxCarousel-5df263131cd0a9bf1a81cebf2e5152c6\">\n\t\t\t      \t<div class=\"carousel-inner\">\n\t\t\t\t\t\t\t<div class=\"item active\">\n\t\t\t\t\t<div class=\"col-xs-4 col-md-3 product\" id=\"product-65121\">\n\t\t                <div>\n\t\t                    <a href=\"https:\/\/www.helmexpress.com\/picture-ship-beanie-889002.html\" title=\"PICTURE SHIP Beanie olive dusty\" class=\"product-link\">\n\t\t                        <span class=\"product-image\">\n\t\t                            <img src=\"https:\/\/cdn1.helmexpress.com\/media\/catalog\/product\/p\/i\/picture-ship-beanie-olive-dusty-889002ol_2.jpg\" title=\"PICTURE SHIP Beanie olive dusty\" width=\"165\" height=\"220\"\/>\n\t\t\t\t\t\t\t\t<\/span>\n\t\t                        <div class=\"product-name\"><span>PICTURE SHIP Beanie olive dusty<\/span><\/div>\n\t\t                        \t\t                        \t                        \t<div class=\"price-box clearfix\">\n\t\t                        \t\t\t\t\t\t\t\t\t<span class=\"regular-price\" id=\"product-price-65121\">\n\t                        \t\t\t<span class=\"price\">\n\t                        \t\t\t\t34,90 \u20ac\t                        \t\t\t\t<span class=\"price-hint\">*<\/span>\n\t                                \t<\/span>\n\t                                <\/span>\n\t\t\t\t\t\t\t\t\t\t\t\t\t\t\t\t\t<\/div>\n\t\t\t\t\t\t\t<\/a>\n\t\t\t\t\t\t<\/div>                  \n\t\t            <\/div>\n\t            <\/div>\n            \t\t\t\t\t<div class=\"item\">\n\t\t\t\t\t<div class=\"col-xs-4 col-md-3 product\" id=\"product-100722\">\n\t\t                <div>\n\t\t                    <a href=\"https:\/\/www.helmexpress.com\/picture-basement-cam-t-shirt-289003.html\" title=\"PICTURE BASEMENT CAM T-Shirt beige mastic XL\" class=\"product-link\">\n\t\t                        <span class=\"product-image\">\n\t\t                            <img src=\"https:\/\/cdn1.helmexpress.com\/media\/catalog\/product\/p\/i\/picture-basement-cam-t-shirt-beige-mastic-xl-289003bexl_2.jpg\" title=\"PICTURE BASEMENT CAM T-Shirt beige mastic XL\" width=\"165\" height=\"220\"\/>\n\t\t\t\t\t\t\t\t<\/span>\n\t\t                        <div class=\"product-name\"><span>PICTURE BASEMENT CAM T-Shirt beige mastic XL<\/span><\/div>\n\t\t                        \t\t                        \t                        \t<div class=\"price-box clearfix\">\n\t\t                        \t\t\t\t\t\t\t\t\t<span class=\"regular-price\" id=\"product-price-100722\">\n\t                        \t\t\t<span class=\"price\">\n\t                        \t\t\t\t32,90 \u20ac\t                        \t\t\t\t<span class=\"price-hint\">*<\/span>\n\t                                \t<\/span>\n\t                                <\/span>\n\t\t\t\t\t\t\t\t\t\t\t\t\t\t\t\t\t<\/div>\n\t\t\t\t\t\t\t<\/a>\n\t\t\t\t\t\t<\/div>                  \n\t\t            <\/div>\n\t            <\/div>\n            \t\t\t\t\t<div class=\"item\">\n\t\t\t\t\t<div class=\"col-xs-4 col-md-3 product\" id=\"product-172376\">\n\t\t                <div>\n\t\t                    <a href=\"https:\/\/www.helmexpress.com\/fox-fox-union-canvas-mid-schuhe-700043843.html\" title=\"FOX FOX Union Canvas Mid Schuhe adobe  45.5\" class=\"product-link\">\n\t\t                        <span class=\"product-image\">\n\t\t                            <img src=\"https:\/\/cdn1.helmexpress.com\/media\/catalog\/product\/F\/O\/FOX_36890198571021026_18.png\" title=\"FOX FOX Union Canvas Mid Schuhe adobe  45.5\" width=\"165\" height=\"220\"\/>\n\t\t\t\t\t\t\t\t<\/span>\n\t\t                        <div class=\"product-name\"><span>FOX FOX Union Canvas Mid Schuhe adobe  45.5<\/span><\/div>\n\t\t                        \t\t                        <div class=\"new\">\n\t\t                        \t<div class=\"new-inner\">Neu<\/div>\n\t\t                        <\/div>\n\t\t                        \t\t                        \t                        \t<div class=\"price-box clearfix\">\n\t\t                        \t\t\t\t\t\t\t\t\t<p class=\"old-price\">\n\t\t\t\t\t\t\t\t\t\t<span class=\"price-label\">statt<\/span>\n\t\t\t\t\t\t\t\t\t\t<span class=\"price\" id=\"old-price-172376\">\n\t\t\t\t\t\t\t\t\t\t\t144,90 \u20ac\t\t\t\t\t\t\t\t\t\t<\/span>\n\t\t\t\t\t\t\t\t\t<\/p>\n\t\t                        \t<p class=\"special-price\">\n\t\t                \t\t\t\t<span class=\"price-label\">nur<\/span>\n\t\t                \t\t\t\t<span class=\"price\" id=\"product-price-172376\">\n\t\t                \t\t\t\t\t130,41 \u20ac\t\t                \t\t\t\t\t<span class=\"price-hint\">*<\/span>\n\t\t                \t\t\t\t<\/span>\n\t\t\t\t\t\t\t\t\t<\/p>\n\t\t\t\t\t\t\t\t\t\t\t\t\t\t\t\t\t<\/div>\n\t\t\t\t\t\t\t<\/a>\n\t\t\t\t\t\t<\/div>                  \n\t\t            <\/div>\n\t            <\/div>\n            \t\t\t\t\t<div class=\"item\">\n\t\t\t\t\t<div class=\"col-xs-4 col-md-3 product\" id=\"product-149386\">\n\t\t                <div>\n\t\t                    <a href=\"https:\/\/www.helmexpress.com\/picture-lizo-kids-beanie-889007.html\" title=\"PICTURE LIZO KIDS Beanie ash rose uni\" class=\"product-link\">\n\t\t                        <span class=\"product-image\">\n\t\t                            <img src=\"https:\/\/cdn1.helmexpress.com\/media\/catalog\/product\/p\/i\/picture-lizo-kids-beanie-ash-rose-uni-889007ro_2.jpg\" title=\"PICTURE LIZO KIDS Beanie ash rose uni\" width=\"165\" height=\"220\"\/>\n\t\t\t\t\t\t\t\t<\/span>\n\t\t                        <div class=\"product-name\"><span>PICTURE LIZO KIDS Beanie ash rose uni<\/span><\/div>\n\t\t                        \t\t                        \t                        \t<div class=\"price-box clearfix\">\n\t\t                        \t\t\t\t\t\t\t\t\t<span class=\"regular-price\" id=\"product-price-149386\">\n\t                        \t\t\t<span class=\"price\">\n\t                        \t\t\t\t29,90 \u20ac\t                        \t\t\t\t<span class=\"price-hint\">*<\/span>\n\t                                \t<\/span>\n\t                                <\/span>\n\t\t\t\t\t\t\t\t\t\t\t\t\t\t\t\t\t<\/div>\n\t\t\t\t\t\t\t<\/a>\n\t\t\t\t\t\t<\/div>                  \n\t\t            <\/div>\n\t            <\/div>\n            \t\t\t\t\t<div class=\"item\">\n\t\t\t\t\t<div class=\"col-xs-4 col-md-3 product\" id=\"product-110032\">\n\t\t                <div>\n\t\t                    <a href=\"https:\/\/www.helmexpress.com\/picture-soavy-20l-rucksack-889005.html\" title=\"PICTURE SOAVY 20L Rucksack schwarz\" class=\"product-link\">\n\t\t                        <span class=\"product-image\">\n\t\t                            <img src=\"https:\/\/cdn1.helmexpress.com\/media\/catalog\/product\/p\/i\/picture-soavy-20l-rucksack-schwarz-889005sw.jpg\" title=\"PICTURE SOAVY 20L Rucksack schwarz\" width=\"165\" height=\"220\"\/>\n\t\t\t\t\t\t\t\t<\/span>\n\t\t                        <div class=\"product-name\"><span>PICTURE SOAVY 20L Rucksack schwarz<\/span><\/div>\n\t\t                        \t\t                        \t                        \t<div class=\"price-box clearfix\">\n\t\t                        \t\t\t\t\t\t\t\t\t<span class=\"regular-price\" id=\"product-price-110032\">\n\t                        \t\t\t<span class=\"price\">\n\t                        \t\t\t\t79,90 \u20ac\t                        \t\t\t\t<span class=\"price-hint\">*<\/span>\n\t                                \t<\/span>\n\t                                <\/span>\n\t\t\t\t\t\t\t\t\t\t\t\t\t\t\t\t\t<\/div>\n\t\t\t\t\t\t\t<\/a>\n\t\t\t\t\t\t<\/div>                  \n\t\t            <\/div>\n\t            <\/div>\n            \t            \t<div class=\"item\">\n\t            \t<div class=\"col-xs-4 col-md-3 product more\">\n\t\t                <div>\n\t            \t\t\t<a href=\"https:\/\/www.helmexpress.com\/motorrad-kombi-leder\" class=\"product-link\" target=\"_blank\">\n\t            \t\t\t\tMotorrad-Lederkombis bei Helmexpress.com\t            \t\t\t<\/a>\n\t            \t\t<\/div>\n\t            \t<\/div>\n\t            <\/div>\n            \t\t\t            \t\t<\/div>\n\t\t        \t\t<\/div>\n\t\t        \t\t\t\t        \t\t<a data-slide=\"prev\" href=\"javascript:void(0)\" class=\"left carousel-control hidden\"><i class=\"fa fa-caret-left\"><\/i><\/a>\n\t\t      \t\t\t<a data-slide=\"next\" href=\"javascript:void(0)\" class=\"right carousel-control\"><i class=\"fa fa-caret-right\"><\/i><\/a>\n\t\t      \t\t\t\t\t\t\t\t<\/div>\n\t\t\t\t<\/div>\n\t\t\t<\/div>\n            \n<h3>Gen\u00fcgend Pausen einlegen<\/h3>\n<p>Ausfahrten bei Hitze sollten grunds\u00e4tzlich k\u00fcrzer ausfallen als bei k\u00fchleren Temperaturen. Irgendwann ist Kraft und Konzentration einfach aufgebraucht. W\u00e4hrend der Tour sind ausreichend Pausen im Schatten wichtig. Trinken, abk\u00fchlen, Kraft sch\u00f6pfen &#8211; dann kann es wieder weiter gehen.<\/p>\n<h3>Die richtige Strecke w\u00e4hlen<\/h3>\n<p>Auch die richtige Routenplanung ist bei hochsommerlichen Temperaturen entscheidend. Statt durch die Stadt mit ihren roten Ampeln und Staus zu tuckern, empfiehlt sich beispielsweise eine Strecke durch den Wald.<\/p>\n<h3>Ans Tempolimit halten<\/h3>\n<p>Die Geschwindigkeitsbegrenzung sollte nat\u00fcrlich immer beachtet werden. Wer bei Hitze auf der speziell auf der Autobahn ist, sollte auch bei drastischen Tempolimits langsam machen. Grund f\u00fcr die Begrenzung k\u00f6nnte die Gefahr vor &#8222;Blow ups&#8220; sein, bei denen die Fahrbahndecke aufplatz und so zum gef\u00e4hrlichen Hindernis werden kann.<\/p>\n","protected":false},"excerpt":{"rendered":"<p>Das sch\u00f6ne Wetter lockt viele Motorradfahrer auf die Stra\u00dfe. Doch die hohen Temperaturen k\u00f6nnen zur Gefahr werden, wenn Biker sich nicht richtig darauf einstellen. Schutzkleidung, Trinkpausen und Halst\u00fccher &#8211; 10 Tipps, f\u00fcrs Motorradfahren bei Hitze.<\/p>\n","protected":false},"author":3,"featured_media":671,"comment_status":"closed","ping_status":"closed","sticky":false,"template":"","format":"standard","meta":[],"categories":[8],"tags":[],"_links":{"self":[{"href":"https:\/\/www.helmexpress.com\/magazin\/wp-json\/wp\/v2\/posts\/570"}],"collection":[{"href":"https:\/\/www.helmexpress.com\/magazin\/wp-json\/wp\/v2\/posts"}],"about":[{"href":"https:\/\/www.helmexpress.com\/magazin\/wp-json\/wp\/v2\/types\/post"}],"author":[{"embeddable":true,"href":"https:\/\/www.helmexpress.com\/magazin\/wp-json\/wp\/v2\/users\/3"}],"replies":[{"embeddable":true,"href":"https:\/\/www.helmexpress.com\/magazin\/wp-json\/wp\/v2\/comments?post=570"}],"version-history":[{"count":17,"href":"https:\/\/www.helmexpress.com\/magazin\/wp-json\/wp\/v2\/posts\/570\/revisions"}],"predecessor-version":[{"id":104118,"href":"https:\/\/www.helmexpress.com\/magazin\/wp-json\/wp\/v2\/posts\/570\/revisions\/104118"}],"wp:featuredmedia":[{"embeddable":true,"href":"https:\/\/www.helmexpress.com\/magazin\/wp-json\/wp\/v2\/media\/671"}],"wp:attachment":[{"href":"https:\/\/www.helmexpress.com\/magazin\/wp-json\/wp\/v2\/media?parent=570"}],"wp:term":[{"taxonomy":"category","embeddable":true,"href":"https:\/\/www.helmexpress.com\/magazin\/wp-json\/wp\/v2\/categories?post=570"},{"taxonomy":"post_tag","embeddable":true,"href":"https:\/\/www.helmexpress.com\/magazin\/wp-json\/wp\/v2\/tags?post=570"}],"curies":[{"name":"wp","href":"https:\/\/api.w.org\/{rel}","templated":true}]}}