{"id":2317,"date":"2022-06-27T15:11:47","date_gmt":"2022-06-27T13:11:47","guid":{"rendered":"https:\/\/www.helmexpress.com\/magazin\/?p=2317"},"modified":"2024-11-26T14:17:26","modified_gmt":"2024-11-26T13:17:26","slug":"wann-soll-ein-fahrradhelm-ausgetauscht-werden","status":"publish","type":"post","link":"https:\/\/www.helmexpress.com\/magazin\/wann-soll-ein-fahrradhelm-ausgetauscht-werden\/","title":{"rendered":"Wann soll ein Fahrradhelm ausgetauscht werden"},"content":{"rendered":"<p><strong>Fahrradhelm austauschen: Sie werden erstaunt sein, wie oft ein Fahrradhelm aus Sicherheitsgr\u00fcnden ersetzt werden sollte <\/strong><\/p>\n<p>Wann sollte ich meinen Fahrradhelm austauschen? Diese Frage ist nicht pauschal zu beantworten. Aus diesem Grund ziehen es viele Radfahrer vor, ihren Helm in regelm\u00e4\u00dfigen Abst\u00e4nden auszutauschen, abh\u00e4ngig von ihrem Aktivit\u00e4tsniveau und dem verwendeten Helmtypen.<\/p>\n<p>Ein guter Helm, egal ob <a href=\"https:\/\/www.helmexpress.com\/fahrradshop\/fahrradhelme-mountainbike\">Mountainbike Helme<\/a> oder <a href=\"https:\/\/www.helmexpress.com\/fahrradshop\/fahrradhelme-rennrad\">Rennradhelme<\/a> sind ein wichtiger Sicherheitsaspekt beim Radfahren. Wie jedes andere Ausr\u00fcstungsteil (<a href=\"https:\/\/www.helmexpress.com\/fahrradshop\/fahrradprotektoren\">Fahrrad Protektoren<\/a>, <a href=\"https:\/\/www.helmexpress.com\/fahrradshop\/fahrradhandschuhe\">Fahrradhandschuhe<\/a>) weisen sie mit der Zeit einen Verschlei\u00df auf. Ab wann sollte man den <a href=\"https:\/\/www.helmexpress.com\/fahrradshop\/fahrradhelme\">Fahrradhelm<\/a> austauschen? Die Experten vom <a href=\"https:\/\/www.helmexpress.com\/magazin\/\">Helmexpress Magazin<\/a> sind der Frage auf den Grund gegangen. Erfahren Sie alles Wissenswerten rund um das Thema Fahrradhelm Haltbarkeit.<\/p>\n<p>&nbsp;<\/p>\n<div id=\"attachment_2320\" style=\"width: 1034px\" class=\"wp-caption aligncenter\"><img aria-describedby=\"caption-attachment-2320\" loading=\"lazy\" class=\"wp-image-2320 size-large img-responsive\" src=\"https:\/\/www.helmexpress.com\/magazin\/wp-content\/uploads\/2022\/06\/Fahrradhelm_austauschen-1024x576.jpg\" alt=\"Wann sollte ein Fahrradhelm ausgetauscht werden\" width=\"1024\" height=\"576\" srcset=\"https:\/\/www.helmexpress.com\/magazin\/wp-content\/uploads\/2022\/06\/Fahrradhelm_austauschen-1024x576.jpg 1024w, https:\/\/www.helmexpress.com\/magazin\/wp-content\/uploads\/2022\/06\/Fahrradhelm_austauschen-300x169.jpg 300w, https:\/\/www.helmexpress.com\/magazin\/wp-content\/uploads\/2022\/06\/Fahrradhelm_austauschen-768x432.jpg 768w, https:\/\/www.helmexpress.com\/magazin\/wp-content\/uploads\/2022\/06\/Fahrradhelm_austauschen-1536x864.jpg 1536w, https:\/\/www.helmexpress.com\/magazin\/wp-content\/uploads\/2022\/06\/Fahrradhelm_austauschen.jpg 1920w\" sizes=\"(max-width: 1024px) 100vw, 1024px\" \/><p id=\"caption-attachment-2320\" class=\"wp-caption-text\">Wann sollte ein Fahrradhelm ausgetauscht werden<\/p><\/div>\n<p>&nbsp;<\/p>\n<h2>Nach wie vielen Jahren sollte man den Fahrradhelm austauschen?<\/h2>\n<p>Um die Frage zu beantworten, wann Sie Ihren Fahrradhelm austauschen sollten, gilt es einige Aspekte zu ber\u00fccksichtigen. So ist die Fahrradhelm Haltbarkeit in Abh\u00e4ngigkeit davon, wie oft dieser genutzt wird. Die Pflege des Helmes ist ebenfalls von Bedeutung. Die Nutzungsdauer eines Helms beginnt mit dem Kauf und der ersten Benutzung des Artikels. Experten empfehlen, den Helm nach Beginn der Nutzungsdauer alle 3 bis 5 Jahre auszutauschen. Dies liegt daran, dass die Helmschale durch verschiedene Faktoren, insbesondere durch UV-Strahlung, besch\u00e4digt werden kann. UV-Strahlung f\u00fchrt dazu, dass das Material des Helms mit der Zeit spr\u00f6de wird und an Schutzwirkung verliert. Daher ist es wichtig, den Helm regelm\u00e4\u00dfig zu \u00fcberpr\u00fcfen und bei sichtbaren Sch\u00e4den oder nach Ablauf der empfohlenen Nutzungsdauer zu ersetzen.<\/p>\n<p>Fahrradhelme sind nicht f\u00fcr die Ewigkeit ausgelegt und sch\u00fctzen Radfahrer auch nicht mehr ausreichend, wenn erste Abnutzungserscheinungen sichtbar werden. Auch wenn ein Helm noch nie in einen Unfall verwickelt war, kann er nach mehrj\u00e4hriger Nutzung keinen ausreichenden Schutz mehr bieten.<\/p>\n<p>Es ist wichtig, einen Fahrradhelm sofort auszutauschen, wenn er in einen Unfall verwickelt war. F\u00fcr die Sicherheit ist dies von enormer Bedeutung, selbst wenn der Schaden nicht gravierend erscheint. Ein besch\u00e4digter oder kompromittierter Helm sch\u00fctzt den Kopf des Radfahrers bei einem weiteren Sturz m\u00f6glicherweise nicht ausreichend.<\/p>\n\t\t\t<link rel=\"stylesheet\" type=\"text\/css\" href=\"https:\/\/www.helmexpress.com\/magazin\/wp-content\/plugins\/helmexpress-products\/style.css\"\/>\n\t\t\t<div class=\"products-grid container\">\n\t\t\t  <div class=\"row\">\n\t\t\t    <div class=\"col-md-12\">\n\t\t\t      <div class=\"carousel slide hxCarousel\" id=\"hxCarousel-fa1e7a68def5233d2706810361708f29\">\n\t\t\t      \t<div class=\"carousel-inner\">\n\t\t\t\t\t\t\t<div class=\"item active\">\n\t\t\t\t\t<div class=\"col-xs-4 col-md-3 product\" id=\"product-115854\">\n\t\t                <div>\n\t\t                    <a href=\"https:\/\/www.helmexpress.com\/fahrradshop\/fox-proframe-blocked-downhillhelm-136102.html\" title=\"FOX PROFRAME BLOCKED Downhillhelm gr\u00fcn XL\" class=\"product-link\">\n\t\t                        <span class=\"product-image\">\n\t\t                            <img src=\"https:\/\/cdn1.helmexpress.com\/media\/catalog\/product\/f\/o\/fox-proframe-blocked-downhillhelm-gruen-xl-136102grxl_1.jpg\" title=\"FOX PROFRAME BLOCKED Downhillhelm gr\u00fcn XL\" width=\"165\" height=\"220\"\/>\n\t\t\t\t\t\t\t\t<\/span>\n\t\t                        <div class=\"product-name\"><span>FOX PROFRAME BLOCKED Downhillhelm gr\u00fcn XL<\/span><\/div>\n\t\t                        \t\t                        \t                        \t<div class=\"price-box clearfix\">\n\t\t                        \t\t\t\t\t\t\t\t\t<p class=\"old-price\">\n\t\t\t\t\t\t\t\t\t\t<span class=\"price-label\">statt<\/span>\n\t\t\t\t\t\t\t\t\t\t<span class=\"price\" id=\"old-price-115854\">\n\t\t\t\t\t\t\t\t\t\t\t259,90 \u20ac\t\t\t\t\t\t\t\t\t\t<\/span>\n\t\t\t\t\t\t\t\t\t<\/p>\n\t\t                        \t<p class=\"special-price\">\n\t\t                \t\t\t\t<span class=\"price-label\">nur<\/span>\n\t\t                \t\t\t\t<span class=\"price\" id=\"product-price-115854\">\n\t\t                \t\t\t\t\t219,90 \u20ac\t\t                \t\t\t\t\t<span class=\"price-hint\">*<\/span>\n\t\t                \t\t\t\t<\/span>\n\t\t\t\t\t\t\t\t\t<\/p>\n\t\t\t\t\t\t\t\t\t\t\t\t\t\t\t\t\t<\/div>\n\t\t\t\t\t\t\t<\/a>\n\t\t\t\t\t\t<\/div>                  \n\t\t            <\/div>\n\t            <\/div>\n            \t\t\t\t\t<div class=\"item\">\n\t\t\t\t\t<div class=\"col-xs-4 col-md-3 product\" id=\"product-174059\">\n\t\t                <div>\n\t\t                    <a href=\"https:\/\/www.helmexpress.com\/fahrradshop\/oneal-sonus-split-downhillhelm-700045399.html\" title=\"Oneal SONUS SPLIT Downhillhelm matt grau-rot L\" class=\"product-link\">\n\t\t                        <span class=\"product-image\">\n\t\t                            <img src=\"https:\/\/cdn1.helmexpress.com\/media\/catalog\/product\/O\/N\/ONEAL_048124046068660837_6.png\" title=\"Oneal SONUS SPLIT Downhillhelm matt grau-rot L\" width=\"165\" height=\"220\"\/>\n\t\t\t\t\t\t\t\t<\/span>\n\t\t                        <div class=\"product-name\"><span>Oneal SONUS SPLIT Downhillhelm matt grau-rot L<\/span><\/div>\n\t\t                        \t\t                        <div class=\"new\">\n\t\t                        \t<div class=\"new-inner\">Neu<\/div>\n\t\t                        <\/div>\n\t\t                        \t\t                        \t                        \t<div class=\"price-box clearfix\">\n\t\t                        \t\t\t\t\t\t\t\t\t<p class=\"old-price\">\n\t\t\t\t\t\t\t\t\t\t<span class=\"price-label\">statt<\/span>\n\t\t\t\t\t\t\t\t\t\t<span class=\"price\" id=\"old-price-174059\">\n\t\t\t\t\t\t\t\t\t\t\t109,99 \u20ac\t\t\t\t\t\t\t\t\t\t<\/span>\n\t\t\t\t\t\t\t\t\t<\/p>\n\t\t                        \t<p class=\"special-price\">\n\t\t                \t\t\t\t<span class=\"price-label\">nur<\/span>\n\t\t                \t\t\t\t<span class=\"price\" id=\"product-price-174059\">\n\t\t                \t\t\t\t\t98,99 \u20ac\t\t                \t\t\t\t\t<span class=\"price-hint\">*<\/span>\n\t\t                \t\t\t\t<\/span>\n\t\t\t\t\t\t\t\t\t<\/p>\n\t\t\t\t\t\t\t\t\t\t\t\t\t\t\t\t\t<\/div>\n\t\t\t\t\t\t\t<\/a>\n\t\t\t\t\t\t<\/div>                  \n\t\t            <\/div>\n\t            <\/div>\n            \t\t\t\t\t<div class=\"item\">\n\t\t\t\t\t<div class=\"col-xs-4 col-md-3 product\" id=\"product-115857\">\n\t\t                <div>\n\t\t                    <a href=\"https:\/\/www.helmexpress.com\/fahrradshop\/fox-proframe-blocked-downhillhelm-136102.html\" title=\"FOX PROFRAME BLOCKED Downhillhelm gr\u00fcn L\" class=\"product-link\">\n\t\t                        <span class=\"product-image\">\n\t\t                            <img src=\"https:\/\/cdn1.helmexpress.com\/media\/catalog\/product\/f\/o\/fox-proframe-blocked-downhillhelm-gruen-l-136102grl_1.jpg\" title=\"FOX PROFRAME BLOCKED Downhillhelm gr\u00fcn L\" width=\"165\" height=\"220\"\/>\n\t\t\t\t\t\t\t\t<\/span>\n\t\t                        <div class=\"product-name\"><span>FOX PROFRAME BLOCKED Downhillhelm gr\u00fcn L<\/span><\/div>\n\t\t                        \t\t                        \t                        \t<div class=\"price-box clearfix\">\n\t\t                        \t\t\t\t\t\t\t\t\t<p class=\"old-price\">\n\t\t\t\t\t\t\t\t\t\t<span class=\"price-label\">statt<\/span>\n\t\t\t\t\t\t\t\t\t\t<span class=\"price\" id=\"old-price-115857\">\n\t\t\t\t\t\t\t\t\t\t\t259,90 \u20ac\t\t\t\t\t\t\t\t\t\t<\/span>\n\t\t\t\t\t\t\t\t\t<\/p>\n\t\t                        \t<p class=\"special-price\">\n\t\t                \t\t\t\t<span class=\"price-label\">nur<\/span>\n\t\t                \t\t\t\t<span class=\"price\" id=\"product-price-115857\">\n\t\t                \t\t\t\t\t219,90 \u20ac\t\t                \t\t\t\t\t<span class=\"price-hint\">*<\/span>\n\t\t                \t\t\t\t<\/span>\n\t\t\t\t\t\t\t\t\t<\/p>\n\t\t\t\t\t\t\t\t\t\t\t\t\t\t\t\t\t<\/div>\n\t\t\t\t\t\t\t<\/a>\n\t\t\t\t\t\t<\/div>                  \n\t\t            <\/div>\n\t            <\/div>\n            \t\t\t\t\t<div class=\"item\">\n\t\t\t\t\t<div class=\"col-xs-4 col-md-3 product\" id=\"product-91498\">\n\t\t                <div>\n\t\t                    <a href=\"https:\/\/www.helmexpress.com\/fahrradshop\/uvex-unbound-mountainbikehelm-157102.html\" title=\"UVEX UNBOUND Mountainbikehelm schwarz 58-62cm\" class=\"product-link\">\n\t\t                        <span class=\"product-image\">\n\t\t                            <img src=\"https:\/\/cdn1.helmexpress.com\/media\/catalog\/product\/u\/v\/uvex-unbound-mountainbikehelm-schwarz-58-62cm-157102szl_4.jpg\" title=\"UVEX UNBOUND Mountainbikehelm schwarz 58-62cm\" width=\"165\" height=\"220\"\/>\n\t\t\t\t\t\t\t\t<\/span>\n\t\t                        <div class=\"product-name\"><span>UVEX UNBOUND Mountainbikehelm schwarz 58-62cm<\/span><\/div>\n\t\t                        \t\t                        \t                        \t<div class=\"price-box clearfix\">\n\t\t                        \t\t\t\t\t\t\t\t\t<p class=\"old-price\">\n\t\t\t\t\t\t\t\t\t\t<span class=\"price-label\">statt<\/span>\n\t\t\t\t\t\t\t\t\t\t<span class=\"price\" id=\"old-price-91498\">\n\t\t\t\t\t\t\t\t\t\t\t109,90 \u20ac\t\t\t\t\t\t\t\t\t\t<\/span>\n\t\t\t\t\t\t\t\t\t<\/p>\n\t\t                        \t<p class=\"special-price\">\n\t\t                \t\t\t\t<span class=\"price-label\">nur<\/span>\n\t\t                \t\t\t\t<span class=\"price\" id=\"product-price-91498\">\n\t\t                \t\t\t\t\t87,92 \u20ac\t\t                \t\t\t\t\t<span class=\"price-hint\">*<\/span>\n\t\t                \t\t\t\t<\/span>\n\t\t\t\t\t\t\t\t\t<\/p>\n\t\t\t\t\t\t\t\t\t\t\t\t\t\t\t\t\t<\/div>\n\t\t\t\t\t\t\t<\/a>\n\t\t\t\t\t\t<\/div>                  \n\t\t            <\/div>\n\t            <\/div>\n            \t\t\t\t\t<div class=\"item\">\n\t\t\t\t\t<div class=\"col-xs-4 col-md-3 product\" id=\"product-157751\">\n\t\t                <div>\n\t\t                    <a href=\"https:\/\/www.helmexpress.com\/fahrradshop\/sweet-protection-strayer-2vi-mips-downhillhelm-164048.html\" title=\"SWEET PROTECTION STRAYER 2Vi MIPS Downhillhelm matt weiss S-M\" class=\"product-link\">\n\t\t                        <span class=\"product-image\">\n\t\t                            <img src=\"https:\/\/cdn1.helmexpress.com\/media\/catalog\/product\/s\/w\/sweet-protection-strayer-2vi-mips-downhillhelm-matt-weiss-s-m-164048whs.jpg\" title=\"SWEET PROTECTION STRAYER 2Vi MIPS Downhillhelm matt weiss S-M\" width=\"165\" height=\"220\"\/>\n\t\t\t\t\t\t\t\t<\/span>\n\t\t                        <div class=\"product-name\"><span>SWEET PROTECTION STRAYER 2Vi MIPS Downhillhelm matt weiss S-M<\/span><\/div>\n\t\t                        \t\t                        \t                        \t<div class=\"price-box clearfix\">\n\t\t                        \t\t\t\t\t\t\t\t\t<p class=\"old-price\">\n\t\t\t\t\t\t\t\t\t\t<span class=\"price-label\">statt<\/span>\n\t\t\t\t\t\t\t\t\t\t<span class=\"price\" id=\"old-price-157751\">\n\t\t\t\t\t\t\t\t\t\t\t348,90 \u20ac\t\t\t\t\t\t\t\t\t\t<\/span>\n\t\t\t\t\t\t\t\t\t<\/p>\n\t\t                        \t<p class=\"special-price\">\n\t\t                \t\t\t\t<span class=\"price-label\">nur<\/span>\n\t\t                \t\t\t\t<span class=\"price\" id=\"product-price-157751\">\n\t\t                \t\t\t\t\t279,12 \u20ac\t\t                \t\t\t\t\t<span class=\"price-hint\">*<\/span>\n\t\t                \t\t\t\t<\/span>\n\t\t\t\t\t\t\t\t\t<\/p>\n\t\t\t\t\t\t\t\t\t\t\t\t\t\t\t\t\t<\/div>\n\t\t\t\t\t\t\t<\/a>\n\t\t\t\t\t\t<\/div>                  \n\t\t            <\/div>\n\t            <\/div>\n            \t\t\t            \t\t<\/div>\n\t\t        \t\t<\/div>\n\t\t        \t\t\t\t        \t\t<a data-slide=\"prev\" href=\"javascript:void(0)\" class=\"left carousel-control hidden\"><i class=\"fa fa-caret-left\"><\/i><\/a>\n\t\t      \t\t\t<a data-slide=\"next\" href=\"javascript:void(0)\" class=\"right carousel-control\"><i class=\"fa fa-caret-right\"><\/i><\/a>\n\t\t      \t\t\t\t\t\t\t\t<\/div>\n\t\t\t\t<\/div>\n\t\t\t<\/div>\n            \n<h2>Fahrradhelm austauschen: Warum sind regelm\u00e4\u00dfige Intervalle wichtig?<\/h2>\n<p>Fahrradhelme sollen Ihren Kopf im Falle eines Sturzes sch\u00fctzen. Selbst das hochwertigste Material ist jedoch nicht unzerst\u00f6rbar und nutzt sich mit der Zeit ab.<\/p>\n<p>Ein abgenutzter Fahrradhelm bietet m\u00f6glicherweise keinen ausreichenden Schutz im Falle eines Sturzes. Der Schaum im Inneren des Helms kann komprimiert werden. Dieser Umstand vermindert dessen F\u00e4higkeit, St\u00f6\u00dfe zu absorbieren. Die Riemen nutzen sich ebenfalls nach und nach ab. Hierdurch k\u00f6nnte es geschehen, dass sich der Helm bei einem Sturz l\u00f6st.<\/p>\n<p>Es ist wichtig, dass Sie Ihren Fahrradhelm regelm\u00e4\u00dfig ersetzen. Nur so kann sichergestellt werden, dass Sie im Falle eines Sturzes den bestm\u00f6glichen Schutz erhalten. Die Faustregel, den Fahrradhelm alle 3-5 Jahre auszutauschen, sollte nur als Richtwert angesehen werden. Sofern der Helm Besch\u00e4digungen wie Risse oder \u00c4hnliches aufweist, so bedarf es selbstverst\u00e4ndlich einen fr\u00fcheren Austausch.<\/p>\n<div id=\"attachment_2324\" style=\"width: 1034px\" class=\"wp-caption aligncenter\"><img aria-describedby=\"caption-attachment-2324\" loading=\"lazy\" class=\"wp-image-2324 size-large img-responsive\" src=\"https:\/\/www.helmexpress.com\/magazin\/wp-content\/uploads\/2022\/06\/fahrradhelm_austauschen_2-1024x683.jpg\" alt=\"Bei jedem Sturz sollte der Helm kontrolliert werden\" width=\"1024\" height=\"683\" srcset=\"https:\/\/www.helmexpress.com\/magazin\/wp-content\/uploads\/2022\/06\/fahrradhelm_austauschen_2-1024x683.jpg 1024w, https:\/\/www.helmexpress.com\/magazin\/wp-content\/uploads\/2022\/06\/fahrradhelm_austauschen_2-300x200.jpg 300w, https:\/\/www.helmexpress.com\/magazin\/wp-content\/uploads\/2022\/06\/fahrradhelm_austauschen_2-768x512.jpg 768w, https:\/\/www.helmexpress.com\/magazin\/wp-content\/uploads\/2022\/06\/fahrradhelm_austauschen_2-1536x1024.jpg 1536w, https:\/\/www.helmexpress.com\/magazin\/wp-content\/uploads\/2022\/06\/fahrradhelm_austauschen_2-2048x1365.jpg 2048w\" sizes=\"(max-width: 1024px) 100vw, 1024px\" \/><p id=\"caption-attachment-2324\" class=\"wp-caption-text\">Bei jedem Sturz sollte der Helm kontrolliert werden<\/p><\/div>\n<p>&nbsp;<\/p>\n<h2>Fahrradhelm nach einem Unfall wechseln<\/h2>\n<p>Es gibt keine feste Regel, wann Sie Ihren Fahrradhelm nach einem Sturz wechseln sollten oder nicht. Es gilt jedoch ein paar Aspekte zu beachten. Wenn der Helm sichtbare Sch\u00e4den aufweist, muss er ersetzt werden. Einige Radfahrer entscheiden sich auch daf\u00fcr, ihren Helm vorsorglich nach jedem schweren Sturz auszutauschen, selbst wenn keine sichtbaren Sch\u00e4den vorhanden sind.<\/p>\n<p>Man sollte sich stets vor Augen f\u00fchren, dass ein Fahrradhelm nur dann effektiv ist, wenn er in gutem Zustand ist. Wenn der Schaum im Inneren des Helms komprimiert wurde, bietet der Helm im Falle eines weiteren Sturzes nicht mehr denselben Schutz. Das Ersetzen eines Fahrradhelms nach einem Unfall ist uneingeschr\u00e4nkt zu empfehlen. Nur so kann sichergestellt werden, dass Ihr Kopf bei zuk\u00fcnftigen Fahrten gesch\u00fctzt ist.<\/p>\n<h2>Die Lebensdauer des Helms steigern &#8211; So erh\u00f6hen Sie die Fahrradhelm Haltbarkeit<\/h2>\n<p>Es ist kein Geheimnis, dass Fahrradhelme f\u00fcr Radfahrer jeden Alters wichtig sind. Ein guter Helm kann Ihren Kopf im Falle eines Sturzes sch\u00fctzen und dazu beitragen, die Schwere der erlittenen Verletzungen zu verringern. Wussten Sie, dass mit der richtigen Pflege die Fahrradhelm Haltbarkeit erh\u00f6ht werden kann?<\/p>\n<p>So gelingt es Ihnen, die Fahrradhelm Lebensdauer zu verl\u00e4ngern und diesen dauerhaft in gutem Zustand zu halten:<\/p>\n<p>&#8211; Lagern Sie Ihren Helm stets an einem k\u00fchlen, trockenen Ort. Direkte Sonneneinstrahlung und Hitze k\u00f6nnen die bei der Herstellung verwendeten Materialien besch\u00e4digen.<\/p>\n<p>&#8211; Lassen Sie Ihren Helm an hei\u00dfen Tagen niemals im Auto. Selbst bei tendenziell angenehmen Temperaturen kann der Innenraum des Autos die Schwelle des Zumutbaren bei Weitem \u00fcberschreiten. Dies f\u00fchrt selbst bei kurzer Verweildauer dazu, dass sich der Schaum im Inneren des Helms ausdehnt. Dies kann bei einem Unfall zu einem Schutzverlust f\u00fchren.<\/p>\n<p>&#8211; Stellen Sie sicher, dass Sie Ihren Helm regelm\u00e4\u00dfig waschen. Dies gilt insbesondere, wenn Sie in den Wintermonaten fahren. Streusalz und andere Ablagerungen k\u00f6nnen mit der Zeit Sch\u00e4den verursachen.<\/p>\n\t\t\t<link rel=\"stylesheet\" type=\"text\/css\" href=\"https:\/\/www.helmexpress.com\/magazin\/wp-content\/plugins\/helmexpress-products\/style.css\"\/>\n\t\t\t<div class=\"products-grid container\">\n\t\t\t  <div class=\"row\">\n\t\t\t    <div class=\"col-md-12\">\n\t\t\t      <div class=\"carousel slide hxCarousel\" id=\"hxCarousel-fa1e7a68def5233d2706810361708f29\">\n\t\t\t      \t<div class=\"carousel-inner\">\n\t\t\t\t\t\t\t<div class=\"item active\">\n\t\t\t\t\t<div class=\"col-xs-4 col-md-3 product\" id=\"product-69759\">\n\t\t                <div>\n\t\t                    <a href=\"https:\/\/www.helmexpress.com\/fahrradshop\/sparks-bowen-t-shirt-288004.html\" title=\"SPARKS BOWEN T-Shirt orange M\" class=\"product-link\">\n\t\t                        <span class=\"product-image\">\n\t\t                            <img src=\"https:\/\/cdn1.helmexpress.com\/media\/catalog\/product\/s\/p\/sparks-bowen-t-shirt-orange-m-288004orm_2.jpg\" title=\"SPARKS BOWEN T-Shirt orange M\" width=\"165\" height=\"220\"\/>\n\t\t\t\t\t\t\t\t<\/span>\n\t\t                        <div class=\"product-name\"><span>SPARKS BOWEN T-Shirt orange M<\/span><\/div>\n\t\t                        \t\t                        \t                        \t<div class=\"price-box clearfix\">\n\t\t                        \t\t\t\t\t\t\t\t\t<p class=\"old-price\">\n\t\t\t\t\t\t\t\t\t\t<span class=\"price-label\">statt<\/span>\n\t\t\t\t\t\t\t\t\t\t<span class=\"price\" id=\"old-price-69759\">\n\t\t\t\t\t\t\t\t\t\t\t14,90 \u20ac\t\t\t\t\t\t\t\t\t\t<\/span>\n\t\t\t\t\t\t\t\t\t<\/p>\n\t\t                        \t<p class=\"special-price\">\n\t\t                \t\t\t\t<span class=\"price-label\">nur<\/span>\n\t\t                \t\t\t\t<span class=\"price\" id=\"product-price-69759\">\n\t\t                \t\t\t\t\t11,92 \u20ac\t\t                \t\t\t\t\t<span class=\"price-hint\">*<\/span>\n\t\t                \t\t\t\t<\/span>\n\t\t\t\t\t\t\t\t\t<\/p>\n\t\t\t\t\t\t\t\t\t\t\t\t\t\t\t\t\t<\/div>\n\t\t\t\t\t\t\t<\/a>\n\t\t\t\t\t\t<\/div>                  \n\t\t            <\/div>\n\t            <\/div>\n            \t\t\t\t\t<div class=\"item\">\n\t\t\t\t\t<div class=\"col-xs-4 col-md-3 product\" id=\"product-172982\">\n\t\t                <div>\n\t\t                    <a href=\"https:\/\/www.helmexpress.com\/fahrradshop\/fox-ranger-hose-damen-700044447.html\" title=\"FOX Ranger Hose Damen milit\u00e4rgr\u00fcn 16\" class=\"product-link\">\n\t\t                        <span class=\"product-image\">\n\t\t                            <img src=\"https:\/\/cdn1.helmexpress.com\/media\/catalog\/product\/F\/O\/FOX_33459191972990816_8.png\" title=\"FOX Ranger Hose Damen milit\u00e4rgr\u00fcn 16\" width=\"165\" height=\"220\"\/>\n\t\t\t\t\t\t\t\t<\/span>\n\t\t                        <div class=\"product-name\"><span>FOX Ranger Hose Damen milit\u00e4rgr\u00fcn 16<\/span><\/div>\n\t\t                        \t\t                        <div class=\"new\">\n\t\t                        \t<div class=\"new-inner\">Neu<\/div>\n\t\t                        <\/div>\n\t\t                        \t\t                        \t                        \t<div class=\"price-box clearfix\">\n\t\t                        \t\t\t\t\t\t\t\t\t<p class=\"old-price\">\n\t\t\t\t\t\t\t\t\t\t<span class=\"price-label\">statt<\/span>\n\t\t\t\t\t\t\t\t\t\t<span class=\"price\" id=\"old-price-172982\">\n\t\t\t\t\t\t\t\t\t\t\t119,90 \u20ac\t\t\t\t\t\t\t\t\t\t<\/span>\n\t\t\t\t\t\t\t\t\t<\/p>\n\t\t                        \t<p class=\"special-price\">\n\t\t                \t\t\t\t<span class=\"price-label\">nur<\/span>\n\t\t                \t\t\t\t<span class=\"price\" id=\"product-price-172982\">\n\t\t                \t\t\t\t\t107,91 \u20ac\t\t                \t\t\t\t\t<span class=\"price-hint\">*<\/span>\n\t\t                \t\t\t\t<\/span>\n\t\t\t\t\t\t\t\t\t<\/p>\n\t\t\t\t\t\t\t\t\t\t\t\t\t\t\t\t\t<\/div>\n\t\t\t\t\t\t\t<\/a>\n\t\t\t\t\t\t<\/div>                  \n\t\t            <\/div>\n\t            <\/div>\n            \t\t\t\t\t<div class=\"item\">\n\t\t\t\t\t<div class=\"col-xs-4 col-md-3 product\" id=\"product-176079\">\n\t\t                <div>\n\t\t                    <a href=\"https:\/\/www.helmexpress.com\/fahrradshop\/fox-ranger-water-jacke-damen-700047109.html\" title=\"FOX Ranger Water Jacke Damen olivgr\u00fcn S\" class=\"product-link\">\n\t\t                        <span class=\"product-image\">\n\t\t                            <img src=\"https:\/\/cdn1.helmexpress.com\/media\/catalog\/product\/F\/O\/FOX_36252198571042045_2.gif\" title=\"FOX Ranger Water Jacke Damen olivgr\u00fcn S\" width=\"165\" height=\"220\"\/>\n\t\t\t\t\t\t\t\t<\/span>\n\t\t                        <div class=\"product-name\"><span>FOX Ranger Water Jacke Damen olivgr\u00fcn S<\/span><\/div>\n\t\t                        \t\t                        <div class=\"new\">\n\t\t                        \t<div class=\"new-inner\">Neu<\/div>\n\t\t                        <\/div>\n\t\t                        \t\t                        \t                        \t<div class=\"price-box clearfix\">\n\t\t                        \t\t\t\t\t\t\t\t\t<p class=\"old-price\">\n\t\t\t\t\t\t\t\t\t\t<span class=\"price-label\">statt<\/span>\n\t\t\t\t\t\t\t\t\t\t<span class=\"price\" id=\"old-price-176079\">\n\t\t\t\t\t\t\t\t\t\t\t124,90 \u20ac\t\t\t\t\t\t\t\t\t\t<\/span>\n\t\t\t\t\t\t\t\t\t<\/p>\n\t\t                        \t<p class=\"special-price\">\n\t\t                \t\t\t\t<span class=\"price-label\">nur<\/span>\n\t\t                \t\t\t\t<span class=\"price\" id=\"product-price-176079\">\n\t\t                \t\t\t\t\t112,41 \u20ac\t\t                \t\t\t\t\t<span class=\"price-hint\">*<\/span>\n\t\t                \t\t\t\t<\/span>\n\t\t\t\t\t\t\t\t\t<\/p>\n\t\t\t\t\t\t\t\t\t\t\t\t\t\t\t\t\t<\/div>\n\t\t\t\t\t\t\t<\/a>\n\t\t\t\t\t\t<\/div>                  \n\t\t            <\/div>\n\t            <\/div>\n            \t\t\t\t\t<div class=\"item\">\n\t\t\t\t\t<div class=\"col-xs-4 col-md-3 product\" id=\"product-96348\">\n\t\t                <div>\n\t\t                    <a href=\"https:\/\/www.helmexpress.com\/fahrradshop\/shot-no-defender-fahrrad-t-shirt-205107.html\" title=\"SHOT NO DEFENDER Fahrrad T-Shirt rot XL\" class=\"product-link\">\n\t\t                        <span class=\"product-image\">\n\t\t                            <img src=\"https:\/\/cdn1.helmexpress.com\/media\/catalog\/product\/s\/h\/shot-no-defender-fahrrad-t-shirt-rot-xl-205107roxl_2.jpg\" title=\"SHOT NO DEFENDER Fahrrad T-Shirt rot XL\" width=\"165\" height=\"220\"\/>\n\t\t\t\t\t\t\t\t<\/span>\n\t\t                        <div class=\"product-name\"><span>SHOT NO DEFENDER Fahrrad T-Shirt rot XL<\/span><\/div>\n\t\t                        \t\t                        \t                        \t<div class=\"price-box clearfix\">\n\t\t                        \t\t\t\t\t\t\t\t\t<p class=\"old-price\">\n\t\t\t\t\t\t\t\t\t\t<span class=\"price-label\">statt<\/span>\n\t\t\t\t\t\t\t\t\t\t<span class=\"price\" id=\"old-price-96348\">\n\t\t\t\t\t\t\t\t\t\t\t29,99 \u20ac\t\t\t\t\t\t\t\t\t\t<\/span>\n\t\t\t\t\t\t\t\t\t<\/p>\n\t\t                        \t<p class=\"special-price\">\n\t\t                \t\t\t\t<span class=\"price-label\">nur<\/span>\n\t\t                \t\t\t\t<span class=\"price\" id=\"product-price-96348\">\n\t\t                \t\t\t\t\t23,99 \u20ac\t\t                \t\t\t\t\t<span class=\"price-hint\">*<\/span>\n\t\t                \t\t\t\t<\/span>\n\t\t\t\t\t\t\t\t\t<\/p>\n\t\t\t\t\t\t\t\t\t\t\t\t\t\t\t\t\t<\/div>\n\t\t\t\t\t\t\t<\/a>\n\t\t\t\t\t\t<\/div>                  \n\t\t            <\/div>\n\t            <\/div>\n            \t\t\t\t\t<div class=\"item\">\n\t\t\t\t\t<div class=\"col-xs-4 col-md-3 product\" id=\"product-129446\">\n\t\t                <div>\n\t\t                    <a href=\"https:\/\/www.helmexpress.com\/fahrradshop\/deuter-freescape-lite-26-rucksacke-700018855.html\" title=\"DEUTER FREESCAPE LITE 26 Rucks\u00e4cke corn-teal 26 L\" class=\"product-link\">\n\t\t                        <span class=\"product-image\">\n\t\t                            <img src=\"https:\/\/cdn1.helmexpress.com\/media\/catalog\/product\/D\/e\/Deuter_33001224046051124704.png\" title=\"DEUTER FREESCAPE LITE 26 Rucks\u00e4cke corn-teal 26 L\" width=\"165\" height=\"220\"\/>\n\t\t\t\t\t\t\t\t<\/span>\n\t\t                        <div class=\"product-name\"><span>DEUTER FREESCAPE LITE 26 Rucks\u00e4cke corn-teal 26 L<\/span><\/div>\n\t\t                        \t\t                        \t                        \t<div class=\"price-box clearfix\">\n\t\t                        \t\t\t\t\t\t\t\t\t<span class=\"regular-price\" id=\"product-price-129446\">\n\t                        \t\t\t<span class=\"price\">\n\t                        \t\t\t\t190,00 \u20ac\t                        \t\t\t\t<span class=\"price-hint\">*<\/span>\n\t                                \t<\/span>\n\t                                <\/span>\n\t\t\t\t\t\t\t\t\t\t\t\t\t\t\t\t\t<\/div>\n\t\t\t\t\t\t\t<\/a>\n\t\t\t\t\t\t<\/div>                  \n\t\t            <\/div>\n\t            <\/div>\n            \t\t\t            \t\t<\/div>\n\t\t        \t\t<\/div>\n\t\t        \t\t\t\t        \t\t<a data-slide=\"prev\" href=\"javascript:void(0)\" class=\"left carousel-control hidden\"><i class=\"fa fa-caret-left\"><\/i><\/a>\n\t\t      \t\t\t<a data-slide=\"next\" href=\"javascript:void(0)\" class=\"right carousel-control\"><i class=\"fa fa-caret-right\"><\/i><\/a>\n\t\t      \t\t\t\t\t\t\t\t<\/div>\n\t\t\t\t<\/div>\n\t\t\t<\/div>\n            \n<h2>Wie k\u00f6nnen Sie feststellen, ob Ihr Fahrradhelm noch sicher ist?<\/h2>\n<p>Ein Fahrradhelm ist ein wichtiger Teil der Sicherheitsausr\u00fcstung. Die Wahl eines hochwertigen Helms ist stets zu empfehlen, da verschiedene Helme unterschiedlich stark beansprucht werden k\u00f6nnen. Es gibt mehrere Faktoren, die die Haltbarkeit eines Fahrradhelms beeinflussen k\u00f6nnen:<\/p>\n<ul>\n<li>Passgenauigkeit des Helmes<\/li>\n<li>Die Art des Aufprallschutzes<\/li>\n<li>Die Materialien, die bei der Konstruktion des Helms verwendet werden<\/li>\n<\/ul>\n<p>All diese Faktoren spielen eine wichtige Rolle in Bezug auf die Fahrradhelm Haltbarkeit. Helme aus Hartplastik oder anderen spr\u00f6den Materialien brechen oder zersplittern eher beim Aufprall als Helme aus weicheren Materialien. Fahrradhelme, die einen guten Aufprallschutz bieten, absorbieren mehr Schaden. Dies kann dazu beitragen, die Schwere der erlittenen Verletzungen zu verringern. Ein gut sitzender Helm l\u00f6st sich auch weniger wahrscheinlich bei einem Unfall.<\/p>\n<p>Dar\u00fcber hinaus sollte ber\u00fccksichtigt werden, wie oft Sie Ihren Helm verwenden. Wenn Sie nur ein- oder zweimal im Jahr Fahrrad fahren, weist Ihr Helm eine deutlich l\u00e4ngere Haltbarkeit auf als 3 &#8211; 5 Jahre. Dar\u00fcber hinaus beeinflusst die Art des Fahrens, wie lange Ihr Helm h\u00e4lt. So beansprucht Downhill-Mountainbiken den Fahrradhelm deutlich mehr als gem\u00fctliche Fahrten durch die Stadt.<\/p>\n<p>Andere Faktoren, die die Lebensdauer eines Helms beeinflussen k\u00f6nnen, sind versehentliche St\u00f6\u00dfe und UV-Strahlung.<\/p>\n<div id=\"attachment_2322\" style=\"width: 1034px\" class=\"wp-caption aligncenter\"><img aria-describedby=\"caption-attachment-2322\" loading=\"lazy\" class=\"wp-image-2322 size-large img-responsive\" src=\"https:\/\/www.helmexpress.com\/magazin\/wp-content\/uploads\/2022\/06\/Fahrradhelm_austauschen_1-1024x683.jpg\" alt=\"So steht einer sicheren Fahrt nichts mehr im Wege\" width=\"1024\" height=\"683\" srcset=\"https:\/\/www.helmexpress.com\/magazin\/wp-content\/uploads\/2022\/06\/Fahrradhelm_austauschen_1-1024x683.jpg 1024w, https:\/\/www.helmexpress.com\/magazin\/wp-content\/uploads\/2022\/06\/Fahrradhelm_austauschen_1-300x200.jpg 300w, https:\/\/www.helmexpress.com\/magazin\/wp-content\/uploads\/2022\/06\/Fahrradhelm_austauschen_1-768x512.jpg 768w, https:\/\/www.helmexpress.com\/magazin\/wp-content\/uploads\/2022\/06\/Fahrradhelm_austauschen_1-1536x1024.jpg 1536w, https:\/\/www.helmexpress.com\/magazin\/wp-content\/uploads\/2022\/06\/Fahrradhelm_austauschen_1-2048x1365.jpg 2048w\" sizes=\"(max-width: 1024px) 100vw, 1024px\" \/><p id=\"caption-attachment-2322\" class=\"wp-caption-text\">So steht einer sicheren Fahrt nichts mehr im Wege<\/p><\/div>\n<h2>Fazit<\/h2>\n<p>Die Lebensdauer eines Fahrradhelms ist nicht zu untersch\u00e4tzen. Ein Helm, der f\u00fcnf Jahre oder \u00e4lter ist, bietet im Falle eines Unfalls m\u00f6glicherweise keinen ausreichenden Schutz. Ein neuer Helm ist ein kleiner Preis f\u00fcr die eigene Sicherheit. Achten Sie darauf, dass Sie Ihren Fahrradhelm alle f\u00fcnf Jahre oder fr\u00fcher ersetzen, wenn er besch\u00e4digt ist.<\/p>\n<p>Radfahrer sollten sich auch vergewissern, dass ihre Helme passgenau aufliegen und in gutem Zustand sind, bevor sie sich auf die Stra\u00dfen begeben. Im <a href=\"https:\/\/www.helmexpress.com\/fahrradshop\/\">Fahrradshop<\/a> von <a href=\"https:\/\/www.helmexpress.com\/\">Helmexpress<\/a> finden Sie Fahrradhelme namhafter Hersteller zu einem attraktiven Preis. <strong>Jetzt vorbeischauen<\/strong>.<\/p>\n<p>&nbsp;<\/p>\n","protected":false},"excerpt":{"rendered":"<p>Fahrradhelm austauschen: Sie werden erstaunt sein, wie oft ein Fahrradhelm aus Sicherheitsgr\u00fcnden ersetzt werden sollte Wann sollte ich meinen Fahrradhelm austauschen? Diese Frage ist nicht pauschal zu beantworten. Aus diesem Grund ziehen es viele Radfahrer vor, ihren Helm in regelm\u00e4\u00dfigen Abst\u00e4nden auszutauschen, abh\u00e4ngig von ihrem Aktivit\u00e4tsniveau und dem verwendeten Helmtypen. Ein guter Helm, egal ob [&hellip;]<\/p>\n","protected":false},"author":6,"featured_media":2326,"comment_status":"closed","ping_status":"closed","sticky":false,"template":"","format":"standard","meta":[],"categories":[1,10],"tags":[],"_links":{"self":[{"href":"https:\/\/www.helmexpress.com\/magazin\/wp-json\/wp\/v2\/posts\/2317"}],"collection":[{"href":"https:\/\/www.helmexpress.com\/magazin\/wp-json\/wp\/v2\/posts"}],"about":[{"href":"https:\/\/www.helmexpress.com\/magazin\/wp-json\/wp\/v2\/types\/post"}],"author":[{"embeddable":true,"href":"https:\/\/www.helmexpress.com\/magazin\/wp-json\/wp\/v2\/users\/6"}],"replies":[{"embeddable":true,"href":"https:\/\/www.helmexpress.com\/magazin\/wp-json\/wp\/v2\/comments?post=2317"}],"version-history":[{"count":10,"href":"https:\/\/www.helmexpress.com\/magazin\/wp-json\/wp\/v2\/posts\/2317\/revisions"}],"predecessor-version":[{"id":104218,"href":"https:\/\/www.helmexpress.com\/magazin\/wp-json\/wp\/v2\/posts\/2317\/revisions\/104218"}],"wp:featuredmedia":[{"embeddable":true,"href":"https:\/\/www.helmexpress.com\/magazin\/wp-json\/wp\/v2\/media\/2326"}],"wp:attachment":[{"href":"https:\/\/www.helmexpress.com\/magazin\/wp-json\/wp\/v2\/media?parent=2317"}],"wp:term":[{"taxonomy":"category","embeddable":true,"href":"https:\/\/www.helmexpress.com\/magazin\/wp-json\/wp\/v2\/categories?post=2317"},{"taxonomy":"post_tag","embeddable":true,"href":"https:\/\/www.helmexpress.com\/magazin\/wp-json\/wp\/v2\/tags?post=2317"}],"curies":[{"name":"wp","href":"https:\/\/api.w.org\/{rel}","templated":true}]}}