{"id":2284,"date":"2022-05-05T12:25:15","date_gmt":"2022-05-05T10:25:15","guid":{"rendered":"https:\/\/www.helmexpress.com\/magazin\/?p=2284"},"modified":"2023-11-23T19:09:31","modified_gmt":"2023-11-23T18:09:31","slug":"helmpflicht-fuer-das-fahrrad","status":"publish","type":"post","link":"https:\/\/www.helmexpress.com\/magazin\/helmpflicht-fuer-das-fahrrad\/","title":{"rendered":"Gibt es eine Helmpflicht f\u00fcr Fahrradfahrer in Deutschland?"},"content":{"rendered":"<p><span style=\"font-size: 24px; font-weight: bold;\">Gibt es in Deutschland eine Helmpflicht beim Radfahren?<\/span><\/p>\n<p>Eine gesetzliche Helmpflicht beim Radfahren besteht in Deutschland nicht. Viele Radfahrer entscheiden sich jedoch trotzdem f\u00fcr das Tragen eines <a href=\"https:\/\/www.helmexpress.com\/fahrradshop\/fahrradhelme\">Fahrradhelms<\/a>, egal ob ein <a href=\"https:\/\/www.helmexpress.com\/fahrradshop\/fahrradhelme-rennrad\">Rennradhelm<\/a> oder <a href=\"https:\/\/www.helmexpress.com\/fahrradshop\/fahrradhelme-mountainbike\">Mountainbike Helm<\/a>, da sie der Meinung sind, dass dieser Umstand ihnen mehr Sicherheit beim Fahren bietet.<\/p>\n<p>Obwohl Radfahren eine gesunde und umweltfreundliche Fortbewegungsart ist, besteht immer die Gefahr, in einen Unfall verwickelt zu werden. Ein Helm kann helfen, Ihren Kopf im Falle eines Sturzes oder einer Kollision zu sch\u00fctzen.<\/p>\n<p>Die meisten Deutschen, die Fahrrad fahren, tragen Helme. Dennoch gibt es einige, die aus verschiedenen Gr\u00fcnden Fahrrad fahren ohne Helm. Manche Menschen sind der Auffassung, dass Helme zu schwer und unbequem seien. Andere vertreten die Meinung, dass ein Fahrradhelm ihre Sicht und ihr Geh\u00f6r einschr\u00e4nken w\u00fcrde.<\/p>\n<p>In Deutschland wird dar\u00fcber diskutiert, ob Fahrradhelme gesetzlich vorgeschrieben werden sollen oder nicht. Es gab einige Diskussionen \u00fcber eine Fahrradhelm Pflicht in Deutschland, aber bisher wurden keine Ma\u00dfnahmen ergriffen. Doch wieso gibt es trotz schwerer Unf\u00e4lle keine Helmpflicht f\u00fcr Fahrradfahrer? Unser Expertenteam vom <a href=\"https:\/\/www.helmexpress.com\/magazin\/\">Helmexpress Magazin<\/a> ist der Sache auf den Grund gegangen.<\/p>\n<p>&nbsp;<\/p>\n<div id=\"attachment_2287\" style=\"width: 1034px\" class=\"wp-caption aligncenter\"><img aria-describedby=\"caption-attachment-2287\" loading=\"lazy\" class=\"wp-image-2287 size-large img-responsive\" src=\"https:\/\/www.helmexpress.com\/magazin\/wp-content\/uploads\/2022\/05\/Fahrradhelmpflicht_CASCO_3-1024x704.jpg\" alt=\"Mit einem Fahrradhelm ist man gesch\u00fctzt bei jedem Ausflug\" width=\"1024\" height=\"704\" srcset=\"https:\/\/www.helmexpress.com\/magazin\/wp-content\/uploads\/2022\/05\/Fahrradhelmpflicht_CASCO_3-1024x704.jpg 1024w, https:\/\/www.helmexpress.com\/magazin\/wp-content\/uploads\/2022\/05\/Fahrradhelmpflicht_CASCO_3-300x206.jpg 300w, https:\/\/www.helmexpress.com\/magazin\/wp-content\/uploads\/2022\/05\/Fahrradhelmpflicht_CASCO_3-768x528.jpg 768w, https:\/\/www.helmexpress.com\/magazin\/wp-content\/uploads\/2022\/05\/Fahrradhelmpflicht_CASCO_3-1536x1055.jpg 1536w, https:\/\/www.helmexpress.com\/magazin\/wp-content\/uploads\/2022\/05\/Fahrradhelmpflicht_CASCO_3-2048x1407.jpg 2048w\" sizes=\"(max-width: 1024px) 100vw, 1024px\" \/><p id=\"caption-attachment-2287\" class=\"wp-caption-text\">Mit einem Fahrradhelm ist man gesch\u00fctzt bei jedem Ausflug<\/p><\/div>\n<p>&nbsp;<\/p>\n<h2>Warum gibt es keine Helmpflicht f\u00fcr Fahrradfahrer in Deutschland?<\/h2>\n<p>Fahrr\u00e4der sind ein beliebtes Fortbewegungsmittel in Deutschland. Mit gesch\u00e4tzten 36 Millionen Fahrr\u00e4dern landet es auf dem zweiten Platz hinter dem Auto. W\u00e4hrend Radfahrer in Deutschland keine Helmpflicht auferlegt bekommen haben, entscheiden sich viele Radfahrer aus Sicherheitsgr\u00fcnden daf\u00fcr. Im Vergleich dazu sind Fahrradhelme in vielen anderen L\u00e4ndern obligatorisch, darunter Australien, Kanada und die Vereinigten Staaten.<\/p>\n<p>Ein Grund, warum Radfahrer in Deutschland keinen Helm tragen m\u00fcssen, ist die hohe Anzahl an Radwegen. Radwege machen das Radfahren sicherer, indem sie einen ausgewiesenen Platz auf der Stra\u00dfe f\u00fcr Radfahrer bieten. Dieser separate Fahrstreifen tr\u00e4gt auch dazu bei, Radfahrer vom Verkehr fernzuhalten und das Unfallrisiko zu verringern.<\/p>\n<p>Dar\u00fcber hinaus schreibt das deutsche Gesetz vor, dass alle Autos im Falle eines Unfalls mit einem Erste-Hilfe-Kasten und einem Warndreieck ausgestattet sein m\u00fcssen.<\/p>\n\t\t\t<link rel=\"stylesheet\" type=\"text\/css\" href=\"https:\/\/www.helmexpress.com\/magazin\/wp-content\/plugins\/helmexpress-products\/style.css\"\/>\n\t\t\t<div class=\"products-grid container\">\n\t\t\t  <div class=\"row\">\n\t\t\t    <div class=\"col-md-12\">\n\t\t\t      <div class=\"carousel slide hxCarousel\" id=\"hxCarousel-ab8b3c0f663848bc8662f61cba163237\">\n\t\t\t      \t<div class=\"carousel-inner\">\n\t\t\t\t\t\t\t<div class=\"item active\">\n\t\t\t\t\t<div class=\"col-xs-4 col-md-3 product\" id=\"product-146242\">\n\t\t                <div>\n\t\t                    <a href=\"https:\/\/www.helmexpress.com\/fahrradshop\/macna-astrilla-damenhandschuh-602102.html\" title=\"MACNA ASTRILLA Damenhandschuh hellgrau-schwarz M\" class=\"product-link\">\n\t\t                        <span class=\"product-image\">\n\t\t                            <img src=\"https:\/\/cdn1.helmexpress.com\/media\/catalog\/product\/m\/a\/macna-astrilla-damenhandschuh-hellgrau-schwarz-m-602102gsm.jpg\" title=\"MACNA ASTRILLA Damenhandschuh hellgrau-schwarz M\" width=\"165\" height=\"220\"\/>\n\t\t\t\t\t\t\t\t<\/span>\n\t\t                        <div class=\"product-name\"><span>MACNA ASTRILLA Damenhandschuh hellgrau-schwarz M<\/span><\/div>\n\t\t                        \t\t                        \t                        \t<div class=\"price-box clearfix\">\n\t\t                        \t\t\t\t\t\t\t\t\t<p class=\"old-price\">\n\t\t\t\t\t\t\t\t\t\t<span class=\"price-label\">statt<\/span>\n\t\t\t\t\t\t\t\t\t\t<span class=\"price\" id=\"old-price-146242\">\n\t\t\t\t\t\t\t\t\t\t\t39,95 \u20ac\t\t\t\t\t\t\t\t\t\t<\/span>\n\t\t\t\t\t\t\t\t\t<\/p>\n\t\t                        \t<p class=\"special-price\">\n\t\t                \t\t\t\t<span class=\"price-label\">nur<\/span>\n\t\t                \t\t\t\t<span class=\"price\" id=\"product-price-146242\">\n\t\t                \t\t\t\t\t31,96 \u20ac\t\t                \t\t\t\t\t<span class=\"price-hint\">*<\/span>\n\t\t                \t\t\t\t<\/span>\n\t\t\t\t\t\t\t\t\t<\/p>\n\t\t\t\t\t\t\t\t\t\t\t\t\t\t\t\t\t<\/div>\n\t\t\t\t\t\t\t<\/a>\n\t\t\t\t\t\t<\/div>                  \n\t\t            <\/div>\n\t            <\/div>\n            \t\t\t\t\t<div class=\"item\">\n\t\t\t\t\t<div class=\"col-xs-4 col-md-3 product\" id=\"product-142732\">\n\t\t                <div>\n\t\t                    <a href=\"https:\/\/www.helmexpress.com\/fahrradshop\/falco-lennox-2-stiefel-700029867.html\" title=\"FALCO Lennox 2 Stiefel blau 39\" class=\"product-link\">\n\t\t                        <span class=\"product-image\">\n\t\t                            <img src=\"https:\/\/cdn1.helmexpress.com\/media\/catalog\/product\/F\/A\/FALCO_73512378052675491081.png\" title=\"FALCO Lennox 2 Stiefel blau 39\" width=\"165\" height=\"220\"\/>\n\t\t\t\t\t\t\t\t<\/span>\n\t\t                        <div class=\"product-name\"><span>FALCO Lennox 2 Stiefel blau 39<\/span><\/div>\n\t\t                        \t\t                        \t                        \t<div class=\"price-box clearfix\">\n\t\t                        \t\t\t\t\t\t\t\t\t<p class=\"old-price\">\n\t\t\t\t\t\t\t\t\t\t<span class=\"price-label\">statt<\/span>\n\t\t\t\t\t\t\t\t\t\t<span class=\"price\" id=\"old-price-142732\">\n\t\t\t\t\t\t\t\t\t\t\t179,95 \u20ac\t\t\t\t\t\t\t\t\t\t<\/span>\n\t\t\t\t\t\t\t\t\t<\/p>\n\t\t                        \t<p class=\"special-price\">\n\t\t                \t\t\t\t<span class=\"price-label\">nur<\/span>\n\t\t                \t\t\t\t<span class=\"price\" id=\"product-price-142732\">\n\t\t                \t\t\t\t\t161,96 \u20ac\t\t                \t\t\t\t\t<span class=\"price-hint\">*<\/span>\n\t\t                \t\t\t\t<\/span>\n\t\t\t\t\t\t\t\t\t<\/p>\n\t\t\t\t\t\t\t\t\t\t\t\t\t\t\t\t\t<\/div>\n\t\t\t\t\t\t\t<\/a>\n\t\t\t\t\t\t<\/div>                  \n\t\t            <\/div>\n\t            <\/div>\n            \t\t\t\t\t<div class=\"item\">\n\t\t\t\t\t<div class=\"col-xs-4 col-md-3 product\" id=\"product-122467\">\n\t\t                <div>\n\t\t                    <a href=\"https:\/\/www.helmexpress.com\/fahrradshop\/falco-ayda-2-damen-stiefel-588003.html\" title=\"FALCO AYDA 2 Damen Stiefel braun 38\" class=\"product-link\">\n\t\t                        <span class=\"product-image\">\n\t\t                            <img src=\"https:\/\/cdn1.helmexpress.com\/media\/catalog\/product\/f\/a\/falco-ayda-2-damen-stiefel-braun-38-588003br38.jpg\" title=\"FALCO AYDA 2 Damen Stiefel braun 38\" width=\"165\" height=\"220\"\/>\n\t\t\t\t\t\t\t\t<\/span>\n\t\t                        <div class=\"product-name\"><span>FALCO AYDA 2 Damen Stiefel braun 38<\/span><\/div>\n\t\t                        \t\t                        \t                        \t<div class=\"price-box clearfix\">\n\t\t                        \t\t\t\t\t\t\t\t\t<p class=\"old-price\">\n\t\t\t\t\t\t\t\t\t\t<span class=\"price-label\">statt<\/span>\n\t\t\t\t\t\t\t\t\t\t<span class=\"price\" id=\"old-price-122467\">\n\t\t\t\t\t\t\t\t\t\t\t209,95 \u20ac\t\t\t\t\t\t\t\t\t\t<\/span>\n\t\t\t\t\t\t\t\t\t<\/p>\n\t\t                        \t<p class=\"special-price\">\n\t\t                \t\t\t\t<span class=\"price-label\">nur<\/span>\n\t\t                \t\t\t\t<span class=\"price\" id=\"product-price-122467\">\n\t\t                \t\t\t\t\t188,95 \u20ac\t\t                \t\t\t\t\t<span class=\"price-hint\">*<\/span>\n\t\t                \t\t\t\t<\/span>\n\t\t\t\t\t\t\t\t\t<\/p>\n\t\t\t\t\t\t\t\t\t\t\t\t\t\t\t\t\t<\/div>\n\t\t\t\t\t\t\t<\/a>\n\t\t\t\t\t\t<\/div>                  \n\t\t            <\/div>\n\t            <\/div>\n            \t\t\t\t\t<div class=\"item\">\n\t\t\t\t\t<div class=\"col-xs-4 col-md-3 product\" id=\"product-167626\">\n\t\t                <div>\n\t\t                    <a href=\"https:\/\/www.helmexpress.com\/fahrradshop\/fox-absolute-fleece-pullover-700040111.html\" title=\"FOX ABSOLUTE FLEECE Pullover olive gr\u00fcn XL\" class=\"product-link\">\n\t\t                        <span class=\"product-image\">\n\t\t                            <img src=\"https:\/\/cdn1.helmexpress.com\/media\/catalog\/product\/F\/O\/FOX_31594198571042137_4.png\" title=\"FOX ABSOLUTE FLEECE Pullover olive gr\u00fcn XL\" width=\"165\" height=\"220\"\/>\n\t\t\t\t\t\t\t\t<\/span>\n\t\t                        <div class=\"product-name\"><span>FOX ABSOLUTE FLEECE Pullover olive gr\u00fcn XL<\/span><\/div>\n\t\t                        \t\t                        <div class=\"new\">\n\t\t                        \t<div class=\"new-inner\">Neu<\/div>\n\t\t                        <\/div>\n\t\t                        \t\t                        \t                        \t<div class=\"price-box clearfix\">\n\t\t                        \t\t\t\t\t\t\t\t\t<p class=\"old-price\">\n\t\t\t\t\t\t\t\t\t\t<span class=\"price-label\">statt<\/span>\n\t\t\t\t\t\t\t\t\t\t<span class=\"price\" id=\"old-price-167626\">\n\t\t\t\t\t\t\t\t\t\t\t64,99 \u20ac\t\t\t\t\t\t\t\t\t\t<\/span>\n\t\t\t\t\t\t\t\t\t<\/p>\n\t\t                        \t<p class=\"special-price\">\n\t\t                \t\t\t\t<span class=\"price-label\">nur<\/span>\n\t\t                \t\t\t\t<span class=\"price\" id=\"product-price-167626\">\n\t\t                \t\t\t\t\t58,49 \u20ac\t\t                \t\t\t\t\t<span class=\"price-hint\">*<\/span>\n\t\t                \t\t\t\t<\/span>\n\t\t\t\t\t\t\t\t\t<\/p>\n\t\t\t\t\t\t\t\t\t\t\t\t\t\t\t\t\t<\/div>\n\t\t\t\t\t\t\t<\/a>\n\t\t\t\t\t\t<\/div>                  \n\t\t            <\/div>\n\t            <\/div>\n            \t\t\t\t\t<div class=\"item\">\n\t\t\t\t\t<div class=\"col-xs-4 col-md-3 product\" id=\"product-129197\">\n\t\t                <div>\n\t\t                    <a href=\"https:\/\/www.helmexpress.com\/fahrradshop\/deuter-guide-34-8-rucksacke-700018606.html\" title=\"DEUTER Guide 34+8 Rucks\u00e4cke redwood-papaya 34+8 L\" class=\"product-link\">\n\t\t                        <span class=\"product-image\">\n\t\t                            <img src=\"https:\/\/cdn1.helmexpress.com\/media\/catalog\/product\/D\/e\/Deuter_33615234046051148991.png\" title=\"DEUTER Guide 34+8 Rucks\u00e4cke redwood-papaya 34+8 L\" width=\"165\" height=\"220\"\/>\n\t\t\t\t\t\t\t\t<\/span>\n\t\t                        <div class=\"product-name\"><span>DEUTER Guide 34+8 Rucks\u00e4cke redwood-papaya 34+8 L<\/span><\/div>\n\t\t                        \t\t                        \t                        \t<div class=\"price-box clearfix\">\n\t\t                        \t\t\t\t\t\t\t\t\t<span class=\"regular-price\" id=\"product-price-129197\">\n\t                        \t\t\t<span class=\"price\">\n\t                        \t\t\t\t210,00 \u20ac\t                        \t\t\t\t<span class=\"price-hint\">*<\/span>\n\t                                \t<\/span>\n\t                                <\/span>\n\t\t\t\t\t\t\t\t\t\t\t\t\t\t\t\t\t<\/div>\n\t\t\t\t\t\t\t<\/a>\n\t\t\t\t\t\t<\/div>                  \n\t\t            <\/div>\n\t            <\/div>\n            \t\t\t            \t\t<\/div>\n\t\t        \t\t<\/div>\n\t\t        \t\t\t\t        \t\t<a data-slide=\"prev\" href=\"javascript:void(0)\" class=\"left carousel-control hidden\"><i class=\"fa fa-caret-left\"><\/i><\/a>\n\t\t      \t\t\t<a data-slide=\"next\" href=\"javascript:void(0)\" class=\"right carousel-control\"><i class=\"fa fa-caret-right\"><\/i><\/a>\n\t\t      \t\t\t\t\t\t\t\t<\/div>\n\t\t\t\t<\/div>\n\t\t\t<\/div>\n            \n<h2>Gibt es eine Fahrradhelmpflicht f\u00fcr Kinder?<\/h2>\n<p>In Deutschland gibt es keine gesetzliche Helmpflicht f\u00fcr Kinder beim Radfahren. Die Empfehlung der Bundesregierung lautet jedoch, dass alle Radfahrer Helme tragen sollten, um sich im Falle eines Sturzes vor Kopfverletzungen zu sch\u00fctzen.<\/p>\n<p>Trotz fehlender gesetzlicher Vorschrift gilt das Fahrradfahren mit Helm nach allgemeiner Auffassung als der beste Schutz vor Kopfverletzungen im Falle eines Unfalls. Laut einer Studie des Gesamtverbandes der Deutschen Versicherungswirtschaft (GDV) reduzieren Fahrradhelme das Risiko von Kopfverletzungen um rund 80 % und das Risiko t\u00f6dlicher Kopfverletzungen um 85 %. Vor diesem Hintergrund ist es f\u00fcr Eltern in Deutschland wahrscheinlich ratsam, darauf zu achten, dass ihre Kinder einen eigenen <a href=\"https:\/\/www.helmexpress.com\/fahrradshop\/fahrradhelme-kinder\">Fahrradhelm f\u00fcr Kinder<\/a> besitzen. Nat\u00fcrlich sollte dieser auch bei kurzen Strecken getragen werden.<\/p>\n<p>Insbesondere aufgrund der Tatsache, dass sich die Sch\u00e4delknochen bei Kindern noch im Wachstum befinden. Aufgrund des weicheren Knochenbaus haben Kinder bei einem Unfall ohnehin ein erh\u00f6htes Risiko.<\/p>\n<div id=\"attachment_2290\" style=\"width: 1034px\" class=\"wp-caption aligncenter\"><img aria-describedby=\"caption-attachment-2290\" loading=\"lazy\" class=\"wp-image-2290 size-large img-responsive\" src=\"https:\/\/www.helmexpress.com\/magazin\/wp-content\/uploads\/2022\/05\/Fahrradhelmpflicht_4-1024x683.jpg\" alt=\"Kinder sollten schon fr\u00fch an einen Fahrradhelm gew\u00f6hnt werden\" width=\"1024\" height=\"683\" srcset=\"https:\/\/www.helmexpress.com\/magazin\/wp-content\/uploads\/2022\/05\/Fahrradhelmpflicht_4-1024x683.jpg 1024w, https:\/\/www.helmexpress.com\/magazin\/wp-content\/uploads\/2022\/05\/Fahrradhelmpflicht_4-300x200.jpg 300w, https:\/\/www.helmexpress.com\/magazin\/wp-content\/uploads\/2022\/05\/Fahrradhelmpflicht_4-768x512.jpg 768w, https:\/\/www.helmexpress.com\/magazin\/wp-content\/uploads\/2022\/05\/Fahrradhelmpflicht_4-1536x1024.jpg 1536w, https:\/\/www.helmexpress.com\/magazin\/wp-content\/uploads\/2022\/05\/Fahrradhelmpflicht_4-2048x1365.jpg 2048w\" sizes=\"(max-width: 1024px) 100vw, 1024px\" \/><p id=\"caption-attachment-2290\" class=\"wp-caption-text\">Kinder sollten schon fr\u00fch an einen Fahrradhelm gew\u00f6hnt werden<\/p><\/div>\n<p>&nbsp;<\/p>\n<h2>Ebike Helmpflicht? Gibt es eine Helmpflicht f\u00fcr Fahrr\u00e4der mit Hilfsmotor?<\/h2>\n<p>Eine aktuelle Studie des Gesamtverbandes der Deutschen Versicherungswirtschaft (GDV) hat gezeigt, dass das Tragen eines Helms beim Fahren eines Pedelec sehr zu empfehlen ist. Die Studie zeigte auf, dass das Unfallrisiko f\u00fcr Radfahrer mit Helm deutlich geringer ausf\u00e4llt. Allerdings wird die Auswirkung nicht als so gravierend anerkannt, um als Grundlage f\u00fcr eine Fahrrad Helmpflicht in Deutschland zu gelten. Gleichzeitig kam die Studie zu dem Ergebnis, dass nur 15 Prozent aller E-bike Radfahrer einen <a href=\"https:\/\/www.helmexpress.com\/fahrradshop\/fahrradhelme-city-ebike\">E-Bike Helm<\/a> tragen.<\/p>\n<p>Die Mehrheit der Deutschen ist jedoch der Meinung, dass das Tragen eines Helms beim Pedelec &#8211; Fahren Pflicht sein sollte. Tats\u00e4chlich haben viele L\u00e4nder auf der ganzen Welt das Tragen eines Helms beim Fahren eines Fahrrads mit Hilfsmotor vorgeschrieben.<\/p>\n<p>Einige Leute sind der Auffassung, dass E-Bikes einfach zu langsam sind, um im Falle eines Unfalls wirkliche Sch\u00e4den anzurichten. Somit sei ein Helm nicht erforderlich.<\/p>\n<p>Andere argumentieren jedoch, dass das Potenzial f\u00fcr schwere Verletzungen bei einem E-Bike mindestens genauso hoch ist wie bei einem herk\u00f6mmlichen Fahrrad. Vermutlich sogar h\u00f6her. Daher sollte generell eine Helmpflicht in Deutschland beschlossen werden.<\/p>\n<p>Es wurden keine endg\u00fcltigen Studien zu diesem Thema durchgef\u00fchrt. Daher muss jeder Fahrer selbst entscheiden, ob er einen Helm tr\u00e4gt oder nicht. Manche Menschen f\u00fchlen sich wohler, wenn sie einen Helm tragen, auch wenn es nicht gesetzlich vorgeschrieben ist. Andere sind der Meinung, dass das Risiko, bei einem Unfall verletzt zu werden, sehr gering sei. So gering, dass sie nicht das Bed\u00fcrfnis versp\u00fcren, einen Fahrradhelm zu tragen. Letztendlich liegt die Entscheidung beim einzelnen Fahrer.<\/p>\n\t\t\t<link rel=\"stylesheet\" type=\"text\/css\" href=\"https:\/\/www.helmexpress.com\/magazin\/wp-content\/plugins\/helmexpress-products\/style.css\"\/>\n\t\t\t<div class=\"products-grid container\">\n\t\t\t  <div class=\"row\">\n\t\t\t    <div class=\"col-md-12\">\n\t\t\t      <div class=\"carousel slide hxCarousel\" id=\"hxCarousel-33e16750051dc5df47bcea407eebd936\">\n\t\t\t      \t<div class=\"carousel-inner\">\n\t\t\t\t\t\t\t<div class=\"item active\">\n\t\t\t\t\t<div class=\"col-xs-4 col-md-3 product\" id=\"product-83782\">\n\t\t                <div>\n\t\t                    <a href=\"https:\/\/www.helmexpress.com\/fahrradshop\/alpinestars-missile-tech-solid-downhillhelm-149003.html\" title=\"ALPINESTARS MISSILE TECH SOLID Downhillhelm matt schwarz L 59-60cm\" class=\"product-link\">\n\t\t                        <span class=\"product-image\">\n\t\t                            <img src=\"https:\/\/cdn1.helmexpress.com\/media\/catalog\/product\/a\/l\/alpinestars-missile-tech-solid-downhillhelm-matt-schwarz-l-59-60cm-149003msl_4_9.jpg\" title=\"ALPINESTARS MISSILE TECH SOLID Downhillhelm matt schwarz L 59-60cm\" width=\"165\" height=\"220\"\/>\n\t\t\t\t\t\t\t\t<\/span>\n\t\t                        <div class=\"product-name\"><span>ALPINESTARS MISSILE TECH SOLID Downhillhelm matt schwarz L 59-60cm<\/span><\/div>\n\t\t                        \t\t                        \t                        \t<div class=\"price-box clearfix\">\n\t\t                        \t\t\t\t\t\t\t\t\t<p class=\"old-price\">\n\t\t\t\t\t\t\t\t\t\t<span class=\"price-label\">statt<\/span>\n\t\t\t\t\t\t\t\t\t\t<span class=\"price\" id=\"old-price-83782\">\n\t\t\t\t\t\t\t\t\t\t\t349,95 \u20ac\t\t\t\t\t\t\t\t\t\t<\/span>\n\t\t\t\t\t\t\t\t\t<\/p>\n\t\t                        \t<p class=\"special-price\">\n\t\t                \t\t\t\t<span class=\"price-label\">nur<\/span>\n\t\t                \t\t\t\t<span class=\"price\" id=\"product-price-83782\">\n\t\t                \t\t\t\t\t279,96 \u20ac\t\t                \t\t\t\t\t<span class=\"price-hint\">*<\/span>\n\t\t                \t\t\t\t<\/span>\n\t\t\t\t\t\t\t\t\t<\/p>\n\t\t\t\t\t\t\t\t\t\t\t\t\t\t\t\t\t<\/div>\n\t\t\t\t\t\t\t<\/a>\n\t\t\t\t\t\t<\/div>                  \n\t\t            <\/div>\n\t            <\/div>\n            \t\t\t\t\t<div class=\"item\">\n\t\t\t\t\t<div class=\"col-xs-4 col-md-3 product\" id=\"product-76315\">\n\t\t                <div>\n\t\t                    <a href=\"https:\/\/www.helmexpress.com\/fahrradshop\/giro-switchblade-mips-downhillhelm-162023.html\" title=\"GIRO SWITCHBLADE MIPS Downhillhelm matt harbor blau L 59-63cm\" class=\"product-link\">\n\t\t                        <span class=\"product-image\">\n\t\t                            <img src=\"https:\/\/cdn1.helmexpress.com\/media\/catalog\/product\/g\/i\/giro-switchblade-mips-downhillhelm-matt-harbor-blau-l-59-63cm-162023mbl_5.jpg\" title=\"GIRO SWITCHBLADE MIPS Downhillhelm matt harbor blau L 59-63cm\" width=\"165\" height=\"220\"\/>\n\t\t\t\t\t\t\t\t<\/span>\n\t\t                        <div class=\"product-name\"><span>GIRO SWITCHBLADE MIPS Downhillhelm matt harbor blau L 59-63cm<\/span><\/div>\n\t\t                        \t\t                        \t                        \t<div class=\"price-box clearfix\">\n\t\t                        \t\t\t\t\t\t\t\t\t<p class=\"old-price\">\n\t\t\t\t\t\t\t\t\t\t<span class=\"price-label\">statt<\/span>\n\t\t\t\t\t\t\t\t\t\t<span class=\"price\" id=\"old-price-76315\">\n\t\t\t\t\t\t\t\t\t\t\t330,00 \u20ac\t\t\t\t\t\t\t\t\t\t<\/span>\n\t\t\t\t\t\t\t\t\t<\/p>\n\t\t                        \t<p class=\"special-price\">\n\t\t                \t\t\t\t<span class=\"price-label\">nur<\/span>\n\t\t                \t\t\t\t<span class=\"price\" id=\"product-price-76315\">\n\t\t                \t\t\t\t\t264,00 \u20ac\t\t                \t\t\t\t\t<span class=\"price-hint\">*<\/span>\n\t\t                \t\t\t\t<\/span>\n\t\t\t\t\t\t\t\t\t<\/p>\n\t\t\t\t\t\t\t\t\t\t\t\t\t\t\t\t\t<\/div>\n\t\t\t\t\t\t\t<\/a>\n\t\t\t\t\t\t<\/div>                  \n\t\t            <\/div>\n\t            <\/div>\n            \t\t\t\t\t<div class=\"item\">\n\t\t\t\t\t<div class=\"col-xs-4 col-md-3 product\" id=\"product-157835\">\n\t\t                <div>\n\t\t                    <a href=\"https:\/\/www.helmexpress.com\/fahrradshop\/alpina-paranus-fahrradhelm-126140.html\" title=\"ALPINA PARANUS Fahrradhelm matt rose 55-59cm\" class=\"product-link\">\n\t\t                        <span class=\"product-image\">\n\t\t                            <img src=\"https:\/\/cdn1.helmexpress.com\/media\/catalog\/product\/a\/l\/alpina-paranus-fahrradhelm-matt-rose-55-59cm-126140rom.jpg\" title=\"ALPINA PARANUS Fahrradhelm matt rose 55-59cm\" width=\"165\" height=\"220\"\/>\n\t\t\t\t\t\t\t\t<\/span>\n\t\t                        <div class=\"product-name\"><span>ALPINA PARANUS Fahrradhelm matt rose 55-59cm<\/span><\/div>\n\t\t                        \t\t                        \t                        \t<div class=\"price-box clearfix\">\n\t\t                        \t\t\t\t\t\t\t\t\t<p class=\"old-price\">\n\t\t\t\t\t\t\t\t\t\t<span class=\"price-label\">statt<\/span>\n\t\t\t\t\t\t\t\t\t\t<span class=\"price\" id=\"old-price-157835\">\n\t\t\t\t\t\t\t\t\t\t\t79,90 \u20ac\t\t\t\t\t\t\t\t\t\t<\/span>\n\t\t\t\t\t\t\t\t\t<\/p>\n\t\t                        \t<p class=\"special-price\">\n\t\t                \t\t\t\t<span class=\"price-label\">nur<\/span>\n\t\t                \t\t\t\t<span class=\"price\" id=\"product-price-157835\">\n\t\t                \t\t\t\t\t63,92 \u20ac\t\t                \t\t\t\t\t<span class=\"price-hint\">*<\/span>\n\t\t                \t\t\t\t<\/span>\n\t\t\t\t\t\t\t\t\t<\/p>\n\t\t\t\t\t\t\t\t\t\t\t\t\t\t\t\t\t<\/div>\n\t\t\t\t\t\t\t<\/a>\n\t\t\t\t\t\t<\/div>                  \n\t\t            <\/div>\n\t            <\/div>\n            \t\t\t\t\t<div class=\"item\">\n\t\t\t\t\t<div class=\"col-xs-4 col-md-3 product\" id=\"product-172229\">\n\t\t                <div>\n\t\t                    <a href=\"https:\/\/www.helmexpress.com\/fahrradshop\/fox-speedframe-solid-mountainbikehelm-700043707.html\" title=\"FOX Speedframe SOLID Mountainbikehelm d\u00e4mmerungsblau L\" class=\"product-link\">\n\t\t                        <span class=\"product-image\">\n\t\t                            <img src=\"https:\/\/cdn1.helmexpress.com\/media\/catalog\/product\/F\/O\/FOX_33497198571049990_6.png\" title=\"FOX Speedframe SOLID Mountainbikehelm d\u00e4mmerungsblau L\" width=\"165\" height=\"220\"\/>\n\t\t\t\t\t\t\t\t<\/span>\n\t\t                        <div class=\"product-name\"><span>FOX Speedframe SOLID Mountainbikehelm d\u00e4mmerungsblau L<\/span><\/div>\n\t\t                        \t\t                        <div class=\"new\">\n\t\t                        \t<div class=\"new-inner\">Neu<\/div>\n\t\t                        <\/div>\n\t\t                        \t\t                        \t                        \t<div class=\"price-box clearfix\">\n\t\t                        \t\t\t\t\t\t\t\t\t<p class=\"old-price\">\n\t\t\t\t\t\t\t\t\t\t<span class=\"price-label\">statt<\/span>\n\t\t\t\t\t\t\t\t\t\t<span class=\"price\" id=\"old-price-172229\">\n\t\t\t\t\t\t\t\t\t\t\t119,90 \u20ac\t\t\t\t\t\t\t\t\t\t<\/span>\n\t\t\t\t\t\t\t\t\t<\/p>\n\t\t                        \t<p class=\"special-price\">\n\t\t                \t\t\t\t<span class=\"price-label\">nur<\/span>\n\t\t                \t\t\t\t<span class=\"price\" id=\"product-price-172229\">\n\t\t                \t\t\t\t\t107,91 \u20ac\t\t                \t\t\t\t\t<span class=\"price-hint\">*<\/span>\n\t\t                \t\t\t\t<\/span>\n\t\t\t\t\t\t\t\t\t<\/p>\n\t\t\t\t\t\t\t\t\t\t\t\t\t\t\t\t\t<\/div>\n\t\t\t\t\t\t\t<\/a>\n\t\t\t\t\t\t<\/div>                  \n\t\t            <\/div>\n\t            <\/div>\n            \t\t\t\t\t<div class=\"item\">\n\t\t\t\t\t<div class=\"col-xs-4 col-md-3 product\" id=\"product-172186\">\n\t\t                <div>\n\t\t                    <a href=\"https:\/\/www.helmexpress.com\/fahrradshop\/fox-rampage-rs-mt-blk-downhilhelm-700043665.html\" title=\"FOX Rampage RS MT BLK Downhilhelm schwarz S\" class=\"product-link\">\n\t\t                        <span class=\"product-image\">\n\t\t                            <img src=\"https:\/\/cdn1.helmexpress.com\/media\/catalog\/product\/F\/O\/FOX_33636198571053577_6.png\" title=\"FOX Rampage RS MT BLK Downhilhelm schwarz S\" width=\"165\" height=\"220\"\/>\n\t\t\t\t\t\t\t\t<\/span>\n\t\t                        <div class=\"product-name\"><span>FOX Rampage RS MT BLK Downhilhelm schwarz S<\/span><\/div>\n\t\t                        \t\t                        <div class=\"new\">\n\t\t                        \t<div class=\"new-inner\">Neu<\/div>\n\t\t                        <\/div>\n\t\t                        \t\t                        \t                        \t<div class=\"price-box clearfix\">\n\t\t                        \t\t\t\t\t\t\t\t\t<p class=\"old-price\">\n\t\t\t\t\t\t\t\t\t\t<span class=\"price-label\">statt<\/span>\n\t\t\t\t\t\t\t\t\t\t<span class=\"price\" id=\"old-price-172186\">\n\t\t\t\t\t\t\t\t\t\t\t659,90 \u20ac\t\t\t\t\t\t\t\t\t\t<\/span>\n\t\t\t\t\t\t\t\t\t<\/p>\n\t\t                        \t<p class=\"special-price\">\n\t\t                \t\t\t\t<span class=\"price-label\">nur<\/span>\n\t\t                \t\t\t\t<span class=\"price\" id=\"product-price-172186\">\n\t\t                \t\t\t\t\t593,91 \u20ac\t\t                \t\t\t\t\t<span class=\"price-hint\">*<\/span>\n\t\t                \t\t\t\t<\/span>\n\t\t\t\t\t\t\t\t\t<\/p>\n\t\t\t\t\t\t\t\t\t\t\t\t\t\t\t\t\t<\/div>\n\t\t\t\t\t\t\t<\/a>\n\t\t\t\t\t\t<\/div>                  \n\t\t            <\/div>\n\t            <\/div>\n            \t\t\t            \t\t<\/div>\n\t\t        \t\t<\/div>\n\t\t        \t\t\t\t        \t\t<a data-slide=\"prev\" href=\"javascript:void(0)\" class=\"left carousel-control hidden\"><i class=\"fa fa-caret-left\"><\/i><\/a>\n\t\t      \t\t\t<a data-slide=\"next\" href=\"javascript:void(0)\" class=\"right carousel-control\"><i class=\"fa fa-caret-right\"><\/i><\/a>\n\t\t      \t\t\t\t\t\t\t\t<\/div>\n\t\t\t\t<\/div>\n\t\t\t<\/div>\n            \n<h2>In welchen L\u00e4ndern gibt es eine Helmpflicht f\u00fcr Radfahrer?<\/h2>\n<p>Es besteht weltweit kein Konsens dar\u00fcber, ob Radfahrer Helme tragen m\u00fcssen. In manchen L\u00e4ndern ist es Pflicht, in anderen nicht. Gro\u00dfbritannien schreibt beispielsweise das Tragen eines Helms beim Radfahren nicht obligatorisch vor; die Stra\u00dfenverkehrsordnung empfiehlt Radfahrern jedoch, dies zu tun.<\/p>\n<p>In Australien und Neuseeland hingegen besteht f\u00fcr alle Radfahrer Helmpflicht. Dieses Gesetz wurde Anfang der 1990er Jahre eingef\u00fchrt, um die Zahl der Kopfverletzungen von Radfahrern zu verringern. Der erw\u00fcnschte Effekt ist dem Gesetz gelungen. Daten der australischen Regierung zeigen, dass seit Einf\u00fchrung des Gesetzes die Zahl der Kopfverletzungen von Radfahrern um rund 60 % zur\u00fcckgegangen ist.<\/p>\n<p>Es gibt weltweit eine Reihe von L\u00e4ndern, in denen explizit Kinder beim Fahrradfahren einen Helm tragen m\u00fcssen. In einigen F\u00e4llen gilt das Gesetz nur f\u00fcr Personen unter einem bestimmten Alter, z. B. 14 oder 16 Jahre. In anderen m\u00fcssen alle Fahrer, unabh\u00e4ngig von ihrem Alter, Helme tragen. Einige der L\u00e4nder, die diese Art von Gesetz eingef\u00fchrt haben, w\u00e4ren Australien, Kanada, Frankreich, Neuseeland und Spanien.<\/p>\n<div id=\"attachment_2291\" style=\"width: 1034px\" class=\"wp-caption aligncenter\"><img aria-describedby=\"caption-attachment-2291\" loading=\"lazy\" class=\"wp-image-2291 size-large img-responsive\" src=\"https:\/\/www.helmexpress.com\/magazin\/wp-content\/uploads\/2022\/05\/Fahrradhelmpflicht_6-1024x683.jpg\" alt=\"Mit einem Fahrradhelm zu fahren, ist der beste Schutz !\" width=\"1024\" height=\"683\" srcset=\"https:\/\/www.helmexpress.com\/magazin\/wp-content\/uploads\/2022\/05\/Fahrradhelmpflicht_6-1024x683.jpg 1024w, https:\/\/www.helmexpress.com\/magazin\/wp-content\/uploads\/2022\/05\/Fahrradhelmpflicht_6-300x200.jpg 300w, https:\/\/www.helmexpress.com\/magazin\/wp-content\/uploads\/2022\/05\/Fahrradhelmpflicht_6-768x513.jpg 768w, https:\/\/www.helmexpress.com\/magazin\/wp-content\/uploads\/2022\/05\/Fahrradhelmpflicht_6-1536x1025.jpg 1536w, https:\/\/www.helmexpress.com\/magazin\/wp-content\/uploads\/2022\/05\/Fahrradhelmpflicht_6-2048x1367.jpg 2048w\" sizes=\"(max-width: 1024px) 100vw, 1024px\" \/><p id=\"caption-attachment-2291\" class=\"wp-caption-text\">Mit einem Fahrradhelm zu fahren, ist der beste Schutz !<\/p><\/div>\n<p>&nbsp;<\/p>\n<h2>Fazit: Darum ist es wichtig, einen Helm beim Fahrrad fahren zu tragen<\/h2>\n<p>Obwohl keine Fahrrad Helmpflicht in Deutschland gesetzlich vorgeschrieben ist, w\u00e4re es dennoch \u00e4u\u00dferst zu empfehlen, einen Helm im Stra\u00dfenverkehr zu verwenden. In einigen Bundesstaaten, wie beispielsweise Kalifornien, k\u00f6nnen Polizisten Ihnen ein Bu\u00dfgeld verh\u00e4ngen, wenn Sie keinen Helm tragen. Selbst ohne Helmpflicht in Deutschland kann das Tragen eines Fahrradhelms Ihr Leben retten. Immerhin sind Kopfverletzungen laut Unfallstatistik die h\u00e4ufigste Todesursache.<\/p>\n<p>Es gibt viele Gr\u00fcnde, warum es wichtig ist, beim Radfahren einen Helm zu tragen. Zun\u00e4chst einmal k\u00f6nnen Helme Ihren Kopf bei einem Unfall sch\u00fctzen. Sie k\u00f6nnen auch dazu beitragen, schwere Verletzungen wie Gehirnersch\u00fctterungen zu verhindern. Dar\u00fcber hinaus kann das Tragen eines Helms Sie f\u00fcr Autofahrer besser sichtbar machen, was zus\u00e4tzlich zu Ihrer Sicherheit beim Radfahren auf der Stra\u00dfe beitragen kann.<\/p>\n<p>Letztendlich liegt die Entscheidung, ob man beim Radfahren einen Helm tr\u00e4gt oder nicht, bei jedem einzelnen Radfahrer. Wir von <a href=\"https:\/\/www.helmexpress.com\/\">Helmexpress<\/a> empfehlen jedoch dringlichst das Tragen eines Fahrradhelms. Schauen Sie jetzt in unserem <a href=\"https:\/\/www.helmexpress.com\/fahrradshop\/\">Fahrradshop<\/a> vorbei, um von exklusiven Angeboten zu profitieren.<\/p>\n<p>&nbsp;<\/p>\n","protected":false},"excerpt":{"rendered":"<p>Gibt es in Deutschland eine Helmpflicht beim Radfahren? Eine gesetzliche Helmpflicht beim Radfahren besteht in Deutschland nicht. Viele Radfahrer entscheiden sich jedoch trotzdem f\u00fcr das Tragen eines Fahrradhelms, egal ob ein Rennradhelm oder Mountainbike Helm, da sie der Meinung sind, dass dieser Umstand ihnen mehr Sicherheit beim Fahren bietet. Obwohl Radfahren eine gesunde und umweltfreundliche [&hellip;]<\/p>\n","protected":false},"author":6,"featured_media":2288,"comment_status":"closed","ping_status":"closed","sticky":false,"template":"","format":"standard","meta":[],"categories":[1,10],"tags":[],"_links":{"self":[{"href":"https:\/\/www.helmexpress.com\/magazin\/wp-json\/wp\/v2\/posts\/2284"}],"collection":[{"href":"https:\/\/www.helmexpress.com\/magazin\/wp-json\/wp\/v2\/posts"}],"about":[{"href":"https:\/\/www.helmexpress.com\/magazin\/wp-json\/wp\/v2\/types\/post"}],"author":[{"embeddable":true,"href":"https:\/\/www.helmexpress.com\/magazin\/wp-json\/wp\/v2\/users\/6"}],"replies":[{"embeddable":true,"href":"https:\/\/www.helmexpress.com\/magazin\/wp-json\/wp\/v2\/comments?post=2284"}],"version-history":[{"count":13,"href":"https:\/\/www.helmexpress.com\/magazin\/wp-json\/wp\/v2\/posts\/2284\/revisions"}],"predecessor-version":[{"id":104059,"href":"https:\/\/www.helmexpress.com\/magazin\/wp-json\/wp\/v2\/posts\/2284\/revisions\/104059"}],"wp:featuredmedia":[{"embeddable":true,"href":"https:\/\/www.helmexpress.com\/magazin\/wp-json\/wp\/v2\/media\/2288"}],"wp:attachment":[{"href":"https:\/\/www.helmexpress.com\/magazin\/wp-json\/wp\/v2\/media?parent=2284"}],"wp:term":[{"taxonomy":"category","embeddable":true,"href":"https:\/\/www.helmexpress.com\/magazin\/wp-json\/wp\/v2\/categories?post=2284"},{"taxonomy":"post_tag","embeddable":true,"href":"https:\/\/www.helmexpress.com\/magazin\/wp-json\/wp\/v2\/tags?post=2284"}],"curies":[{"name":"wp","href":"https:\/\/api.w.org\/{rel}","templated":true}]}}