{"id":2260,"date":"2022-05-03T16:35:02","date_gmt":"2022-05-03T14:35:02","guid":{"rendered":"https:\/\/www.helmexpress.com\/magazin\/?p=2260"},"modified":"2023-11-23T11:29:31","modified_gmt":"2023-11-23T10:29:31","slug":"fahrradfahren-mit-dem-hund","status":"publish","type":"post","link":"https:\/\/www.helmexpress.com\/magazin\/fahrradfahren-mit-dem-hund\/","title":{"rendered":"Fahrradfahren mit dem Hund &#8211; so gelingt die neue Erkundungstour"},"content":{"rendered":"<h2>Welche Ausr\u00fcstung brauche ich zum Radfahren mit dem Hund?<\/h2>\n<p>Wenn Sie mit Ihrem vierbeinigen Freund eine Spritztour auf zwei R\u00e4dern unternehmen m\u00f6chten, brauchen Sie die richtige Ausr\u00fcstung. Ein Brustgeschirr ist mit das wichtigste Ausr\u00fcstungsst\u00fcck, da es Ihren Hund sicher und gesch\u00fctzt h\u00e4lt. Es gibt ein paar verschiedene Arten von Hundeleinen, also achten Sie beim Kauf auf die Deklaration &#8222;Brustgeschirr&#8220;.<\/p>\n<p>Neben einem Brustgeschirr ben\u00f6tigen Sie f\u00fcr Ihren Hund auch eine Fahrradleine und f\u00fcr sie selber einen <a href=\"https:\/\/www.helmexpress.com\/fahrradshop\/fahrradhelme\">Fahrradhelm<\/a>. Die Leine sollte mindestens 1,80 m lang sein und an einem Ende eine Schlaufe haben, um sie am Fahrrad zu befestigen. Der Helm sollte bequem auf ihrem Kopf sitzen und Bel\u00fcftungs\u00f6ffnungen haben, um sie k\u00fchl zu halten. Schauen Sie am besten in unserem <a href=\"https:\/\/www.helmexpress.com\/fahrradshop\/\">Fahrradshop<\/a> vorbei. <a href=\"https:\/\/www.helmexpress.com\/\">Helmexpress<\/a> ist bekannt f\u00fcr hohe Qualit\u00e4t namhafter Hersteller zu einem attraktiven Preis.<\/p>\n<p>Sie k\u00f6nnen auch in einen Fahrradanh\u00e4nger f\u00fcr Hunde investieren, wenn Sie l\u00e4ngere Fahrten planen. Indem Sie sicherstellen, dass Ihr Haustier bequem und sicher ist, k\u00f6nnen Sie beide jahrelang gemeinsam sorglos Rad fahren.<\/p>\n<p>Stellen Sie vor jeder Fahrt sicher, dass Sie viel Wasser und Snacks f\u00fcr Sie und Ihren Hund einpacken. Eine Fahrradtour mit Ihrem Hund ist eine tolle M\u00f6glichkeit, sich zu bewegen und gemeinsam Zeit im Freien zu verbringen. Unser Expertenteam vom <a href=\"https:\/\/www.helmexpress.com\/magazin\/\">Helmexpress Magazin<\/a> erkl\u00e4rt Ihnen alles Wichtige, dass es bez\u00fcglich einer Fahrt mit dem Hund zu beachten gilt.<\/p>\n<p>&nbsp;<\/p>\n<div id=\"attachment_2262\" style=\"width: 1034px\" class=\"wp-caption aligncenter\"><img aria-describedby=\"caption-attachment-2262\" loading=\"lazy\" class=\"wp-image-2262 size-large img-responsive\" src=\"https:\/\/www.helmexpress.com\/magazin\/wp-content\/uploads\/2022\/05\/fahrradfahren_mit_hund_2-1024x574.jpg\" alt=\"gut gesichert auf Entdeckungstour\" width=\"1024\" height=\"574\" srcset=\"https:\/\/www.helmexpress.com\/magazin\/wp-content\/uploads\/2022\/05\/fahrradfahren_mit_hund_2-1024x574.jpg 1024w, https:\/\/www.helmexpress.com\/magazin\/wp-content\/uploads\/2022\/05\/fahrradfahren_mit_hund_2-300x168.jpg 300w, https:\/\/www.helmexpress.com\/magazin\/wp-content\/uploads\/2022\/05\/fahrradfahren_mit_hund_2-768x430.jpg 768w, https:\/\/www.helmexpress.com\/magazin\/wp-content\/uploads\/2022\/05\/fahrradfahren_mit_hund_2-1536x861.jpg 1536w, https:\/\/www.helmexpress.com\/magazin\/wp-content\/uploads\/2022\/05\/fahrradfahren_mit_hund_2-2048x1148.jpg 2048w\" sizes=\"(max-width: 1024px) 100vw, 1024px\" \/><p id=\"caption-attachment-2262\" class=\"wp-caption-text\">gut gesichert auf Entdeckungstour<\/p><\/div>\n<p>&nbsp;<\/p>\n<h2>Den Hund an das Fahrrad gew\u00f6hnen<\/h2>\n<p>Es kann eine Herausforderung sein, einen Hund an ein Fahrrad zu gew\u00f6hnen, aber es lohnt sich. Ein Fahrrad ist eine gro\u00dfartige M\u00f6glichkeit f\u00fcr Sie und Ihren Hund, sich zu bewegen. Gleichzeitig bietet dieses auch eine unterhaltsame M\u00f6glichkeit, Zeit miteinander zu verbringen.<\/p>\n<p>Beginnen Sie damit, Ihren Hund allm\u00e4hlich an den Anblick und das Ger\u00e4usch des Fahrrads zu gew\u00f6hnen. Stellen Sie es in die Garage oder Einfahrt und lassen Sie es Ihren Hund in seinem eigenen Tempo erkunden. Als N\u00e4chstes nehmen Sie ihn f\u00fcr kurze Fahrten durch die Nachbarschaft mit. Wenn er z\u00f6gert, zwingen Sie ihn nicht, mitzukommen; \u00fcben Sie einfach weiter, bis er sich wohlf\u00fchlt.<\/p>\n<p>Belohnen Sie Ihren Hund mit viel Lob und Leckerchen, wenn er etwas richtig macht. Das wird ihn motivieren und die Erfahrung f\u00fcr euch beide angenehmer machen.<\/p>\n\t\t\t<link rel=\"stylesheet\" type=\"text\/css\" href=\"https:\/\/www.helmexpress.com\/magazin\/wp-content\/plugins\/helmexpress-products\/style.css\"\/>\n\t\t\t<div class=\"products-grid container\">\n\t\t\t  <div class=\"row\">\n\t\t\t    <div class=\"col-md-12\">\n\t\t\t      <div class=\"carousel slide hxCarousel\" id=\"hxCarousel-f319f34f4849319d23cae8def28fd400\">\n\t\t\t      \t<div class=\"carousel-inner\">\n\t\t\t\t\t\t\t<div class=\"item active\">\n\t\t\t\t\t<div class=\"col-xs-4 col-md-3 product\" id=\"product-100881\">\n\t\t                <div>\n\t\t                    <a href=\"https:\/\/www.helmexpress.com\/fahrradshop\/sparks-durham-herren-t-shirt-288001.html\" title=\"SPARKS DURHAM Herren T-Shirt olive gr\u00fcn L\" class=\"product-link\">\n\t\t                        <span class=\"product-image\">\n\t\t                            <img src=\"https:\/\/cdn1.helmexpress.com\/media\/catalog\/product\/s\/p\/sparks-durham-herren-t-shirt-olive-gruen-l-288001grl_3.jpg\" title=\"SPARKS DURHAM Herren T-Shirt olive gr\u00fcn L\" width=\"165\" height=\"220\"\/>\n\t\t\t\t\t\t\t\t<\/span>\n\t\t                        <div class=\"product-name\"><span>SPARKS DURHAM Herren T-Shirt olive gr\u00fcn L<\/span><\/div>\n\t\t                        \t\t                        \t                        \t<div class=\"price-box clearfix\">\n\t\t                        \t\t\t\t\t\t\t\t\t<p class=\"old-price\">\n\t\t\t\t\t\t\t\t\t\t<span class=\"price-label\">statt<\/span>\n\t\t\t\t\t\t\t\t\t\t<span class=\"price\" id=\"old-price-100881\">\n\t\t\t\t\t\t\t\t\t\t\t14,90 \u20ac\t\t\t\t\t\t\t\t\t\t<\/span>\n\t\t\t\t\t\t\t\t\t<\/p>\n\t\t                        \t<p class=\"special-price\">\n\t\t                \t\t\t\t<span class=\"price-label\">nur<\/span>\n\t\t                \t\t\t\t<span class=\"price\" id=\"product-price-100881\">\n\t\t                \t\t\t\t\t11,92 \u20ac\t\t                \t\t\t\t\t<span class=\"price-hint\">*<\/span>\n\t\t                \t\t\t\t<\/span>\n\t\t\t\t\t\t\t\t\t<\/p>\n\t\t\t\t\t\t\t\t\t\t\t\t\t\t\t\t\t<\/div>\n\t\t\t\t\t\t\t<\/a>\n\t\t\t\t\t\t<\/div>                  \n\t\t            <\/div>\n\t            <\/div>\n            \t\t\t\t\t<div class=\"item\">\n\t\t\t\t\t<div class=\"col-xs-4 col-md-3 product\" id=\"product-122133\">\n\t\t                <div>\n\t\t                    <a href=\"https:\/\/www.helmexpress.com\/fahrradshop\/macna-base-layer-cool-unterziehhose-302086.html\" title=\"MACNA BASE LAYER COOL Unterziehhose schw.-grau-silber S-M\" class=\"product-link\">\n\t\t                        <span class=\"product-image\">\n\t\t                            <img src=\"https:\/\/cdn1.helmexpress.com\/media\/catalog\/product\/m\/a\/macna-base-layer-cool-unterziehhose-schw-grau-silber-s-m-302086sgs_4.jpg\" title=\"MACNA BASE LAYER COOL Unterziehhose schw.-grau-silber S-M\" width=\"165\" height=\"220\"\/>\n\t\t\t\t\t\t\t\t<\/span>\n\t\t                        <div class=\"product-name\"><span>MACNA BASE LAYER COOL Unterziehhose schw.-grau-silber S-M<\/span><\/div>\n\t\t                        \t\t                        \t                        \t<div class=\"price-box clearfix\">\n\t\t                        \t\t\t\t\t\t\t\t\t<p class=\"old-price\">\n\t\t\t\t\t\t\t\t\t\t<span class=\"price-label\">statt<\/span>\n\t\t\t\t\t\t\t\t\t\t<span class=\"price\" id=\"old-price-122133\">\n\t\t\t\t\t\t\t\t\t\t\t59,95 \u20ac\t\t\t\t\t\t\t\t\t\t<\/span>\n\t\t\t\t\t\t\t\t\t<\/p>\n\t\t                        \t<p class=\"special-price\">\n\t\t                \t\t\t\t<span class=\"price-label\">nur<\/span>\n\t\t                \t\t\t\t<span class=\"price\" id=\"product-price-122133\">\n\t\t                \t\t\t\t\t47,96 \u20ac\t\t                \t\t\t\t\t<span class=\"price-hint\">*<\/span>\n\t\t                \t\t\t\t<\/span>\n\t\t\t\t\t\t\t\t\t<\/p>\n\t\t\t\t\t\t\t\t\t\t\t\t\t\t\t\t\t<\/div>\n\t\t\t\t\t\t\t<\/a>\n\t\t\t\t\t\t<\/div>                  \n\t\t            <\/div>\n\t            <\/div>\n            \t\t\t\t\t<div class=\"item\">\n\t\t\t\t\t<div class=\"col-xs-4 col-md-3 product\" id=\"product-103984\">\n\t\t                <div>\n\t\t                    <a href=\"https:\/\/www.helmexpress.com\/fahrradshop\/ixs-trigger-short-387003.html\" title=\"IXS TRIGGER Short schwarz-graphite XXL\" class=\"product-link\">\n\t\t                        <span class=\"product-image\">\n\t\t                            <img src=\"https:\/\/cdn1.helmexpress.com\/media\/catalog\/product\/i\/x\/ixs-trigger-short-schwarz-graphite-xxl-387003sgxxl_3.jpg\" title=\"IXS TRIGGER Short schwarz-graphite XXL\" width=\"165\" height=\"220\"\/>\n\t\t\t\t\t\t\t\t<\/span>\n\t\t                        <div class=\"product-name\"><span>IXS TRIGGER Short schwarz-graphite XXL<\/span><\/div>\n\t\t                        \t\t                        \t                        \t<div class=\"price-box clearfix\">\n\t\t                        \t\t\t\t\t\t\t\t\t<p class=\"old-price\">\n\t\t\t\t\t\t\t\t\t\t<span class=\"price-label\">statt<\/span>\n\t\t\t\t\t\t\t\t\t\t<span class=\"price\" id=\"old-price-103984\">\n\t\t\t\t\t\t\t\t\t\t\t119,00 \u20ac\t\t\t\t\t\t\t\t\t\t<\/span>\n\t\t\t\t\t\t\t\t\t<\/p>\n\t\t                        \t<p class=\"special-price\">\n\t\t                \t\t\t\t<span class=\"price-label\">nur<\/span>\n\t\t                \t\t\t\t<span class=\"price\" id=\"product-price-103984\">\n\t\t                \t\t\t\t\t95,20 \u20ac\t\t                \t\t\t\t\t<span class=\"price-hint\">*<\/span>\n\t\t                \t\t\t\t<\/span>\n\t\t\t\t\t\t\t\t\t<\/p>\n\t\t\t\t\t\t\t\t\t\t\t\t\t\t\t\t\t<\/div>\n\t\t\t\t\t\t\t<\/a>\n\t\t\t\t\t\t<\/div>                  \n\t\t            <\/div>\n\t            <\/div>\n            \t\t\t\t\t<div class=\"item\">\n\t\t\t\t\t<div class=\"col-xs-4 col-md-3 product\" id=\"product-172541\">\n\t\t                <div>\n\t\t                    <a href=\"https:\/\/www.helmexpress.com\/fahrradshop\/fox-launch-pro-ellenbogen-protektor-700044019.html\" title=\"FOX Launch Pro Ellenbogen Protektor schwarz M\" class=\"product-link\">\n\t\t                        <span class=\"product-image\">\n\t\t                            <img src=\"https:\/\/cdn1.helmexpress.com\/media\/catalog\/product\/F\/O\/FOX_30605191972871696_11.png\" title=\"FOX Launch Pro Ellenbogen Protektor schwarz M\" width=\"165\" height=\"220\"\/>\n\t\t\t\t\t\t\t\t<\/span>\n\t\t                        <div class=\"product-name\"><span>FOX Launch Pro Ellenbogen Protektor schwarz M<\/span><\/div>\n\t\t                        \t\t                        <div class=\"new\">\n\t\t                        \t<div class=\"new-inner\">Neu<\/div>\n\t\t                        <\/div>\n\t\t                        \t\t                        \t                        \t<div class=\"price-box clearfix\">\n\t\t                        \t\t\t\t\t\t\t\t\t<p class=\"old-price\">\n\t\t\t\t\t\t\t\t\t\t<span class=\"price-label\">statt<\/span>\n\t\t\t\t\t\t\t\t\t\t<span class=\"price\" id=\"old-price-172541\">\n\t\t\t\t\t\t\t\t\t\t\t134,90 \u20ac\t\t\t\t\t\t\t\t\t\t<\/span>\n\t\t\t\t\t\t\t\t\t<\/p>\n\t\t                        \t<p class=\"special-price\">\n\t\t                \t\t\t\t<span class=\"price-label\">nur<\/span>\n\t\t                \t\t\t\t<span class=\"price\" id=\"product-price-172541\">\n\t\t                \t\t\t\t\t121,41 \u20ac\t\t                \t\t\t\t\t<span class=\"price-hint\">*<\/span>\n\t\t                \t\t\t\t<\/span>\n\t\t\t\t\t\t\t\t\t<\/p>\n\t\t\t\t\t\t\t\t\t\t\t\t\t\t\t\t\t<\/div>\n\t\t\t\t\t\t\t<\/a>\n\t\t\t\t\t\t<\/div>                  \n\t\t            <\/div>\n\t            <\/div>\n            \t\t\t            \t\t<\/div>\n\t\t        \t\t<\/div>\n\t\t        \t\t\t\t\t\t\t<\/div>\n\t\t\t\t<\/div>\n\t\t\t<\/div>\n            \n<h2>Wie kann ich den Hund am Fahrrad befestigen?<\/h2>\n<p>Wenn Sie Ihren Hund auf eine Fahrradtour mitnehmen m\u00f6chten, gibt es verschiedene M\u00f6glichkeiten, ihn am Fahrrad zu befestigen. Eine M\u00f6glichkeit ist die Verwendung einer Fahrradstange. Hierbei handelt es sich um eine Metall- oder Holzstange, die an der Vorder- beziehungsweise R\u00fcckseite des Fahrrads befestigt wird und an der Ihr Hund entlang l\u00e4uft. Dies kann eine gute Option sein, wenn Sie einen kleinen Hund haben, da es ihn in Ihrer N\u00e4he h\u00e4lt und verhindert, dass er vor das Fahrrad rennt und sich verletzt. Eine weitere Option ist die Verwendung eines speziellen Geschirrs, mit dem Ihr Hund am Fahrrad befestigt wird. Diese Art von Geschirr geht normalerweise \u00fcber den Kopf und um die Brust und h\u00e4lt den Hund sicher an Ort und Stelle.<\/p>\n<div id=\"attachment_2264\" style=\"width: 1034px\" class=\"wp-caption aligncenter\"><img aria-describedby=\"caption-attachment-2264\" loading=\"lazy\" class=\"wp-image-2264 size-large img-responsive\" src=\"https:\/\/www.helmexpress.com\/magazin\/wp-content\/uploads\/2022\/05\/fahrradfahren_mit_hund_3-1024x684.jpg\" alt=\"Mit der richtigen Ausr\u00fcstung, einen sch\u00f6nen Ausflug erleben\" width=\"1024\" height=\"684\" srcset=\"https:\/\/www.helmexpress.com\/magazin\/wp-content\/uploads\/2022\/05\/fahrradfahren_mit_hund_3-1024x684.jpg 1024w, https:\/\/www.helmexpress.com\/magazin\/wp-content\/uploads\/2022\/05\/fahrradfahren_mit_hund_3-300x200.jpg 300w, https:\/\/www.helmexpress.com\/magazin\/wp-content\/uploads\/2022\/05\/fahrradfahren_mit_hund_3-768x513.jpg 768w, https:\/\/www.helmexpress.com\/magazin\/wp-content\/uploads\/2022\/05\/fahrradfahren_mit_hund_3-1536x1025.jpg 1536w, https:\/\/www.helmexpress.com\/magazin\/wp-content\/uploads\/2022\/05\/fahrradfahren_mit_hund_3-2048x1367.jpg 2048w\" sizes=\"(max-width: 1024px) 100vw, 1024px\" \/><p id=\"caption-attachment-2264\" class=\"wp-caption-text\">Mit der richtigen Ausr\u00fcstung, einen sch\u00f6nen Ausflug erleben<\/p><\/div>\n<p>&nbsp;<\/p>\n<h2>Mit welchen Hunderassen kann man Fahrrad fahren?<\/h2>\n<p>Fahrradfahren mit einem Hund kann eine gro\u00dfartige \u00dcbung f\u00fcr Sie beide sein. Es ist jedoch wichtig, die richtige Hunderasse zum Fahrradfahren auszuw\u00e4hlen. Kleine Hunde passen m\u00f6glicherweise auf einen kleinen Fahrradanh\u00e4nger, jedoch sollten die meisten gro\u00dfen Hunde an einer Fahrradleine gef\u00fchrt werden.<\/p>\n<p>Es gibt viele verschiedene Hunderassen, die bequem neben dem Fahrrad mitlaufen k\u00f6nnen. Einige der geeignetsten Rassen daf\u00fcr sind Huskys, Deutsche Sch\u00e4ferhunde und Labrador Retriever. Diese Rassen sind alle gro\u00df und haben viel Energie, sodass sie problemlos mit Ihnen Schritt halten k\u00f6nnen, w\u00e4hrend Sie Fahrrad fahren.<\/p>\n<p>Wenn Sie einen kleineren Hund haben, sollten Sie stattdessen einen Fahrradanh\u00e4nger verwenden. Fahrradanh\u00e4nger sind in verschiedenen Gr\u00f6\u00dfen erh\u00e4ltlich, sodass sie f\u00fcr Hunde verschiedener Rassen geeignet sind. Sie haben auch gepolsterte Sitze und Sicherheitsgurte, um Ihren Hund w\u00e4hrend der Fahrt sicher zu halten.<\/p>\n<h2>Wie schnell kann ich mit einem Hund Radfahren?<\/h2>\n<p>Radfahren mit einem Hund kann eine unterhaltsame und gesunde Art sein, Zeit miteinander zu verbringen. Aber wie schnell k\u00f6nnen Sie Rad fahren, wenn Sie einen pelzigen Freund an Ihrer Seite haben?<\/p>\n<p>Im Allgemeinen ist das Radfahren mit einem Hund angemessen, solange sich sowohl der Fahrer mit Fahrradhelm\u00a0 als auch der Hund wohlf\u00fchlen. Es ist jedoch wichtig zu bedenken, dass verschiedene Hunderassen unterschiedliche Energie- und Ausdauerniveaus haben. Im Allgemeinen k\u00f6nnen kleinere Hunde \u00fcber l\u00e4ngere Distanzen mit Ihnen mithalten als gr\u00f6\u00dfere Hunde.<\/p>\n<p>In der Regel k\u00f6nnen die meisten Halter beim Radfahren mit Hund ein Tempo von etwa 13 bis 16 km\/h halten. Wenn Ihr Hund jedoch sehr aktiv ist und viel Energie hat, k\u00f6nnen Sie m\u00f6glicherweise schneller fahren. Achten Sie stets auf das Wohlbefinden Ihres Hundes und nehmen Sie sicherheitshalber nur kleine Steigerungen vor.<\/p>\n<div id=\"attachment_2265\" style=\"width: 1034px\" class=\"wp-caption aligncenter\"><img aria-describedby=\"caption-attachment-2265\" loading=\"lazy\" class=\"wp-image-2265 size-large img-responsive\" src=\"https:\/\/www.helmexpress.com\/magazin\/wp-content\/uploads\/2022\/05\/fahrradfahren_mit_hund_1-1024x683.jpg\" alt=\"Auch der Hund f\u00fchlt sich pudelwohl \" width=\"1024\" height=\"683\" srcset=\"https:\/\/www.helmexpress.com\/magazin\/wp-content\/uploads\/2022\/05\/fahrradfahren_mit_hund_1-1024x683.jpg 1024w, https:\/\/www.helmexpress.com\/magazin\/wp-content\/uploads\/2022\/05\/fahrradfahren_mit_hund_1-300x200.jpg 300w, https:\/\/www.helmexpress.com\/magazin\/wp-content\/uploads\/2022\/05\/fahrradfahren_mit_hund_1-768x512.jpg 768w, https:\/\/www.helmexpress.com\/magazin\/wp-content\/uploads\/2022\/05\/fahrradfahren_mit_hund_1-1536x1024.jpg 1536w, https:\/\/www.helmexpress.com\/magazin\/wp-content\/uploads\/2022\/05\/fahrradfahren_mit_hund_1-2048x1365.jpg 2048w\" sizes=\"(max-width: 1024px) 100vw, 1024px\" \/><p id=\"caption-attachment-2265\" class=\"wp-caption-text\">Auch der Hund f\u00fchlt sich pudelwohl<\/p><\/div>\n<p>&nbsp;<\/p>\n<h2>Wie viele Kilometer kann ich mit dem Hund Radfahren?<\/h2>\n<p>Bei der Planung einer Radtour mit Hund gibt es einiges zu beachten. Ein wichtiger Faktor ist die Kenntnis dar\u00fcber, wie viel Distanz Sie bequem zur\u00fccklegen k\u00f6nnen. Sie m\u00fcssen auch die F\u00e4higkeiten und das Fitnessniveau Ihres Hundes, sowie das Gel\u00e4nde ber\u00fccksichtigen, auf dem Sie radeln werden.<\/p>\n<p>Radfahren mit Ihrem Hund kann eine gro\u00dfartige M\u00f6glichkeit sein, sich gemeinsam zu bewegen. Gleichzeitig ist es eine unterhaltsame M\u00f6glichkeit f\u00fcr Ihren Hund, neue Orte zu erkunden. Es ist jedoch wichtig, sich der Einschr\u00e4nkungen des Radfahrens mit Hunden bewusst zu sein.<\/p>\n<p>Im Allgemeinen k\u00f6nnen die meisten Hunde ungef\u00e4hr 10 Kilometer an Strecke pro Stunde zur\u00fccklegen, ohne zu m\u00fcde zu werden. Wenn Sie l\u00e4ngere Strecken radeln m\u00f6chten, m\u00fcssen Sie m\u00f6glicherweise unterwegs Pausen einlegen, damit sich Ihr Hund ausruhen kann.<\/p>\n\t\t\t<link rel=\"stylesheet\" type=\"text\/css\" href=\"https:\/\/www.helmexpress.com\/magazin\/wp-content\/plugins\/helmexpress-products\/style.css\"\/>\n\t\t\t<div class=\"products-grid container\">\n\t\t\t  <div class=\"row\">\n\t\t\t    <div class=\"col-md-12\">\n\t\t\t      <div class=\"carousel slide hxCarousel\" id=\"hxCarousel-0dee874dc268a51a5f7370f2b6cf8764\">\n\t\t\t      \t<div class=\"carousel-inner\">\n\t\t\t\t\t\t\t<div class=\"item active\">\n\t\t\t\t\t<div class=\"col-xs-4 col-md-3 product\" id=\"product-128093\">\n\t\t                <div>\n\t\t                    <a href=\"https:\/\/www.helmexpress.com\/fahrradshop\/deuter-ascender-13-rucksacke-700017521.html\" title=\"DEUTER ASCENDER 13 Rucks\u00e4cke saffron  13 L\" class=\"product-link\">\n\t\t                        <span class=\"product-image\">\n\t\t                            <img src=\"https:\/\/cdn1.helmexpress.com\/media\/catalog\/product\/D\/e\/Deuter_31001224046051131337.png\" title=\"DEUTER ASCENDER 13 Rucks\u00e4cke saffron  13 L\" width=\"165\" height=\"220\"\/>\n\t\t\t\t\t\t\t\t<\/span>\n\t\t                        <div class=\"product-name\"><span>DEUTER ASCENDER 13 Rucks\u00e4cke saffron  13 L<\/span><\/div>\n\t\t                        \t\t                        \t                        \t<div class=\"price-box clearfix\">\n\t\t                        \t\t\t\t\t\t\t\t\t<span class=\"regular-price\" id=\"product-price-128093\">\n\t                        \t\t\t<span class=\"price\">\n\t                        \t\t\t\t130,00 \u20ac\t                        \t\t\t\t<span class=\"price-hint\">*<\/span>\n\t                                \t<\/span>\n\t                                <\/span>\n\t\t\t\t\t\t\t\t\t\t\t\t\t\t\t\t\t<\/div>\n\t\t\t\t\t\t\t<\/a>\n\t\t\t\t\t\t<\/div>                  \n\t\t            <\/div>\n\t            <\/div>\n            \t\t\t\t\t<div class=\"item\">\n\t\t\t\t\t<div class=\"col-xs-4 col-md-3 product\" id=\"product-128965\">\n\t\t                <div>\n\t\t                    <a href=\"https:\/\/www.helmexpress.com\/fahrradshop\/deuter-ac-lite-30-rucksacke-700018374.html\" title=\"DEUTER AC LITE 30 Rucks\u00e4cke turmeric-khaki 30 L\" class=\"product-link\">\n\t\t                        <span class=\"product-image\">\n\t\t                            <img src=\"https:\/\/cdn1.helmexpress.com\/media\/catalog\/product\/D\/e\/Deuter_34210214046051146331_1_2.png\" title=\"DEUTER AC LITE 30 Rucks\u00e4cke turmeric-khaki 30 L\" width=\"165\" height=\"220\"\/>\n\t\t\t\t\t\t\t\t<\/span>\n\t\t                        <div class=\"product-name\"><span>DEUTER AC LITE 30 Rucks\u00e4cke turmeric-khaki 30 L<\/span><\/div>\n\t\t                        \t\t                        \t                        \t<div class=\"price-box clearfix\">\n\t\t                        \t\t\t\t\t\t\t\t\t<span class=\"regular-price\" id=\"product-price-128965\">\n\t                        \t\t\t<span class=\"price\">\n\t                        \t\t\t\t129,90 \u20ac\t                        \t\t\t\t<span class=\"price-hint\">*<\/span>\n\t                                \t<\/span>\n\t                                <\/span>\n\t\t\t\t\t\t\t\t\t\t\t\t\t\t\t\t\t<\/div>\n\t\t\t\t\t\t\t<\/a>\n\t\t\t\t\t\t<\/div>                  \n\t\t            <\/div>\n\t            <\/div>\n            \t\t\t\t\t<div class=\"item\">\n\t\t\t\t\t<div class=\"col-xs-4 col-md-3 product\" id=\"product-128963\">\n\t\t                <div>\n\t\t                    <a href=\"https:\/\/www.helmexpress.com\/fahrradshop\/deuter-ac-lite-30-rucksacke-700018374.html\" title=\"DEUTER AC LITE 30 Rucks\u00e4cke alpinegreen-arctic 30 L\" class=\"product-link\">\n\t\t                        <span class=\"product-image\">\n\t\t                            <img src=\"https:\/\/cdn1.helmexpress.com\/media\/catalog\/product\/D\/e\/Deuter_34210214046051134130.png\" title=\"DEUTER AC LITE 30 Rucks\u00e4cke alpinegreen-arctic 30 L\" width=\"165\" height=\"220\"\/>\n\t\t\t\t\t\t\t\t<\/span>\n\t\t                        <div class=\"product-name\"><span>DEUTER AC LITE 30 Rucks\u00e4cke alpinegreen-arctic 30 L<\/span><\/div>\n\t\t                        \t\t                        \t                        \t<div class=\"price-box clearfix\">\n\t\t                        \t\t\t\t\t\t\t\t\t<span class=\"regular-price\" id=\"product-price-128963\">\n\t                        \t\t\t<span class=\"price\">\n\t                        \t\t\t\t129,90 \u20ac\t                        \t\t\t\t<span class=\"price-hint\">*<\/span>\n\t                                \t<\/span>\n\t                                <\/span>\n\t\t\t\t\t\t\t\t\t\t\t\t\t\t\t\t\t<\/div>\n\t\t\t\t\t\t\t<\/a>\n\t\t\t\t\t\t<\/div>                  \n\t\t            <\/div>\n\t            <\/div>\n            \t\t\t\t\t<div class=\"item\">\n\t\t\t\t\t<div class=\"col-xs-4 col-md-3 product\" id=\"product-129105\">\n\t\t                <div>\n\t\t                    <a href=\"https:\/\/www.helmexpress.com\/fahrradshop\/deuter-aircontact-core-45-10-sl-rucksacke-700018517.html\" title=\"DEUTER AIRCONTACT CORE 45 + 10 SL Rucks\u00e4cke shale-ivy 45+10 L\" class=\"product-link\">\n\t\t                        <span class=\"product-image\">\n\t\t                            <img src=\"https:\/\/cdn1.helmexpress.com\/media\/catalog\/product\/D\/e\/Deuter_33502224046051131467.png\" title=\"DEUTER AIRCONTACT CORE 45 + 10 SL Rucks\u00e4cke shale-ivy 45+10 L\" width=\"165\" height=\"220\"\/>\n\t\t\t\t\t\t\t\t<\/span>\n\t\t                        <div class=\"product-name\"><span>DEUTER AIRCONTACT CORE 45 + 10 SL Rucks\u00e4cke shale-ivy 45+10 L<\/span><\/div>\n\t\t                        \t\t                        \t                        \t<div class=\"price-box clearfix\">\n\t\t                        \t\t\t\t\t\t\t\t\t<span class=\"regular-price\" id=\"product-price-129105\">\n\t                        \t\t\t<span class=\"price\">\n\t                        \t\t\t\t270,00 \u20ac\t                        \t\t\t\t<span class=\"price-hint\">*<\/span>\n\t                                \t<\/span>\n\t                                <\/span>\n\t\t\t\t\t\t\t\t\t\t\t\t\t\t\t\t\t<\/div>\n\t\t\t\t\t\t\t<\/a>\n\t\t\t\t\t\t<\/div>                  \n\t\t            <\/div>\n\t            <\/div>\n            \t\t\t\t\t<div class=\"item\">\n\t\t\t\t\t<div class=\"col-xs-4 col-md-3 product\" id=\"product-128905\">\n\t\t                <div>\n\t\t                    <a href=\"https:\/\/www.helmexpress.com\/fahrradshop\/deuter-ac-lite-17-rucksacke-700018316.html\" title=\"DEUTER AC LITE 17 Rucks\u00e4cke meadow-pepper 17 L\" class=\"product-link\">\n\t\t                        <span class=\"product-image\">\n\t\t                            <img src=\"https:\/\/cdn1.helmexpress.com\/media\/catalog\/product\/D\/e\/Deuter_34201214046051146140.png\" title=\"DEUTER AC LITE 17 Rucks\u00e4cke meadow-pepper 17 L\" width=\"165\" height=\"220\"\/>\n\t\t\t\t\t\t\t\t<\/span>\n\t\t                        <div class=\"product-name\"><span>DEUTER AC LITE 17 Rucks\u00e4cke meadow-pepper 17 L<\/span><\/div>\n\t\t                        \t\t                        \t                        \t<div class=\"price-box clearfix\">\n\t\t                        \t\t\t\t\t\t\t\t\t<span class=\"regular-price\" id=\"product-price-128905\">\n\t                        \t\t\t<span class=\"price\">\n\t                        \t\t\t\t105,00 \u20ac\t                        \t\t\t\t<span class=\"price-hint\">*<\/span>\n\t                                \t<\/span>\n\t                                <\/span>\n\t\t\t\t\t\t\t\t\t\t\t\t\t\t\t\t\t<\/div>\n\t\t\t\t\t\t\t<\/a>\n\t\t\t\t\t\t<\/div>                  \n\t\t            <\/div>\n\t            <\/div>\n            \t\t\t            \t\t<\/div>\n\t\t        \t\t<\/div>\n\t\t        \t\t\t\t        \t\t<a data-slide=\"prev\" href=\"javascript:void(0)\" class=\"left carousel-control hidden\"><i class=\"fa fa-caret-left\"><\/i><\/a>\n\t\t      \t\t\t<a data-slide=\"next\" href=\"javascript:void(0)\" class=\"right carousel-control\"><i class=\"fa fa-caret-right\"><\/i><\/a>\n\t\t      \t\t\t\t\t\t\t\t<\/div>\n\t\t\t\t<\/div>\n\t\t\t<\/div>\n            \n<h2>Fazit &#8211; Fahrradfahren mit Hund ist eine hervorragende Abwechslung<\/h2>\n<p>Radfahren mit einem Hund kann eine gro\u00dfartige M\u00f6glichkeit sein, sich zu bewegen und Ihre Routine zu \u00e4ndern. Es ist auch eine unterhaltsame Art, Zeit mit Ihrem Haustier zu verbringen. Radfahren ist eine <a href=\"https:\/\/www.helmexpress.com\/fahrradshop\/outdoor\">Outdoor-Aktivit\u00e4t<\/a> mit geringer Belastung, wodurch Ihre Gelenke geschont werden. Radfahren erm\u00f6glicht es Ihnen auch, eine gr\u00f6\u00dfere Distanz zur\u00fcckzulegen, als wenn Sie zu Fu\u00df gehen w\u00fcrden. So k\u00f6nnen Sie neue Gebiete erkunden. Hunde lieben es zu rennen und zu erkunden. Er wird es genie\u00dfen, dies w\u00e4hrend einer Fahrradtour mit seinem Besitzer gemeinsam tun zu k\u00f6nnen. Besuchen sie uns in unserem Shop: <a href=\"https:\/\/www.helmexpress.com\/fahrradshop\/\">Fahrrad Shop \u2217 Alles f\u00fcr das Fahrrad | HELMEXPRESS<\/a><\/p>\n","protected":false},"excerpt":{"rendered":"<p>Welche Ausr\u00fcstung brauche ich zum Radfahren mit dem Hund? Wenn Sie mit Ihrem vierbeinigen Freund eine Spritztour auf zwei R\u00e4dern unternehmen m\u00f6chten, brauchen Sie die richtige Ausr\u00fcstung. Ein Brustgeschirr ist mit das wichtigste Ausr\u00fcstungsst\u00fcck, da es Ihren Hund sicher und gesch\u00fctzt h\u00e4lt. Es gibt ein paar verschiedene Arten von Hundeleinen, also achten Sie beim Kauf [&hellip;]<\/p>\n","protected":false},"author":6,"featured_media":2269,"comment_status":"closed","ping_status":"closed","sticky":false,"template":"","format":"standard","meta":[],"categories":[1,10],"tags":[],"_links":{"self":[{"href":"https:\/\/www.helmexpress.com\/magazin\/wp-json\/wp\/v2\/posts\/2260"}],"collection":[{"href":"https:\/\/www.helmexpress.com\/magazin\/wp-json\/wp\/v2\/posts"}],"about":[{"href":"https:\/\/www.helmexpress.com\/magazin\/wp-json\/wp\/v2\/types\/post"}],"author":[{"embeddable":true,"href":"https:\/\/www.helmexpress.com\/magazin\/wp-json\/wp\/v2\/users\/6"}],"replies":[{"embeddable":true,"href":"https:\/\/www.helmexpress.com\/magazin\/wp-json\/wp\/v2\/comments?post=2260"}],"version-history":[{"count":18,"href":"https:\/\/www.helmexpress.com\/magazin\/wp-json\/wp\/v2\/posts\/2260\/revisions"}],"predecessor-version":[{"id":104018,"href":"https:\/\/www.helmexpress.com\/magazin\/wp-json\/wp\/v2\/posts\/2260\/revisions\/104018"}],"wp:featuredmedia":[{"embeddable":true,"href":"https:\/\/www.helmexpress.com\/magazin\/wp-json\/wp\/v2\/media\/2269"}],"wp:attachment":[{"href":"https:\/\/www.helmexpress.com\/magazin\/wp-json\/wp\/v2\/media?parent=2260"}],"wp:term":[{"taxonomy":"category","embeddable":true,"href":"https:\/\/www.helmexpress.com\/magazin\/wp-json\/wp\/v2\/categories?post=2260"},{"taxonomy":"post_tag","embeddable":true,"href":"https:\/\/www.helmexpress.com\/magazin\/wp-json\/wp\/v2\/tags?post=2260"}],"curies":[{"name":"wp","href":"https:\/\/api.w.org\/{rel}","templated":true}]}}