{"id":2096,"date":"2022-04-04T13:27:32","date_gmt":"2022-04-04T11:27:32","guid":{"rendered":"https:\/\/www.helmexpress.com\/magazin\/?p=2096"},"modified":"2023-11-25T14:44:15","modified_gmt":"2023-11-25T13:44:15","slug":"pferdesteuer-in-deutschland","status":"publish","type":"post","link":"https:\/\/www.helmexpress.com\/magazin\/pferdesteuer-in-deutschland\/","title":{"rendered":"Pferdesteuer in Deutschland \u2013 was du dar\u00fcber wissen solltest"},"content":{"rendered":"<p>Heute fassen wir im Magazin Blog ein hei\u00dfes Eisen an. Nein, es geht nicht um den Hufschmied und das Thema \u201eBarhuf oder Hufeisen\u201c, das wir in einem weiteren Artikel behandeln wollen. Heute geht es um die Einf\u00fchrung der <strong>Pferdesteuer<\/strong>. Zweifelsohne erhitzt die Pferdesteuer die Gem\u00fcter und teilt die Parteien in Pro und Contra. Wir sprechen zun\u00e4chst die Argumente der <strong>Bef\u00fcrworter<\/strong> sowie <strong>Gegner<\/strong> an und informieren im Anschluss, was du \u00fcber die Pferdesteuer wissen musst und wie sie erhoben wird. Selbst, wenn du in einer Gemeinde wohnst, die eine Steuer f\u00fcr Pferde erhebt \u2013 die Abgabe soll das Reitvergn\u00fcgen mit dem edlen Tier nicht schm\u00e4lern.<\/p>\n<p>&nbsp;<\/p>\n<div id=\"attachment_2098\" style=\"width: 1034px\" class=\"wp-caption aligncenter\"><img aria-describedby=\"caption-attachment-2098\" loading=\"lazy\" class=\"wp-image-2098 size-large img-responsive\" src=\"https:\/\/www.helmexpress.com\/magazin\/wp-content\/uploads\/2022\/03\/horse-shoe-110987_1920-1024x683.jpg\" alt=\"Ein Hufeisen steht f\u00fcr Gl\u00fcck und nicht f\u00fcr Pferdesteuer\" width=\"1024\" height=\"683\" srcset=\"https:\/\/www.helmexpress.com\/magazin\/wp-content\/uploads\/2022\/03\/horse-shoe-110987_1920-1024x683.jpg 1024w, https:\/\/www.helmexpress.com\/magazin\/wp-content\/uploads\/2022\/03\/horse-shoe-110987_1920-300x200.jpg 300w, https:\/\/www.helmexpress.com\/magazin\/wp-content\/uploads\/2022\/03\/horse-shoe-110987_1920-768x512.jpg 768w, https:\/\/www.helmexpress.com\/magazin\/wp-content\/uploads\/2022\/03\/horse-shoe-110987_1920-1536x1024.jpg 1536w, https:\/\/www.helmexpress.com\/magazin\/wp-content\/uploads\/2022\/03\/horse-shoe-110987_1920.jpg 1920w\" sizes=\"(max-width: 1024px) 100vw, 1024px\" \/><p id=\"caption-attachment-2098\" class=\"wp-caption-text\">Ein Hufeisen steht f\u00fcr Gl\u00fcck und nicht f\u00fcr Pferdesteuer<\/p><\/div>\n<h2>Die Pferdesteuer \u2013 Pro und Contra<\/h2>\n<p>Wer in Deutschland lebt, dem Land der Dichter und Denker, der wei\u00df, dass die Beh\u00f6rden besonders gerne daran denken, wie sich mit Steuern <strong>die \u00f6ffentlichen Kassen f\u00fcllen<\/strong> lassen. Nachdem bereits Hundebesitzer seit vielen Jahren Steuern f\u00fcr den treuen Vierbeiner zahlen m\u00fcssen, geraten nun auch verst\u00e4rkt <strong>Pferdebesitzer<\/strong> in den Fokus der steuerlichen Betrachtung. Hier sind zun\u00e4chst die Argumente der Bef\u00fcrworter von Pferde Steuern.<\/p>\n<h3>PRO Pferdesteuer<\/h3>\n<p>F\u00fcr ein Pferd Steuern zu erheben sei zul\u00e4ssig, meinen die Bef\u00fcrworter, weil es sich bei der Pferdehaltung um eine besondere Art von <strong>Luxus<\/strong> handeln w\u00fcrde \u2013 und Pferdebesitzer in der Regel zu den Besserverdienenden z\u00e4hlen. Die Abgabe soll der Instandhaltung von Reitwegen dienen und der <strong>Beseitigung etwaiger Flursch\u00e4den<\/strong> im Gel\u00e4nde. Eine Hundesteuer sei in der Gesellschaft ja auch seit vielen Jahren akzeptiert.<\/p>\n\t\t\t<link rel=\"stylesheet\" type=\"text\/css\" href=\"https:\/\/www.helmexpress.com\/magazin\/wp-content\/plugins\/helmexpress-products\/style.css\"\/>\n\t\t\t<div class=\"products-grid container\">\n\t\t\t  <div class=\"row\">\n\t\t\t    <div class=\"col-md-12\">\n\t\t\t      <div class=\"carousel slide hxCarousel\" id=\"hxCarousel-6d8e97ffbf2009179fc51dbf6362b66e\">\n\t\t\t      \t<div class=\"carousel-inner\">\n\t\t\t\t\t\t\t<div class=\"item active\">\n\t\t\t\t\t<div class=\"col-xs-4 col-md-3 product\" id=\"product-99586\">\n\t\t                <div>\n\t\t                    <a href=\"https:\/\/www.helmexpress.com\/segura-amanda-lady-t-shirt-244060.html\" title=\"SEGURA AMANDA LADY T-Shirt navy blau 40-T2\" class=\"product-link\">\n\t\t                        <span class=\"product-image\">\n\t\t                            <img src=\"https:\/\/cdn1.helmexpress.com\/media\/catalog\/product\/s\/e\/segura-amanda-lady-t-shirt-navy-blau-40-t2-244060na40_4.jpg\" title=\"SEGURA AMANDA LADY T-Shirt navy blau 40-T2\" width=\"165\" height=\"220\"\/>\n\t\t\t\t\t\t\t\t<\/span>\n\t\t                        <div class=\"product-name\"><span>SEGURA AMANDA LADY T-Shirt navy blau 40-T2<\/span><\/div>\n\t\t                        \t\t                        \t                        \t<div class=\"price-box clearfix\">\n\t\t                        \t\t\t\t\t\t\t\t\t<p class=\"old-price\">\n\t\t\t\t\t\t\t\t\t\t<span class=\"price-label\">statt<\/span>\n\t\t\t\t\t\t\t\t\t\t<span class=\"price\" id=\"old-price-99586\">\n\t\t\t\t\t\t\t\t\t\t\t39,99 \u20ac\t\t\t\t\t\t\t\t\t\t<\/span>\n\t\t\t\t\t\t\t\t\t<\/p>\n\t\t                        \t<p class=\"special-price\">\n\t\t                \t\t\t\t<span class=\"price-label\">nur<\/span>\n\t\t                \t\t\t\t<span class=\"price\" id=\"product-price-99586\">\n\t\t                \t\t\t\t\t31,99 \u20ac\t\t                \t\t\t\t\t<span class=\"price-hint\">*<\/span>\n\t\t                \t\t\t\t<\/span>\n\t\t\t\t\t\t\t\t\t<\/p>\n\t\t\t\t\t\t\t\t\t\t\t\t\t\t\t\t\t<\/div>\n\t\t\t\t\t\t\t<\/a>\n\t\t\t\t\t\t<\/div>                  \n\t\t            <\/div>\n\t            <\/div>\n            \t\t\t\t\t<div class=\"item\">\n\t\t\t\t\t<div class=\"col-xs-4 col-md-3 product\" id=\"product-132607\">\n\t\t                <div>\n\t\t                    <a href=\"https:\/\/www.helmexpress.com\/equith-me-mesh-polohemd-mit-polokragen-kinder-700015821.html\" title=\"EQUITH\u00c8ME Mesh Polohemd mit Polokragen Kinder weiss-blau 10 Jahre-110\" class=\"product-link\">\n\t\t                        <span class=\"product-image\">\n\t\t                            <img src=\"https:\/\/cdn1.helmexpress.com\/media\/catalog\/product\/E\/Q\/EQUITH_ME_9870223338025539005_12.jpg\" title=\"EQUITH\u00c8ME Mesh Polohemd mit Polokragen Kinder weiss-blau 10 Jahre-110\" width=\"165\" height=\"220\"\/>\n\t\t\t\t\t\t\t\t<\/span>\n\t\t                        <div class=\"product-name\"><span>EQUITH\u00c8ME Mesh Polohemd mit Polokragen Kinder weiss-blau 10 Jahre-110<\/span><\/div>\n\t\t                        \t\t                        \t                        \t<div class=\"price-box clearfix\">\n\t\t                        \t\t\t\t\t\t\t\t\t<span class=\"regular-price\" id=\"product-price-132607\">\n\t                        \t\t\t<span class=\"price\">\n\t                        \t\t\t\t41,90 \u20ac\t                        \t\t\t\t<span class=\"price-hint\">*<\/span>\n\t                                \t<\/span>\n\t                                <\/span>\n\t\t\t\t\t\t\t\t\t\t\t\t\t\t\t\t\t<\/div>\n\t\t\t\t\t\t\t<\/a>\n\t\t\t\t\t\t<\/div>                  \n\t\t            <\/div>\n\t            <\/div>\n            \t\t\t\t\t<div class=\"item\">\n\t\t\t\t\t<div class=\"col-xs-4 col-md-3 product\" id=\"product-116326\">\n\t\t                <div>\n\t\t                    <a href=\"https:\/\/www.helmexpress.com\/equith-me-mesh-damen-polohemd-700009217.html\" title=\"EQUITH\u00c8ME Mesh Damen Polohelmd weiss-braun 38-M\" class=\"product-link\">\n\t\t                        <span class=\"product-image\">\n\t\t                            <img src=\"https:\/\/cdn1.helmexpress.com\/media\/catalog\/product\/E\/Q\/EQUITH_ME_9870063338025487733_4.jpg\" title=\"EQUITH\u00c8ME Mesh Damen Polohelmd weiss-braun 38-M\" width=\"165\" height=\"220\"\/>\n\t\t\t\t\t\t\t\t<\/span>\n\t\t                        <div class=\"product-name\"><span>EQUITH\u00c8ME Mesh Damen Polohelmd weiss-braun 38-M<\/span><\/div>\n\t\t                        \t\t                        \t                        \t<div class=\"price-box clearfix\">\n\t\t                        \t\t\t\t\t\t\t\t\t<p class=\"old-price\">\n\t\t\t\t\t\t\t\t\t\t<span class=\"price-label\">statt<\/span>\n\t\t\t\t\t\t\t\t\t\t<span class=\"price\" id=\"old-price-116326\">\n\t\t\t\t\t\t\t\t\t\t\t36,90 \u20ac\t\t\t\t\t\t\t\t\t\t<\/span>\n\t\t\t\t\t\t\t\t\t<\/p>\n\t\t                        \t<p class=\"special-price\">\n\t\t                \t\t\t\t<span class=\"price-label\">nur<\/span>\n\t\t                \t\t\t\t<span class=\"price\" id=\"product-price-116326\">\n\t\t                \t\t\t\t\t32,90 \u20ac\t\t                \t\t\t\t\t<span class=\"price-hint\">*<\/span>\n\t\t                \t\t\t\t<\/span>\n\t\t\t\t\t\t\t\t\t<\/p>\n\t\t\t\t\t\t\t\t\t\t\t\t\t\t\t\t\t<\/div>\n\t\t\t\t\t\t\t<\/a>\n\t\t\t\t\t\t<\/div>                  \n\t\t            <\/div>\n\t            <\/div>\n            \t\t\t\t\t<div class=\"item\">\n\t\t\t\t\t<div class=\"col-xs-4 col-md-3 product\" id=\"product-100916\">\n\t\t                <div>\n\t\t                    <a href=\"https:\/\/www.helmexpress.com\/sparks-mackay-t-shirt-288006.html\" title=\"SPARKS MACKAY T-Shirt grau S\" class=\"product-link\">\n\t\t                        <span class=\"product-image\">\n\t\t                            <img src=\"https:\/\/cdn1.helmexpress.com\/media\/catalog\/product\/s\/p\/sparks-mackay-t-shirt-grau-s-288006grs_2.jpg\" title=\"SPARKS MACKAY T-Shirt grau S\" width=\"165\" height=\"220\"\/>\n\t\t\t\t\t\t\t\t<\/span>\n\t\t                        <div class=\"product-name\"><span>SPARKS MACKAY T-Shirt grau S<\/span><\/div>\n\t\t                        \t\t                        \t                        \t<div class=\"price-box clearfix\">\n\t\t                        \t\t\t\t\t\t\t\t\t<p class=\"old-price\">\n\t\t\t\t\t\t\t\t\t\t<span class=\"price-label\">statt<\/span>\n\t\t\t\t\t\t\t\t\t\t<span class=\"price\" id=\"old-price-100916\">\n\t\t\t\t\t\t\t\t\t\t\t14,90 \u20ac\t\t\t\t\t\t\t\t\t\t<\/span>\n\t\t\t\t\t\t\t\t\t<\/p>\n\t\t                        \t<p class=\"special-price\">\n\t\t                \t\t\t\t<span class=\"price-label\">nur<\/span>\n\t\t                \t\t\t\t<span class=\"price\" id=\"product-price-100916\">\n\t\t                \t\t\t\t\t11,92 \u20ac\t\t                \t\t\t\t\t<span class=\"price-hint\">*<\/span>\n\t\t                \t\t\t\t<\/span>\n\t\t\t\t\t\t\t\t\t<\/p>\n\t\t\t\t\t\t\t\t\t\t\t\t\t\t\t\t\t<\/div>\n\t\t\t\t\t\t\t<\/a>\n\t\t\t\t\t\t<\/div>                  \n\t\t            <\/div>\n\t            <\/div>\n            \t\t\t\t\t<div class=\"item\">\n\t\t\t\t\t<div class=\"col-xs-4 col-md-3 product\" id=\"product-99569\">\n\t\t                <div>\n\t\t                    <a href=\"https:\/\/www.helmexpress.com\/segura-amanda-lady-t-shirt-244060.html\" title=\"SEGURA AMANDA LADY T-Shirt navy blau 44-T4\" class=\"product-link\">\n\t\t                        <span class=\"product-image\">\n\t\t                            <img src=\"https:\/\/cdn1.helmexpress.com\/media\/catalog\/product\/s\/e\/segura-amanda-lady-t-shirt-navy-blau-44-t4-244060na44_4.jpg\" title=\"SEGURA AMANDA LADY T-Shirt navy blau 44-T4\" width=\"165\" height=\"220\"\/>\n\t\t\t\t\t\t\t\t<\/span>\n\t\t                        <div class=\"product-name\"><span>SEGURA AMANDA LADY T-Shirt navy blau 44-T4<\/span><\/div>\n\t\t                        \t\t                        \t                        \t<div class=\"price-box clearfix\">\n\t\t                        \t\t\t\t\t\t\t\t\t<p class=\"old-price\">\n\t\t\t\t\t\t\t\t\t\t<span class=\"price-label\">statt<\/span>\n\t\t\t\t\t\t\t\t\t\t<span class=\"price\" id=\"old-price-99569\">\n\t\t\t\t\t\t\t\t\t\t\t39,99 \u20ac\t\t\t\t\t\t\t\t\t\t<\/span>\n\t\t\t\t\t\t\t\t\t<\/p>\n\t\t                        \t<p class=\"special-price\">\n\t\t                \t\t\t\t<span class=\"price-label\">nur<\/span>\n\t\t                \t\t\t\t<span class=\"price\" id=\"product-price-99569\">\n\t\t                \t\t\t\t\t31,99 \u20ac\t\t                \t\t\t\t\t<span class=\"price-hint\">*<\/span>\n\t\t                \t\t\t\t<\/span>\n\t\t\t\t\t\t\t\t\t<\/p>\n\t\t\t\t\t\t\t\t\t\t\t\t\t\t\t\t\t<\/div>\n\t\t\t\t\t\t\t<\/a>\n\t\t\t\t\t\t<\/div>                  \n\t\t            <\/div>\n\t            <\/div>\n            \t\t\t            \t\t<\/div>\n\t\t        \t\t<\/div>\n\t\t        \t\t\t\t        \t\t<a data-slide=\"prev\" href=\"javascript:void(0)\" class=\"left carousel-control hidden\"><i class=\"fa fa-caret-left\"><\/i><\/a>\n\t\t      \t\t\t<a data-slide=\"next\" href=\"javascript:void(0)\" class=\"right carousel-control\"><i class=\"fa fa-caret-right\"><\/i><\/a>\n\t\t      \t\t\t\t\t\t\t\t<\/div>\n\t\t\t\t<\/div>\n\t\t\t<\/div>\n            \n<h3>CONTRA Pferdesteuer<\/h3>\n<p>Mit der Hundesteuer sei die <strong>Pferdesteuer<\/strong> nicht zu vergleichen, argumentieren indessen die Pferdefreunde. Die Hundesteuer sei ja urspr\u00fcnglich eingef\u00fchrt worden, damit die Anzahl der Hundebesitzer nicht ausufern sollte. Die Pferdehaltung sei hingegen eher selten anzutreffen und erfreue sich einer breiten Unterst\u00fctzung. Zudem wird bem\u00e4ngelt, dass die Pferdesteuer <strong>nicht zweckgebunden<\/strong> sei. Es w\u00e4re demnach nicht sicher, dass die eingenommenen Steuergelder tats\u00e4chlich dem <a href=\"https:\/\/www.helmexpress.com\/reitershop\/\">Reitsport<\/a> und der Pflege der \u00f6ffentlichen Reitwege und Gel\u00e4ndefl\u00e4chen zugutek\u00e4men. Sollte ein Pferd indessen einen gr\u00f6\u00dferen Schaden anrichten, sei dies ohnehin durch die <strong>Pferdehaftpflichtversicherung<\/strong> abgedeckt.<\/p>\n<p>Nach langen und hitzigen Diskussionen kam es schlie\u00dflich doch zur <strong>Einf\u00fchrung der Pferdesteuer<\/strong> \u2013 wenngleich es bei der Umsetzung bislang recht entspannt zugeht und es Ausnahmen von der Regelung gibt. Wie sieht es also im Detail aus?<\/p>\n<div id=\"attachment_2119\" style=\"width: 1034px\" class=\"wp-caption aligncenter\"><img aria-describedby=\"caption-attachment-2119\" loading=\"lazy\" class=\"wp-image-2119 size-full img-responsive\" src=\"https:\/\/www.helmexpress.com\/magazin\/wp-content\/uploads\/2022\/04\/shutterstock_1753512848-pferdsteuer-neu.jpg\" alt=\"Immer diese Steuern......\" width=\"1024\" height=\"434\" srcset=\"https:\/\/www.helmexpress.com\/magazin\/wp-content\/uploads\/2022\/04\/shutterstock_1753512848-pferdsteuer-neu.jpg 1024w, https:\/\/www.helmexpress.com\/magazin\/wp-content\/uploads\/2022\/04\/shutterstock_1753512848-pferdsteuer-neu-300x127.jpg 300w, https:\/\/www.helmexpress.com\/magazin\/wp-content\/uploads\/2022\/04\/shutterstock_1753512848-pferdsteuer-neu-768x326.jpg 768w\" sizes=\"(max-width: 1024px) 100vw, 1024px\" \/><p id=\"caption-attachment-2119\" class=\"wp-caption-text\">Immer diese Steuern&#8230;&#8230;<\/p><\/div>\n<p>&nbsp;<\/p>\n<h2>Die Pferdesteuer \u2013 die gesetzliche Grundlage<\/h2>\n<p>Im August 2015 erkl\u00e4rte das Bundesverwaltungsgericht (BVerwG) <strong>die Erhebung einer Pferdesteuer f\u00fcr zul\u00e4ssig<\/strong>. Das BVerwG schloss sich der Meinung an, dass es sich bei der Pferdehaltung um ein Luxushobby handeln w\u00fcrde, das \u00fcber den allgemeinen Lebensbedarf hinausginge. Auch seien Pferdebesitzer durchaus als Besserverdiener anzusehen. Allerdings d\u00fcrfe die Steuersatzung nicht dazu f\u00fchren, dass das Pferd nicht weiter gehalten werden k\u00f6nne. Die Abgabe d\u00fcrfe deshalb keine \u201eerdrosselnde Wirkung\u201c haben. Die Pferdesteuer darf <strong>maximal 750 Euro pro Jahr und <a href=\"https:\/\/www.helmexpress.com\/reitershop\/pferd\">Pferd<\/a><\/strong> betragen.<\/p>\n<h2>Was ist die Pferdesteuer?<\/h2>\n<p>Die <strong>Pferdesteuer<\/strong> ist eine kommunale Steuer, die Gemeinden oder St\u00e4dte erheben k\u00f6nnen \u2013 sie sind dazu jedoch nicht verpflichtet. Auf Basis des Kommunalabgabengesetzes <strong>kann jede Kommune selbst entscheiden, ob und wie sie die Steuer erhebt<\/strong>. In der Tat ist es so, dass zurzeit nur drei Gemeinden im Bundesland Hessen die Pferdesteuer erheben. Demnach ist die Steuerpflicht auf Pferde noch die absolute Ausnahme.<\/p>\n\t\t\t<link rel=\"stylesheet\" type=\"text\/css\" href=\"https:\/\/www.helmexpress.com\/magazin\/wp-content\/plugins\/helmexpress-products\/style.css\"\/>\n\t\t\t<div class=\"products-grid container\">\n\t\t\t  <div class=\"row\">\n\t\t\t    <div class=\"col-md-12\">\n\t\t\t      <div class=\"carousel slide hxCarousel\" id=\"hxCarousel-6d8e97ffbf2009179fc51dbf6362b66e\">\n\t\t\t      \t<div class=\"carousel-inner\">\n\t\t\t\t\t\t\t<div class=\"item active\">\n\t\t\t\t\t<div class=\"col-xs-4 col-md-3 product\" id=\"product-91800\">\n\t\t                <div>\n\t\t                    <a href=\"https:\/\/www.helmexpress.com\/uvex-perfexxion-ii-reithelm-157090.html\" title=\"UVEX PERFEXXION II Reithelm matt schwarz XS-S 54-55cm\" class=\"product-link\">\n\t\t                        <span class=\"product-image\">\n\t\t                            <img src=\"https:\/\/cdn1.helmexpress.com\/media\/catalog\/product\/u\/v\/uvex-perfexxion-ii-reithelm-matt-schwarz-xs-s-54-55cm-157090mss_1.jpg\" title=\"UVEX PERFEXXION II Reithelm matt schwarz XS-S 54-55cm\" width=\"165\" height=\"220\"\/>\n\t\t\t\t\t\t\t\t<\/span>\n\t\t                        <div class=\"product-name\"><span>UVEX PERFEXXION II Reithelm matt schwarz XS-S 54-55cm<\/span><\/div>\n\t\t                        \t\t                        \t                        \t<div class=\"price-box clearfix\">\n\t\t                        \t\t\t\t\t\t\t\t\t<p class=\"old-price\">\n\t\t\t\t\t\t\t\t\t\t<span class=\"price-label\">statt<\/span>\n\t\t\t\t\t\t\t\t\t\t<span class=\"price\" id=\"old-price-91800\">\n\t\t\t\t\t\t\t\t\t\t\t259,90 \u20ac\t\t\t\t\t\t\t\t\t\t<\/span>\n\t\t\t\t\t\t\t\t\t<\/p>\n\t\t                        \t<p class=\"special-price\">\n\t\t                \t\t\t\t<span class=\"price-label\">nur<\/span>\n\t\t                \t\t\t\t<span class=\"price\" id=\"product-price-91800\">\n\t\t                \t\t\t\t\t220,92 \u20ac\t\t                \t\t\t\t\t<span class=\"price-hint\">*<\/span>\n\t\t                \t\t\t\t<\/span>\n\t\t\t\t\t\t\t\t\t<\/p>\n\t\t\t\t\t\t\t\t\t\t\t\t\t\t\t\t\t<\/div>\n\t\t\t\t\t\t\t<\/a>\n\t\t\t\t\t\t<\/div>                  \n\t\t            <\/div>\n\t            <\/div>\n            \t\t\t\t\t<div class=\"item\">\n\t\t\t\t\t<div class=\"col-xs-4 col-md-3 product\" id=\"product-172143\">\n\t\t                <div>\n\t\t                    <a href=\"https:\/\/www.helmexpress.com\/casco-apart-embellis-reithelm-138154.html\" title=\"CASCO APART EMBELLIS Reithelm schwarz L 58-62cm\" class=\"product-link\">\n\t\t                        <span class=\"product-image\">\n\t\t                            <img src=\"https:\/\/cdn1.helmexpress.com\/media\/catalog\/product\/c\/a\/casco-apart-embellis-reithelm-schwarz-l-58-62cm-138154swl.jpg\" title=\"CASCO APART EMBELLIS Reithelm schwarz L 58-62cm\" width=\"165\" height=\"220\"\/>\n\t\t\t\t\t\t\t\t<\/span>\n\t\t                        <div class=\"product-name\"><span>CASCO APART EMBELLIS Reithelm schwarz L 58-62cm<\/span><\/div>\n\t\t                        \t\t                        <div class=\"new\">\n\t\t                        \t<div class=\"new-inner\">Neu<\/div>\n\t\t                        <\/div>\n\t\t                        \t\t                        \t                        \t<div class=\"price-box clearfix\">\n\t\t                        \t\t\t\t\t\t\t\t\t<p class=\"old-price\">\n\t\t\t\t\t\t\t\t\t\t<span class=\"price-label\">statt<\/span>\n\t\t\t\t\t\t\t\t\t\t<span class=\"price\" id=\"old-price-172143\">\n\t\t\t\t\t\t\t\t\t\t\t399,90 \u20ac\t\t\t\t\t\t\t\t\t\t<\/span>\n\t\t\t\t\t\t\t\t\t<\/p>\n\t\t                        \t<p class=\"special-price\">\n\t\t                \t\t\t\t<span class=\"price-label\">nur<\/span>\n\t\t                \t\t\t\t<span class=\"price\" id=\"product-price-172143\">\n\t\t                \t\t\t\t\t339,92 \u20ac\t\t                \t\t\t\t\t<span class=\"price-hint\">*<\/span>\n\t\t                \t\t\t\t<\/span>\n\t\t\t\t\t\t\t\t\t<\/p>\n\t\t\t\t\t\t\t\t\t\t\t\t\t\t\t\t\t<\/div>\n\t\t\t\t\t\t\t<\/a>\n\t\t\t\t\t\t<\/div>                  \n\t\t            <\/div>\n\t            <\/div>\n            \t\t\t\t\t<div class=\"item\">\n\t\t\t\t\t<div class=\"col-xs-4 col-md-3 product\" id=\"product-91550\">\n\t\t                <div>\n\t\t                    <a href=\"https:\/\/www.helmexpress.com\/uvex-elexxion-pro-reithelm-157088.html\" title=\"UVEX ELEXXION PRO matt braun-shiny braun M-L 57-59cm\" class=\"product-link\">\n\t\t                        <span class=\"product-image\">\n\t\t                            <img src=\"https:\/\/cdn1.helmexpress.com\/media\/catalog\/product\/u\/v\/uvex-elexxion-pro-matt-braun-shiny-braun-m-l-57-59cm-157088brm_4.jpg\" title=\"UVEX ELEXXION PRO matt braun-shiny braun M-L 57-59cm\" width=\"165\" height=\"220\"\/>\n\t\t\t\t\t\t\t\t<\/span>\n\t\t                        <div class=\"product-name\"><span>UVEX ELEXXION PRO matt braun-shiny braun M-L 57-59cm<\/span><\/div>\n\t\t                        \t\t                        \t                        \t<div class=\"price-box clearfix\">\n\t\t                        \t\t\t\t\t\t\t\t\t<p class=\"old-price\">\n\t\t\t\t\t\t\t\t\t\t<span class=\"price-label\">statt<\/span>\n\t\t\t\t\t\t\t\t\t\t<span class=\"price\" id=\"old-price-91550\">\n\t\t\t\t\t\t\t\t\t\t\t239,90 \u20ac\t\t\t\t\t\t\t\t\t\t<\/span>\n\t\t\t\t\t\t\t\t\t<\/p>\n\t\t                        \t<p class=\"special-price\">\n\t\t                \t\t\t\t<span class=\"price-label\">nur<\/span>\n\t\t                \t\t\t\t<span class=\"price\" id=\"product-price-91550\">\n\t\t                \t\t\t\t\t203,92 \u20ac\t\t                \t\t\t\t\t<span class=\"price-hint\">*<\/span>\n\t\t                \t\t\t\t<\/span>\n\t\t\t\t\t\t\t\t\t<\/p>\n\t\t\t\t\t\t\t\t\t\t\t\t\t\t\t\t\t<\/div>\n\t\t\t\t\t\t\t<\/a>\n\t\t\t\t\t\t<\/div>                  \n\t\t            <\/div>\n\t            <\/div>\n            \t\t\t\t\t<div class=\"item\">\n\t\t\t\t\t<div class=\"col-xs-4 col-md-3 product\" id=\"product-151059\">\n\t\t                <div>\n\t\t                    <a href=\"https:\/\/www.helmexpress.com\/casco-duell-reithelm-138131.html\" title=\"CASCO DUELL Reithelm dunkelblau L 58-60cm\" class=\"product-link\">\n\t\t                        <span class=\"product-image\">\n\t\t                            <img src=\"https:\/\/cdn1.helmexpress.com\/media\/catalog\/product\/c\/a\/casco-duell-reithelm-dunkelblau-l-58-60cm-138131dbl.jpg\" title=\"CASCO DUELL Reithelm dunkelblau L 58-60cm\" width=\"165\" height=\"220\"\/>\n\t\t\t\t\t\t\t\t<\/span>\n\t\t                        <div class=\"product-name\"><span>CASCO DUELL Reithelm dunkelblau L 58-60cm<\/span><\/div>\n\t\t                        \t\t                        \t                        \t<div class=\"price-box clearfix\">\n\t\t                        \t\t\t\t\t\t\t\t\t<p class=\"old-price\">\n\t\t\t\t\t\t\t\t\t\t<span class=\"price-label\">statt<\/span>\n\t\t\t\t\t\t\t\t\t\t<span class=\"price\" id=\"old-price-151059\">\n\t\t\t\t\t\t\t\t\t\t\t184,90 \u20ac\t\t\t\t\t\t\t\t\t\t<\/span>\n\t\t\t\t\t\t\t\t\t<\/p>\n\t\t                        \t<p class=\"special-price\">\n\t\t                \t\t\t\t<span class=\"price-label\">nur<\/span>\n\t\t                \t\t\t\t<span class=\"price\" id=\"product-price-151059\">\n\t\t                \t\t\t\t\t157,17 \u20ac\t\t                \t\t\t\t\t<span class=\"price-hint\">*<\/span>\n\t\t                \t\t\t\t<\/span>\n\t\t\t\t\t\t\t\t\t<\/p>\n\t\t\t\t\t\t\t\t\t\t\t\t\t\t\t\t\t<\/div>\n\t\t\t\t\t\t\t<\/a>\n\t\t\t\t\t\t<\/div>                  \n\t\t            <\/div>\n\t            <\/div>\n            \t\t\t\t\t<div class=\"item\">\n\t\t\t\t\t<div class=\"col-xs-4 col-md-3 product\" id=\"product-81881\">\n\t\t                <div>\n\t\t                    <a href=\"https:\/\/www.helmexpress.com\/casco-master-6-reithelm-138077.html\" title=\"CASCO MASTER-6 Reithelm schwarz L 59-62cm\" class=\"product-link\">\n\t\t                        <span class=\"product-image\">\n\t\t                            <img src=\"https:\/\/cdn1.helmexpress.com\/media\/catalog\/product\/c\/a\/casco-master-6-reithelm-schwarz-l-59-62cm-138077szl_7.jpg\" title=\"CASCO MASTER-6 Reithelm schwarz L 59-62cm\" width=\"165\" height=\"220\"\/>\n\t\t\t\t\t\t\t\t<\/span>\n\t\t                        <div class=\"product-name\"><span>CASCO MASTER-6 Reithelm schwarz L 59-62cm<\/span><\/div>\n\t\t                        \t\t                        \t                        \t<div class=\"price-box clearfix\">\n\t\t                        \t\t\t\t\t\t\t\t\t<p class=\"old-price\">\n\t\t\t\t\t\t\t\t\t\t<span class=\"price-label\">statt<\/span>\n\t\t\t\t\t\t\t\t\t\t<span class=\"price\" id=\"old-price-81881\">\n\t\t\t\t\t\t\t\t\t\t\t379,90 \u20ac\t\t\t\t\t\t\t\t\t\t<\/span>\n\t\t\t\t\t\t\t\t\t<\/p>\n\t\t                        \t<p class=\"special-price\">\n\t\t                \t\t\t\t<span class=\"price-label\">nur<\/span>\n\t\t                \t\t\t\t<span class=\"price\" id=\"product-price-81881\">\n\t\t                \t\t\t\t\t299,90 \u20ac\t\t                \t\t\t\t\t<span class=\"price-hint\">*<\/span>\n\t\t                \t\t\t\t<\/span>\n\t\t\t\t\t\t\t\t\t<\/p>\n\t\t\t\t\t\t\t\t\t\t\t\t\t\t\t\t\t<\/div>\n\t\t\t\t\t\t\t<\/a>\n\t\t\t\t\t\t<\/div>                  \n\t\t            <\/div>\n\t            <\/div>\n            \t\t\t            \t\t<\/div>\n\t\t        \t\t<\/div>\n\t\t        \t\t\t\t        \t\t<a data-slide=\"prev\" href=\"javascript:void(0)\" class=\"left carousel-control hidden\"><i class=\"fa fa-caret-left\"><\/i><\/a>\n\t\t      \t\t\t<a data-slide=\"next\" href=\"javascript:void(0)\" class=\"right carousel-control\"><i class=\"fa fa-caret-right\"><\/i><\/a>\n\t\t      \t\t\t\t\t\t\t\t<\/div>\n\t\t\t\t<\/div>\n\t\t\t<\/div>\n            \n<h2>Wen betrifft die Pferdesteuer?<\/h2>\n<p>Wenn sie denn erhoben wird, dann betrifft sie alle Personen, die <strong>Pferde zu Freizeitzwecken<\/strong> halten. Ebenso sind <strong>Reitvereine<\/strong> von der steuerlichen Abgabe betroffen.<\/p>\n<h3>Ausnahmen von der Besteuerung<\/h3>\n<p>Handelt es sich um Personen, die <strong>Pferde beruflich f\u00fcr den Haupterwerb<\/strong> halten, sind diese von der Pferdesteuer nicht betroffen. Hierzu z\u00e4hlen zum Beispiel gewerbliche Z\u00fcchter, Landwirte, Reitschulbetriebe und Reiterh\u00f6fe mit Zuchttieren.<br \/>\nEbenso sind <strong>Fohlen unter sechs Monaten<\/strong> nicht der steuerlichen Abgabe unterworfen.<br \/>\nUnd auch f\u00fcr sogenannte <strong>Gnadenbrotpferde<\/strong>, die nicht mehr reitbar sind und den Lebensabend auf einem speziellen Hof verbringen, wird keine Pferdesteuer erhoben.<\/p>\n<h2>Warum wird die Pferdesteuer so z\u00f6gerlich umgesetzt?<\/h2>\n<p>Die Kommunen tun gut daran, sich die <strong>Einf\u00fchrung einer Pferdesteuer<\/strong> genau zu \u00fcberlegen. Denn der \u201eSchuss\u201c k\u00f6nnte nach hinten losgehen. Gerade f\u00fcr Reitvereine w\u00fcrde die steuerliche Abgabe eine immense finanzielle Belastung bedeuten. Die Mitglieder sind dort meist noch sehr jung und eine Weitergabe der Kosten w\u00e4re nur schwer zu vermitteln. Demnach besteht die Gefahr, dass <strong>Reitvereine in finanzielle Bedr\u00e4ngnis<\/strong> geraten. Die Vereine k\u00f6nnten in Gemeinden abwandern, die auf die steuerliche Erhebung verzichten. Die Abwanderung oder Schlie\u00dfung von Reitvereinen zieht aber noch weitere Kreise.<\/p>\n<p>Letztendlich leiden alle darunter, die von der Pferdehaltung betroffen sind. Das reicht vom Schmied \u00fcber die Fachgesch\u00e4fte f\u00fcr Reitsport bis zu den Futtermittellieferanten. <strong>Arbeitsplatzverluste und Existenzgef\u00e4hrdungen<\/strong> w\u00e4ren ein hoher Preis f\u00fcr eine zumindest fragw\u00fcrdige Pferdesteuer. Zudem gilt das Reiten als Sportart und die Politiker werden nicht m\u00fc\u00dfig zu erkl\u00e4ren, dass der Sport im Hinblick auf die Gesundheit der Bev\u00f6lkerung gef\u00f6rdert werden sollte. Zum Schmunzeln tr\u00e4gt auch das Argument bei, dass Pferde gerne mal spezielle \u201e\u00c4pfel\u201c hinterlassen w\u00fcrden und dies ein \u00c4rgernis sei. Wobei diese Pferde\u00e4pfel als D\u00fcnger von Landwirten sehr gesch\u00e4tzt sind. Aber gibt es denn Alternativen zur Pferdesteuer?<\/p>\n<p>&nbsp;<\/p>\n<div id=\"attachment_2101\" style=\"width: 1034px\" class=\"wp-caption aligncenter\"><img aria-describedby=\"caption-attachment-2101\" loading=\"lazy\" class=\"wp-image-2101 size-large img-responsive\" src=\"https:\/\/www.helmexpress.com\/magazin\/wp-content\/uploads\/2022\/03\/shutterstock_14576107-1024x683.jpg\" alt=\"gem\u00fctlicher Ausritt auf abgelegenem Weg in der Natur\" width=\"1024\" height=\"683\" srcset=\"https:\/\/www.helmexpress.com\/magazin\/wp-content\/uploads\/2022\/03\/shutterstock_14576107-1024x683.jpg 1024w, https:\/\/www.helmexpress.com\/magazin\/wp-content\/uploads\/2022\/03\/shutterstock_14576107-300x200.jpg 300w, https:\/\/www.helmexpress.com\/magazin\/wp-content\/uploads\/2022\/03\/shutterstock_14576107-768x512.jpg 768w, https:\/\/www.helmexpress.com\/magazin\/wp-content\/uploads\/2022\/03\/shutterstock_14576107-1536x1024.jpg 1536w, https:\/\/www.helmexpress.com\/magazin\/wp-content\/uploads\/2022\/03\/shutterstock_14576107-2048x1365.jpg 2048w\" sizes=\"(max-width: 1024px) 100vw, 1024px\" \/><p id=\"caption-attachment-2101\" class=\"wp-caption-text\">gem\u00fctlicher Ausritt auf abgelegenem Weg in der Natur<\/p><\/div>\n<h2>Die Reitabgabe \u2013 die bessere \u201ePferdesteuer\u201c<\/h2>\n<p>F\u00fcr eine clevere Alternative haben sich die Beh\u00f6rden in Nordrhein-Westfalen entschieden und dort schon seit geraumer Zeit <strong>die zweckgebundene Reitabgabe<\/strong> eingef\u00fchrt. Da die Reitabgabe ausschlie\u00dflich f\u00fcr die Anlage und Instandhaltung von Reitwegen verwendet werden darf, wird sie von den Betroffenen im Gegensatz zur nicht zweckgebundenen Reitsteuer viel positiver aufgenommen. Zudem wird die Reitabgabe nur f\u00e4llig, wenn das Pferd auch <strong>tats\u00e4chlich auf \u00f6ffentlichen Wegen geritten<\/strong> wird. Eine Institution, welche die Pferde auf privatem Grund bewegt, ist von der Reitabgabe demnach nicht betroffen. Und wie funktioniert die Reitabgabe in der Praxis?<\/p>\n<p>Die Kommunen erheben die Reitabgabe, das Land \u00fcbernimmt die Verwaltung und bewilligt entsprechende Bau- und Instandhaltungsprojekte. Mit Zahlung der <strong>Reitabgabe<\/strong> erh\u00e4lt der Reiter zwei Plaketten, die er beim Ausritt im Gel\u00e4nde gut sichtbar am Pferd befestigen muss. Die Reitabgabe ist im Verglich zur Reitsteuer auch wesentlich g\u00fcnstiger und betr\u00e4gt <strong>pro Pferd und Jahr 25 Euro<\/strong>. F\u00fcr die Ausgabe der Plaketten-Kennzeichen verlangen die Gemeinden eine <strong>Bearbeitungsgeb\u00fchr zwischen 10 und 15 Euro<\/strong>.<\/p>\n\t\t\t<link rel=\"stylesheet\" type=\"text\/css\" href=\"https:\/\/www.helmexpress.com\/magazin\/wp-content\/plugins\/helmexpress-products\/style.css\"\/>\n\t\t\t<div class=\"products-grid container\">\n\t\t\t  <div class=\"row\">\n\t\t\t    <div class=\"col-md-12\">\n\t\t\t      <div class=\"carousel slide hxCarousel\" id=\"hxCarousel-6d8e97ffbf2009179fc51dbf6362b66e\">\n\t\t\t      \t<div class=\"carousel-inner\">\n\t\t\t\t\t\t\t<div class=\"item active\">\n\t\t\t\t\t<div class=\"col-xs-4 col-md-3 product\" id=\"product-103378\">\n\t\t                <div>\n\t\t                    <a href=\"https:\/\/www.helmexpress.com\/hevik-ultralight-regenhose-324001.html\" title=\"HEVIK ULTRALIGHT Regenhose schwarz 3XL\" class=\"product-link\">\n\t\t                        <span class=\"product-image\">\n\t\t                            <img src=\"https:\/\/cdn1.helmexpress.com\/media\/catalog\/product\/h\/e\/hevik-ultralight-regenhose-schwarz-3xl-324001sw3xl_4.jpg\" title=\"HEVIK ULTRALIGHT Regenhose schwarz 3XL\" width=\"165\" height=\"220\"\/>\n\t\t\t\t\t\t\t\t<\/span>\n\t\t                        <div class=\"product-name\"><span>HEVIK ULTRALIGHT Regenhose schwarz 3XL<\/span><\/div>\n\t\t                        \t\t                        \t                        \t<div class=\"price-box clearfix\">\n\t\t                        \t\t\t\t\t\t\t\t\t<p class=\"old-price\">\n\t\t\t\t\t\t\t\t\t\t<span class=\"price-label\">statt<\/span>\n\t\t\t\t\t\t\t\t\t\t<span class=\"price\" id=\"old-price-103378\">\n\t\t\t\t\t\t\t\t\t\t\t34,90 \u20ac\t\t\t\t\t\t\t\t\t\t<\/span>\n\t\t\t\t\t\t\t\t\t<\/p>\n\t\t                        \t<p class=\"special-price\">\n\t\t                \t\t\t\t<span class=\"price-label\">nur<\/span>\n\t\t                \t\t\t\t<span class=\"price\" id=\"product-price-103378\">\n\t\t                \t\t\t\t\t27,92 \u20ac\t\t                \t\t\t\t\t<span class=\"price-hint\">*<\/span>\n\t\t                \t\t\t\t<\/span>\n\t\t\t\t\t\t\t\t\t<\/p>\n\t\t\t\t\t\t\t\t\t\t\t\t\t\t\t\t\t<\/div>\n\t\t\t\t\t\t\t<\/a>\n\t\t\t\t\t\t<\/div>                  \n\t\t            <\/div>\n\t            <\/div>\n            \t\t\t\t\t<div class=\"item\">\n\t\t\t\t\t<div class=\"col-xs-4 col-md-3 product\" id=\"product-132790\">\n\t\t                <div>\n\t\t                    <a href=\"https:\/\/www.helmexpress.com\/equith-me-air-handschuhe-700015999.html\" title=\"EQUITH\u00c8ME Air Handschuhe schwarz XXL\" class=\"product-link\">\n\t\t                        <span class=\"product-image\">\n\t\t                            <img src=\"https:\/\/cdn1.helmexpress.com\/media\/catalog\/product\/E\/Q\/EQUITH_ME_9300193338025586498_17.jpg\" title=\"EQUITH\u00c8ME Air Handschuhe schwarz XXL\" width=\"165\" height=\"220\"\/>\n\t\t\t\t\t\t\t\t<\/span>\n\t\t                        <div class=\"product-name\"><span>EQUITH\u00c8ME Air Handschuhe schwarz XXL<\/span><\/div>\n\t\t                        \t\t                        \t                        \t<div class=\"price-box clearfix\">\n\t\t                        \t\t\t\t\t\t\t\t\t<span class=\"regular-price\" id=\"product-price-132790\">\n\t                        \t\t\t<span class=\"price\">\n\t                        \t\t\t\t22,90 \u20ac\t                        \t\t\t\t<span class=\"price-hint\">*<\/span>\n\t                                \t<\/span>\n\t                                <\/span>\n\t\t\t\t\t\t\t\t\t\t\t\t\t\t\t\t\t<\/div>\n\t\t\t\t\t\t\t<\/a>\n\t\t\t\t\t\t<\/div>                  \n\t\t            <\/div>\n\t            <\/div>\n            \t\t\t\t\t<div class=\"item\">\n\t\t\t\t\t<div class=\"col-xs-4 col-md-3 product\" id=\"product-141387\">\n\t\t                <div>\n\t\t                    <a href=\"https:\/\/www.helmexpress.com\/held-mosun-ii-regenkombi-700028546.html\" title=\"HELD Mosun II Regenkombi schwarz XXL\" class=\"product-link\">\n\t\t                        <span class=\"product-image\">\n\t\t                            <img src=\"https:\/\/cdn1.helmexpress.com\/media\/catalog\/product\/H\/E\/HELD_622704049462913011_6.jpg\" title=\"HELD Mosun II Regenkombi schwarz XXL\" width=\"165\" height=\"220\"\/>\n\t\t\t\t\t\t\t\t<\/span>\n\t\t                        <div class=\"product-name\"><span>HELD Mosun II Regenkombi schwarz XXL<\/span><\/div>\n\t\t                        \t\t                        \t                        \t<div class=\"price-box clearfix\">\n\t\t                        \t\t\t\t\t\t\t\t\t<span class=\"regular-price\" id=\"product-price-141387\">\n\t                        \t\t\t<span class=\"price\">\n\t                        \t\t\t\t199,95 \u20ac\t                        \t\t\t\t<span class=\"price-hint\">*<\/span>\n\t                                \t<\/span>\n\t                                <\/span>\n\t\t\t\t\t\t\t\t\t\t\t\t\t\t\t\t\t<\/div>\n\t\t\t\t\t\t\t<\/a>\n\t\t\t\t\t\t<\/div>                  \n\t\t            <\/div>\n\t            <\/div>\n            \t\t\t\t\t<div class=\"item\">\n\t\t\t\t\t<div class=\"col-xs-4 col-md-3 product\" id=\"product-62441\">\n\t\t                <div>\n\t\t                    <a href=\"https:\/\/www.helmexpress.com\/difi-starter-neopren-nierengurt-712001.html\" title=\"DIFI STARTER Neopren Nierengurt schwarz L\" class=\"product-link\">\n\t\t                        <span class=\"product-image\">\n\t\t                            <img src=\"https:\/\/cdn1.helmexpress.com\/media\/catalog\/product\/d\/i\/difi-starter-neopren-nierengurt-schwarz-l-712001swl_2.jpg\" title=\"DIFI STARTER Neopren Nierengurt schwarz L\" width=\"165\" height=\"220\"\/>\n\t\t\t\t\t\t\t\t<\/span>\n\t\t                        <div class=\"product-name\"><span>DIFI STARTER Neopren Nierengurt schwarz L<\/span><\/div>\n\t\t                        \t\t                        \t                        \t<div class=\"price-box clearfix\">\n\t\t                        \t\t\t\t\t\t\t\t\t<span class=\"regular-price\" id=\"product-price-62441\">\n\t                        \t\t\t<span class=\"price\">\n\t                        \t\t\t\t29,95 \u20ac\t                        \t\t\t\t<span class=\"price-hint\">*<\/span>\n\t                                \t<\/span>\n\t                                <\/span>\n\t\t\t\t\t\t\t\t\t\t\t\t\t\t\t\t\t<\/div>\n\t\t\t\t\t\t\t<\/a>\n\t\t\t\t\t\t<\/div>                  \n\t\t            <\/div>\n\t            <\/div>\n            \t\t\t\t\t<div class=\"item\">\n\t\t\t\t\t<div class=\"col-xs-4 col-md-3 product\" id=\"product-100926\">\n\t\t                <div>\n\t\t                    <a href=\"https:\/\/www.helmexpress.com\/helmexpress-x-bike-herren-t-shirt-285001.html\" title=\"HELMEXPRESS X-BIKE Herren T-Shirt weiss XXL\" class=\"product-link\">\n\t\t                        <span class=\"product-image\">\n\t\t                            <img src=\"https:\/\/cdn1.helmexpress.com\/media\/catalog\/product\/h\/e\/helmexpress-x-bike-herren-t-shirt-weiss-xxl-285001whxxl_2.jpg\" title=\"HELMEXPRESS X-BIKE Herren T-Shirt weiss XXL\" width=\"165\" height=\"220\"\/>\n\t\t\t\t\t\t\t\t<\/span>\n\t\t                        <div class=\"product-name\"><span>HELMEXPRESS X-BIKE Herren T-Shirt weiss XXL<\/span><\/div>\n\t\t                        \t\t                        \t                        \t<div class=\"price-box clearfix\">\n\t\t                        \t\t\t\t\t\t\t\t\t<p class=\"old-price\">\n\t\t\t\t\t\t\t\t\t\t<span class=\"price-label\">statt<\/span>\n\t\t\t\t\t\t\t\t\t\t<span class=\"price\" id=\"old-price-100926\">\n\t\t\t\t\t\t\t\t\t\t\t39,90 \u20ac\t\t\t\t\t\t\t\t\t\t<\/span>\n\t\t\t\t\t\t\t\t\t<\/p>\n\t\t                        \t<p class=\"special-price\">\n\t\t                \t\t\t\t<span class=\"price-label\">nur<\/span>\n\t\t                \t\t\t\t<span class=\"price\" id=\"product-price-100926\">\n\t\t                \t\t\t\t\t31,92 \u20ac\t\t                \t\t\t\t\t<span class=\"price-hint\">*<\/span>\n\t\t                \t\t\t\t<\/span>\n\t\t\t\t\t\t\t\t\t<\/p>\n\t\t\t\t\t\t\t\t\t\t\t\t\t\t\t\t\t<\/div>\n\t\t\t\t\t\t\t<\/a>\n\t\t\t\t\t\t<\/div>                  \n\t\t            <\/div>\n\t            <\/div>\n            \t\t\t            \t\t<\/div>\n\t\t        \t\t<\/div>\n\t\t        \t\t\t\t        \t\t<a data-slide=\"prev\" href=\"javascript:void(0)\" class=\"left carousel-control hidden\"><i class=\"fa fa-caret-left\"><\/i><\/a>\n\t\t      \t\t\t<a data-slide=\"next\" href=\"javascript:void(0)\" class=\"right carousel-control\"><i class=\"fa fa-caret-right\"><\/i><\/a>\n\t\t      \t\t\t\t\t\t\t\t<\/div>\n\t\t\t\t<\/div>\n\t\t\t<\/div>\n            \n<h2>Wie sieht es in anderen Bundesl\u00e4ndern aus?<\/h2>\n<p>Wie bereist erw\u00e4hnt, ist <strong>Hessen das einzige Bundesland<\/strong>, indem die Pferdesteuer eingef\u00fchrt wurde und noch praktiziert wird. Es betrifft die Gemeinden:<\/p>\n<ul>\n<li>Bad Sooden-Allendort (200 Euro pro Pferd)<\/li>\n<li>Kirchheim (90 Euro pro Pferd)<\/li>\n<li>Schlangenbad (300 Euro pro Pferd)<\/li>\n<\/ul>\n<p>Die Pferde m\u00fcssen dort <strong>unverz\u00fcglich<\/strong> nach Inbesitznahme oder Unterbringung der Gemeinde gemeldet werden. Das gilt auch, falls f\u00fcr das Pferd (noch) keine Pferdesteuer anfallen sollte. Die entsprechenden Daten f\u00fcr die \u00dcbermittlung werden unter anderem aus dem <strong>Equidenpass<\/strong> des Pferds entnommen. Sollte das Pferd verkauft oder durch Umzug aus dem Gemeindegebiet entfernt werden, ist dies der Kommunalverwaltung innerhalb von 14 Tagen anzuzeigen. Auch muss im Falle des Verkaufs der neue Besitzer angegeben werden. Wer sein Pferd nicht ordnungsgem\u00e4\u00df meldet, muss mit einer <strong>Geldbu\u00dfe<\/strong> von bis zu 5.000 Euro rechnen (Ordnungswidrigkeit). Bei Nichtzahlung der Geldbu\u00dfe kann dies bis zur Pf\u00e4ndung f\u00fchren.<\/p>\n<div id=\"attachment_2111\" style=\"width: 1034px\" class=\"wp-caption aligncenter\"><img aria-describedby=\"caption-attachment-2111\" loading=\"lazy\" class=\"wp-image-2111 size-large img-responsive\" src=\"https:\/\/www.helmexpress.com\/magazin\/wp-content\/uploads\/2022\/04\/shutterstock_1515063272-1024x554.jpg\" alt=\"Die deutsche Pferdesteuer geh\u00f6rt zu den \u201etierischen Einnahmequellen\u201c\" width=\"1024\" height=\"554\" srcset=\"https:\/\/www.helmexpress.com\/magazin\/wp-content\/uploads\/2022\/04\/shutterstock_1515063272-1024x554.jpg 1024w, https:\/\/www.helmexpress.com\/magazin\/wp-content\/uploads\/2022\/04\/shutterstock_1515063272-300x162.jpg 300w, https:\/\/www.helmexpress.com\/magazin\/wp-content\/uploads\/2022\/04\/shutterstock_1515063272-768x415.jpg 768w, https:\/\/www.helmexpress.com\/magazin\/wp-content\/uploads\/2022\/04\/shutterstock_1515063272-1536x830.jpg 1536w, https:\/\/www.helmexpress.com\/magazin\/wp-content\/uploads\/2022\/04\/shutterstock_1515063272-2048x1107.jpg 2048w\" sizes=\"(max-width: 1024px) 100vw, 1024px\" \/><p id=\"caption-attachment-2111\" class=\"wp-caption-text\">Die deutsche Pferdesteuer geh\u00f6rt zu den \u201etierischen Einnahmequellen\u201c<\/p><\/div>\n<p>In <strong>Schleswig-Holstein<\/strong> machte im Juni 2017 mit Tangstedt nur eine Gemeinde Gebrauch von der Pferdesteuer. Aus Gr\u00fcnden der Sportf\u00f6rderung erkl\u00e4rte der schleswig-holsteinische Landtag eine Pferdesteuer f\u00fcr unzul\u00e4ssig und schaffte die Abgabe im September 2018 ab. In <strong>Mecklenburg-Vorpommern<\/strong> gab es in der Gemeinde Vielank kurzzeitig Pl\u00e4ne zur Einf\u00fchrung einer Pferdesteuer \u2013 wurde jedoch auch nie realisiert. Auch lehnten Gemeindevertreter aus <strong>Brandenburg<\/strong> die im Landkreis Oberhavel diskutierte Pferdesteuer ab. Ebenso sprach sich das Finanzministerium in <strong>Bremen<\/strong> bereits im September 2015 gegen die Einf\u00fchrung der Pferdesteuer aus. Im selben Jahr sprach sich auch der Staatsminister f\u00fcr Ern\u00e4hrung, Landwirtschaft und Forsten aus <strong>Bayern<\/strong> in \u00dcbereinstimmung mit der Deutschen Reiterlichen Vereinigung gegen eine Pferdesteuer aus. Diese Signalwirkung aus dem S\u00fcden Deutschlands d\u00fcrfte sich auch auf die anderen Bundesl\u00e4nder ausgewirkt haben.<\/p>\n<h2>Fazit:<\/h2>\n<p>Die deutsche Pferdesteuer geh\u00f6rt zu den \u201etierischen Einnahmequellen\u201c, die sich bis auf wenige Ausnahmen bis heute nur schwer realisieren l\u00e4sst. Das mag auch daran liegen, dass die ohnehin nicht zweckgebundene Pferdesteuer wirtschaftliche Kollateralsch\u00e4den vermuten l\u00e4sst \u2013 und somit den \u00f6ffentlichen Nutzen infrage stellt. Die alternative \u201eReitabgabe\u201c erscheint hier wesentlich sinnvoller, da sie zweckgebunden ist und so der Infrastruktur des Reitsports zugutekommt.<\/p>\n","protected":false},"excerpt":{"rendered":"<p>Heute fassen wir im Magazin Blog ein hei\u00dfes Eisen an. Nein, es geht nicht um den Hufschmied und das Thema \u201eBarhuf oder Hufeisen\u201c, das wir in einem weiteren Artikel behandeln wollen. Heute geht es um die Einf\u00fchrung der Pferdesteuer. Zweifelsohne erhitzt die Pferdesteuer die Gem\u00fcter und teilt die Parteien in Pro und Contra. Wir sprechen [&hellip;]<\/p>\n","protected":false},"author":6,"featured_media":2192,"comment_status":"closed","ping_status":"closed","sticky":false,"template":"","format":"standard","meta":[],"categories":[1,9],"tags":[],"_links":{"self":[{"href":"https:\/\/www.helmexpress.com\/magazin\/wp-json\/wp\/v2\/posts\/2096"}],"collection":[{"href":"https:\/\/www.helmexpress.com\/magazin\/wp-json\/wp\/v2\/posts"}],"about":[{"href":"https:\/\/www.helmexpress.com\/magazin\/wp-json\/wp\/v2\/types\/post"}],"author":[{"embeddable":true,"href":"https:\/\/www.helmexpress.com\/magazin\/wp-json\/wp\/v2\/users\/6"}],"replies":[{"embeddable":true,"href":"https:\/\/www.helmexpress.com\/magazin\/wp-json\/wp\/v2\/comments?post=2096"}],"version-history":[{"count":15,"href":"https:\/\/www.helmexpress.com\/magazin\/wp-json\/wp\/v2\/posts\/2096\/revisions"}],"predecessor-version":[{"id":104149,"href":"https:\/\/www.helmexpress.com\/magazin\/wp-json\/wp\/v2\/posts\/2096\/revisions\/104149"}],"wp:featuredmedia":[{"embeddable":true,"href":"https:\/\/www.helmexpress.com\/magazin\/wp-json\/wp\/v2\/media\/2192"}],"wp:attachment":[{"href":"https:\/\/www.helmexpress.com\/magazin\/wp-json\/wp\/v2\/media?parent=2096"}],"wp:term":[{"taxonomy":"category","embeddable":true,"href":"https:\/\/www.helmexpress.com\/magazin\/wp-json\/wp\/v2\/categories?post=2096"},{"taxonomy":"post_tag","embeddable":true,"href":"https:\/\/www.helmexpress.com\/magazin\/wp-json\/wp\/v2\/tags?post=2096"}],"curies":[{"name":"wp","href":"https:\/\/api.w.org\/{rel}","templated":true}]}}