{"id":206,"date":"2018-02-14T13:04:40","date_gmt":"2018-02-14T12:04:40","guid":{"rendered":"https:\/\/www.helmexpress.com\/magazin\/?p=206"},"modified":"2023-11-25T14:47:36","modified_gmt":"2023-11-25T13:47:36","slug":"interview-calimoto-motorrad-app","status":"publish","type":"post","link":"https:\/\/www.helmexpress.com\/magazin\/interview-calimoto-motorrad-app\/","title":{"rendered":"M\u00f6glichst kurvenreich von A nach B &#8211; die Motorrad-App Calimoto macht&#8217;s m\u00f6glich"},"content":{"rendered":"<p>&#8222;Calimoto ist die erste multifunktionale App speziell f\u00fcr\u00a0Motorradfahrer&#8220;, so beschreiben Sebastian\u00a0Dambeck, Luca Osten und Hans-Joachim Allenfort ihre App Calimoto zusammen. Der kurvige Weg ist dabei das Ziel. Um den zu finden, setzt die App auf einen Algorithmen und k\u00fcnstliche Intelligenz.<!--more--><\/p>\n<h2>Calimoto-Gr\u00fcnder Hans-Joachim Allenfort im exklusiven Helmexpress-Interview<\/h2>\n<p><strong>Herr Allenfort, fassen Sie Ihre App doch einmal in ein bis zwei S\u00e4tzen zusammen.\u00a0<\/strong><\/p>\n<div id=\"attachment_213\" style=\"width: 165px\" class=\"wp-caption alignright\"><img aria-describedby=\"caption-attachment-213\" loading=\"lazy\" class=\"size-medium wp-image-213 img-responsive\" src=\"https:\/\/www.helmexpress.com\/magazin\/wp-content\/uploads\/2018\/01\/calimoto_screenshot_intro_DE-155x300.jpg\" alt=\"Screenshot Calimoto App\" width=\"155\" height=\"300\" srcset=\"https:\/\/www.helmexpress.com\/magazin\/wp-content\/uploads\/2018\/01\/calimoto_screenshot_intro_DE-155x300.jpg 155w, https:\/\/www.helmexpress.com\/magazin\/wp-content\/uploads\/2018\/01\/calimoto_screenshot_intro_DE-529x1024.jpg 529w, https:\/\/www.helmexpress.com\/magazin\/wp-content\/uploads\/2018\/01\/calimoto_screenshot_intro_DE.jpg 620w\" sizes=\"(max-width: 155px) 100vw, 155px\" \/><p id=\"caption-attachment-213\" class=\"wp-caption-text\">Der kurvige Weg ist bei Calimoto das Ziel.<\/p><\/div>\n<p>calimoto ist die erste App mit einem speziellen Kurvenalgorithmus, durch den jeder Motorradfahrer ganz einfach und mit wenigen Klicks die sch\u00f6nsten Strecken entdecken kann. Durch innovative Funktionen wie unsere spezielle Motorradkarte, das einfach Teilen von Touren mit Freunden und die automatische Synchronisation mit unserem Motorrad Tourenplaner auf unserer Website wird mit calimoto jede Tour zu einem Erlebnis!<\/p>\n<p><strong>Wie kamen Sie auf die Idee zu der App?<\/strong><\/p>\n<p>Urspr\u00fcnglich war Sebastian auf der Suche nach einer Navigations-App, die die speziellen Bed\u00fcrfnisse von Motorradfahrern ber\u00fccksichtigt. Denn Google Maps und andere Navigationsprogramme leiten einen in der Regel ja nur auf dem k\u00fcrzesten oder schnellsten Weg ans Ziel. Aber was ist aus \u201eDer Weg ist das Ziel\u201c geworden? Gerade wir als Motorradfahrer wollen auf der Tour kurvige Landstra\u00dfe erleben, sch\u00f6ne Landschaften entdecken und vor allem Spa\u00df haben.<\/p>\n<p>Aus der Not heraus beschloss er selbst eine App zu entwickeln, die genau diese Aspekte in den Vordergrund stellt. Da Motorradfahren jedoch mehr als nur die reine Navigation ist, wollen wir mit calimoto dieses wundersch\u00f6ne Hobby durch innovative Funktionen speziell f\u00fcr Biker noch besser machen. So dass jeder Motorradfahrer die f\u00fcr ihn beste Tour erleben kann.<\/p>\n<div id=\"attachment_207\" style=\"width: 760px\" class=\"wp-caption alignnone\"><img aria-describedby=\"caption-attachment-207\" loading=\"lazy\" class=\"wp-image-207 size-full img-responsive\" src=\"https:\/\/www.helmexpress.com\/magazin\/wp-content\/uploads\/2018\/01\/interview-calimoto-app.jpg\" alt=\"Calimoto App Erfinder im Interview\" width=\"750\" height=\"200\" srcset=\"https:\/\/www.helmexpress.com\/magazin\/wp-content\/uploads\/2018\/01\/interview-calimoto-app.jpg 750w, https:\/\/www.helmexpress.com\/magazin\/wp-content\/uploads\/2018\/01\/interview-calimoto-app-300x80.jpg 300w\" sizes=\"(max-width: 750px) 100vw, 750px\" \/><p id=\"caption-attachment-207\" class=\"wp-caption-text\">Die Calimoto-Erfinder (von links): Luca Osten, Sebastian Dambeck und Hans-Joachim Allenfort. (Bild: Calimoto)<\/p><\/div>\n<p><strong>Wie gelingt das mit der Calimoto-App?<\/strong><\/p>\n<p>Ganz zentral steht nat\u00fcrlich das beste Motorrad-Erlebnis im Vordergrund. Und das f\u00e4ngt mit einer spannenden Tour \u00fcber sch\u00f6ne, kurvige Landstra\u00dfen an. Deswegen finden Motorradfahrer mit unserem Kurvenalgorithmus genau diese Strecken und das ohne stundenlanges Recherchieren in Magazinen oder dem Internet. Und durch die intuitive Planung direkt in unserer Motorradkarte sieht man sofort, wo sich sch\u00f6ne Streckenabschnitte befinden und kann den Verlauf seiner Tour ganz an seine Bed\u00fcrfnisse anpassen.<\/p>\n<p>Aber auch nach der Tour bietet calimoto mit dem eigenen Tourenbuch die ideale M\u00f6glichkeit, die gefahrenen und geplanten Touren zu verwalten, auszuwerten und mit Freunden zu teilen. Dabei sind alle Touren auf jedem Ger\u00e4t automatisch synchronisiert, alles ohne l\u00e4stiges Kabel und aufwendiges \u00fcberspielen der Touren. Und das alles weitaus innovativer und zu geringeren Kosten als klassische Navigationsger\u00e4te f\u00fcr mehrere hundert Euro.<\/p>\n<p><strong>Wie ist die R\u00fcckmeldung, die Sie erhalten? Und h\u00e4tten Sie mit solch einem Anklang gerechnet?\u00a0<\/strong><\/p>\n<p>Niemals! Wir wussten zwar, dass definitiv Bedarf nach einer modernen L\u00f6sung besteht, aber nicht dass wir so schnell so viele Motorradfahrer von calimoto \u00fcberzeugen k\u00f6nnen. Viele Nutzer haben uns auch gemeldet, dass sie durch unseren Kurvenalgorithmus in ihrer Heimatregion Strecken entdeckt haben, die sie auch nach mehreren Jahrzehnten noch nicht kannten. Das macht uns nat\u00fcrlich stolz und zeigt uns, dass wir mit unserem Fokus auf die sch\u00f6nsten Touren f\u00fcr Motorradfahrer den richtigen Nerv getroffen haben.<\/p>\n<div id=\"attachment_209\" style=\"width: 165px\" class=\"wp-caption alignleft\"><img aria-describedby=\"caption-attachment-209\" loading=\"lazy\" class=\"wp-image-209 size-medium img-responsive\" src=\"https:\/\/www.helmexpress.com\/magazin\/wp-content\/uploads\/2018\/01\/calimoto_screenshot_rundtour_DE-155x300.jpg\" alt=\"Screenshot der Calimoto App\" width=\"155\" height=\"300\" srcset=\"https:\/\/www.helmexpress.com\/magazin\/wp-content\/uploads\/2018\/01\/calimoto_screenshot_rundtour_DE-155x300.jpg 155w, https:\/\/www.helmexpress.com\/magazin\/wp-content\/uploads\/2018\/01\/calimoto_screenshot_rundtour_DE-529x1024.jpg 529w, https:\/\/www.helmexpress.com\/magazin\/wp-content\/uploads\/2018\/01\/calimoto_screenshot_rundtour_DE.jpg 620w\" sizes=\"(max-width: 155px) 100vw, 155px\" \/><p id=\"caption-attachment-209\" class=\"wp-caption-text\">Ein Kurvenalgorithmus berechnet in der Calimoto App die sch\u00f6nsten Strecken. <em>(Bild: Calimoto)<\/em><\/p><\/div>\n<p><strong>Wie soll sich die App weiterentwickeln? Was ist noch geplant?<\/strong><\/p>\n<p>In Zukunft werden wir calimoto um viele tolle Features erweitern. Neben kleinen Helfern im Motorradfahrer-Alltag, wie z.B. Live-Wetterdaten oder anpassbaren Routingprofile, werden wir\u00a0 besonders den Austausch der sch\u00f6nsten Touren auf ein neues Level heben. Denn wo man bisher unz\u00e4hlige Foren, Webseiten und Magazine durchst\u00f6bern und dann die Touren aufwendig umwandeln und exportieren musste, bieten wir in Zukunft in der App und auf unserer Website eine zentrale Anlaufstelle. Mehr kann ich jedoch zum aktuellen Zeitpunkt noch nicht sagen ?<\/p>\n<p><strong>Wie wichtig war es aus Ihrer Sicht, dass das Motorradfahren eine Leidenschaft von Ihnen ist? W\u00e4re das Ergebnis sonst ein anders gewesen?<\/strong><\/p>\n<p>Das wir selbst Motorradfahrer sind ist auf jeden Fall eine wichtige Grundvoraussetzung gewesen. Denn gerade weil wir die gleichen Bed\u00fcrfnisse wie unsere Nutzer teilen, k\u00f6nnen wir mit calimoto wirklich eine App von Motorradfahrern f\u00fcr Motorradfahrer machen. Das zeigt sich in vielen Details. Zum Beispiel, dass in unserer Karte sch\u00f6ne Strecken direkt farblich hervorgehoben werden, um diese bei der Planung sofort erkennen zu k\u00f6nnen.<\/p>\n<p>F\u00fcr Autofahrer ist das sicherlich unwichtig, aber gerade wer Samstagabend seine Tour f\u00fcr den Sonntag plant, wei\u00df dieses Feature zu sch\u00e4tzen. Unser Fokus liegt also nur darauf, die beste App f\u00fcr Motorradfahrer und nicht irgendeinen Kompromiss f\u00fcr m\u00f6glichst viele Menschen zu machen. Und das spiegelt sich in jeder Funktion wieder.<\/p>\n<p><strong>Haben Sie eine Lieblings-Strecke, die Sie selbst mit Calimoto bereits gefunden haben?<\/strong><\/p>\n<p>Eine der sch\u00f6nsten calimoto-Touren hat Sebastian letztes Jahr in S\u00fcdtirol erlebt. Schaut sie euch am besten selbst an:\u00a0<a href=\"http:\/\/m.calimoto.eu\/t\/np3LLWPavQ\">m.calimoto.eu\/t\/np3LLWPavQ<\/a><\/p>\n<p><em>Calimoto ist im <a href=\"https:\/\/itunes.apple.com\/de\/app\/calimoto-motorcycle-gps-route-planner\/id1209129603\" target=\"_blank\" rel=\"noopener\">AppStore<\/a> und bei <a href=\"https:\/\/play.google.com\/store\/apps\/details?id=com.calimoto.calimoto&amp;referrer=calimoto_website\" target=\"_blank\" rel=\"noopener\">GooglePlay<\/a> erh\u00e4ltlich.<\/em><\/p>\n<p><strong>Ihr habt weitere Touren- oder App-Empfehlungen? Teilt sie mit <a href=\"https:\/\/www.helmexpress.com\/\" target=\"_blank\" rel=\"noopener\">Helmexpress.com<\/a> &#8211; beispielsweise auf unserer <a href=\"https:\/\/www.facebook.com\/Helmexpress\/\" target=\"_blank\" rel=\"noopener\">Facebook-Seite<\/a>!<\/strong><\/p>\n<p>Schnapp dir deinen <a href=\"https:\/\/www.helmexpress.com\/motorradhelme\">Motorradhelm<\/a> und los geht\u00b4s!<\/p>\n<h2>Mit unseren Helmen immer sicher unterwegs:<\/h2>\n\t\t\t<link rel=\"stylesheet\" type=\"text\/css\" href=\"https:\/\/www.helmexpress.com\/magazin\/wp-content\/plugins\/helmexpress-products\/style.css\"\/>\n\t\t\t<div class=\"products-grid container\">\n\t\t\t  <div class=\"row\">\n\t\t\t    <div class=\"col-md-12\">\n\t\t\t      <div class=\"carousel slide hxCarousel\" id=\"hxCarousel-0a864c45faf06240fdbf75903a946330\">\n\t\t\t      \t<div class=\"carousel-inner\">\n\t\t\t\t\t\t\t<div class=\"item active\">\n\t\t\t\t\t<div class=\"col-xs-4 col-md-3 product\" id=\"product-173692\">\n\t\t                <div>\n\t\t                    <a href=\"https:\/\/www.helmexpress.com\/ls2-of558-sphere-lux-ii-solid-jethelm-700045041.html\" title=\"LS2 OF558 SPHERE LUX II SOLID Jethelm fluo pink S\" class=\"product-link\">\n\t\t                        <span class=\"product-image\">\n\t\t                            <img src=\"https:\/\/cdn1.helmexpress.com\/media\/catalog\/product\/L\/S\/LS2_3655850446942141754098_1.png\" title=\"LS2 OF558 SPHERE LUX II SOLID Jethelm fluo pink S\" width=\"165\" height=\"220\"\/>\n\t\t\t\t\t\t\t\t<\/span>\n\t\t                        <div class=\"product-name\"><span>LS2 OF558 SPHERE LUX II SOLID Jethelm fluo pink S<\/span><\/div>\n\t\t                        \t\t                        <div class=\"new\">\n\t\t                        \t<div class=\"new-inner\">Neu<\/div>\n\t\t                        <\/div>\n\t\t                        \t\t                        \t                        \t<div class=\"price-box clearfix\">\n\t\t                        \t\t\t\t\t\t\t\t\t<span class=\"regular-price\" id=\"product-price-173692\">\n\t                        \t\t\t<span class=\"price\">\n\t                        \t\t\t\t98,90 \u20ac\t                        \t\t\t\t<span class=\"price-hint\">*<\/span>\n\t                                \t<\/span>\n\t                                <\/span>\n\t\t\t\t\t\t\t\t\t\t\t\t\t\t\t\t\t<\/div>\n\t\t\t\t\t\t\t<\/a>\n\t\t\t\t\t\t<\/div>                  \n\t\t            <\/div>\n\t            <\/div>\n            \t\t\t\t\t<div class=\"item\">\n\t\t\t\t\t<div class=\"col-xs-4 col-md-3 product\" id=\"product-94371\">\n\t\t                <div>\n\t\t                    <a href=\"https:\/\/www.helmexpress.com\/smk-retro-seven-integralhelm-176020.html\" title=\"SMK RETRO SEVEN Integralhelm matt titan-grau XS\" class=\"product-link\">\n\t\t                        <span class=\"product-image\">\n\t\t                            <img src=\"https:\/\/cdn1.helmexpress.com\/media\/catalog\/product\/s\/m\/smk-retro-seven-integralhelm-matt-titan-grau-xs-176020mtxs_5.jpg\" title=\"SMK RETRO SEVEN Integralhelm matt titan-grau XS\" width=\"165\" height=\"220\"\/>\n\t\t\t\t\t\t\t\t<\/span>\n\t\t                        <div class=\"product-name\"><span>SMK RETRO SEVEN Integralhelm matt titan-grau XS<\/span><\/div>\n\t\t                        \t\t                        \t                        \t<div class=\"price-box clearfix\">\n\t\t                        \t\t\t\t\t\t\t\t\t<p class=\"old-price\">\n\t\t\t\t\t\t\t\t\t\t<span class=\"price-label\">statt<\/span>\n\t\t\t\t\t\t\t\t\t\t<span class=\"price\" id=\"old-price-94371\">\n\t\t\t\t\t\t\t\t\t\t\t119,90 \u20ac\t\t\t\t\t\t\t\t\t\t<\/span>\n\t\t\t\t\t\t\t\t\t<\/p>\n\t\t                        \t<p class=\"special-price\">\n\t\t                \t\t\t\t<span class=\"price-label\">nur<\/span>\n\t\t                \t\t\t\t<span class=\"price\" id=\"product-price-94371\">\n\t\t                \t\t\t\t\t89,00 \u20ac\t\t                \t\t\t\t\t<span class=\"price-hint\">*<\/span>\n\t\t                \t\t\t\t<\/span>\n\t\t\t\t\t\t\t\t\t<\/p>\n\t\t\t\t\t\t\t\t\t\t\t\t\t\t\t\t\t<\/div>\n\t\t\t\t\t\t\t<\/a>\n\t\t\t\t\t\t<\/div>                  \n\t\t            <\/div>\n\t            <\/div>\n            \t\t\t\t\t<div class=\"item\">\n\t\t\t\t\t<div class=\"col-xs-4 col-md-3 product\" id=\"product-151862\">\n\t\t                <div>\n\t\t                    <a href=\"https:\/\/www.helmexpress.com\/fox-v1-lean-mx-helm-136155.html\" title=\"FOX V1 LEAN MX-Helm pink XS\" class=\"product-link\">\n\t\t                        <span class=\"product-image\">\n\t\t                            <img src=\"https:\/\/cdn1.helmexpress.com\/media\/catalog\/product\/f\/o\/fox-v1-lean-mx-helm-pink-xs-136155pixs.jpg\" title=\"FOX V1 LEAN MX-Helm pink XS\" width=\"165\" height=\"220\"\/>\n\t\t\t\t\t\t\t\t<\/span>\n\t\t                        <div class=\"product-name\"><span>FOX V1 LEAN MX-Helm pink XS<\/span><\/div>\n\t\t                        \t\t                        \t                        \t<div class=\"price-box clearfix\">\n\t\t                        \t\t\t\t\t\t\t\t\t<p class=\"old-price\">\n\t\t\t\t\t\t\t\t\t\t<span class=\"price-label\">statt<\/span>\n\t\t\t\t\t\t\t\t\t\t<span class=\"price\" id=\"old-price-151862\">\n\t\t\t\t\t\t\t\t\t\t\t229,90 \u20ac\t\t\t\t\t\t\t\t\t\t<\/span>\n\t\t\t\t\t\t\t\t\t<\/p>\n\t\t                        \t<p class=\"special-price\">\n\t\t                \t\t\t\t<span class=\"price-label\">nur<\/span>\n\t\t                \t\t\t\t<span class=\"price\" id=\"product-price-151862\">\n\t\t                \t\t\t\t\t206,91 \u20ac\t\t                \t\t\t\t\t<span class=\"price-hint\">*<\/span>\n\t\t                \t\t\t\t<\/span>\n\t\t\t\t\t\t\t\t\t<\/p>\n\t\t\t\t\t\t\t\t\t\t\t\t\t\t\t\t\t<\/div>\n\t\t\t\t\t\t\t<\/a>\n\t\t\t\t\t\t<\/div>                  \n\t\t            <\/div>\n\t            <\/div>\n            \t\t\t\t\t<div class=\"item\">\n\t\t\t\t\t<div class=\"col-xs-4 col-md-3 product\" id=\"product-158294\">\n\t\t                <div>\n\t\t                    <a href=\"https:\/\/www.helmexpress.com\/ls2-of618-verso-ii-solid-jethelm-700034841.html\" title=\"LS2 OF618 VERSO II SOLID Jethelm schwarz XXL\" class=\"product-link\">\n\t\t                        <span class=\"product-image\">\n\t\t                            <img src=\"https:\/\/cdn1.helmexpress.com\/media\/catalog\/product\/L\/S\/LS2_3661810126942141778698_5.jpg\" title=\"LS2 OF618 VERSO II SOLID Jethelm schwarz XXL\" width=\"165\" height=\"220\"\/>\n\t\t\t\t\t\t\t\t<\/span>\n\t\t                        <div class=\"product-name\"><span>LS2 OF618 VERSO II SOLID Jethelm schwarz XXL<\/span><\/div>\n\t\t                        \t\t                        \t                        \t<div class=\"price-box clearfix\">\n\t\t                        \t\t\t\t\t\t\t\t\t<span class=\"regular-price\" id=\"product-price-158294\">\n\t                        \t\t\t<span class=\"price\">\n\t                        \t\t\t\t158,90 \u20ac\t                        \t\t\t\t<span class=\"price-hint\">*<\/span>\n\t                                \t<\/span>\n\t                                <\/span>\n\t\t\t\t\t\t\t\t\t\t\t\t\t\t\t\t\t<\/div>\n\t\t\t\t\t\t\t<\/a>\n\t\t\t\t\t\t<\/div>                  \n\t\t            <\/div>\n\t            <\/div>\n            \t\t\t\t\t<div class=\"item\">\n\t\t\t\t\t<div class=\"col-xs-4 col-md-3 product\" id=\"product-178123\">\n\t\t                <div>\n\t\t                    <a href=\"https:\/\/www.helmexpress.com\/hxp-edition-apex-smart-integralhelm-spiegelvisier-188015.html\" title=\"HXP EDITION APEX SMART Integralhelm + Spiegelvisier matt schwarz-rainbow pink M\" class=\"product-link\">\n\t\t                        <span class=\"product-image\">\n\t\t                            <img src=\"https:\/\/cdn1.helmexpress.com\/media\/catalog\/product\/h\/x\/hxp-edition-apex-smart-integralhelm-spiegelvisier-matt-schwarz-rainbow-pink-m-188015mpm.jpg\" title=\"HXP EDITION APEX SMART Integralhelm + Spiegelvisier matt schwarz-rainbow pink M\" width=\"165\" height=\"220\"\/>\n\t\t\t\t\t\t\t\t<\/span>\n\t\t                        <div class=\"product-name\"><span>HXP EDITION APEX SMART Integralhelm + Spiegelvisier matt schwarz-rainbow pink M<\/span><\/div>\n\t\t                        \t\t                        <div class=\"new\">\n\t\t                        \t<div class=\"new-inner\">Neu<\/div>\n\t\t                        <\/div>\n\t\t                        \t\t                        \t                        \t<div class=\"price-box clearfix\">\n\t\t                        \t\t\t\t\t\t\t\t\t<p class=\"old-price\">\n\t\t\t\t\t\t\t\t\t\t<span class=\"price-label\">statt<\/span>\n\t\t\t\t\t\t\t\t\t\t<span class=\"price\" id=\"old-price-178123\">\n\t\t\t\t\t\t\t\t\t\t\t299,80 \u20ac\t\t\t\t\t\t\t\t\t\t<\/span>\n\t\t\t\t\t\t\t\t\t<\/p>\n\t\t                        \t<p class=\"special-price\">\n\t\t                \t\t\t\t<span class=\"price-label\">nur<\/span>\n\t\t                \t\t\t\t<span class=\"price\" id=\"product-price-178123\">\n\t\t                \t\t\t\t\t259,90 \u20ac\t\t                \t\t\t\t\t<span class=\"price-hint\">*<\/span>\n\t\t                \t\t\t\t<\/span>\n\t\t\t\t\t\t\t\t\t<\/p>\n\t\t\t\t\t\t\t\t\t\t\t\t\t\t\t\t\t<\/div>\n\t\t\t\t\t\t\t<\/a>\n\t\t\t\t\t\t<\/div>                  \n\t\t            <\/div>\n\t            <\/div>\n            \t\t\t\t\t<div class=\"item\">\n\t\t\t\t\t<div class=\"col-xs-4 col-md-3 product\" id=\"product-115885\">\n\t\t                <div>\n\t\t                    <a href=\"https:\/\/www.helmexpress.com\/ls2-ff901-advant-x-solid-klapphelm-132089.html\" title=\"LS2 FF901 ADVANT X SOLID Klapphelm matt schwarz M\" class=\"product-link\">\n\t\t                        <span class=\"product-image\">\n\t\t                            <img src=\"https:\/\/cdn1.helmexpress.com\/media\/catalog\/product\/l\/s\/ls2-ff901-advant-x-solid-klapphelm-matt-schwarz-m-132089msm.jpg\" title=\"LS2 FF901 ADVANT X SOLID Klapphelm matt schwarz M\" width=\"165\" height=\"220\"\/>\n\t\t\t\t\t\t\t\t<\/span>\n\t\t                        <div class=\"product-name\"><span>LS2 FF901 ADVANT X SOLID Klapphelm matt schwarz M<\/span><\/div>\n\t\t                        \t\t                        \t                        \t<div class=\"price-box clearfix\">\n\t\t                        \t\t\t\t\t\t\t\t\t<p class=\"old-price\">\n\t\t\t\t\t\t\t\t\t\t<span class=\"price-label\">statt<\/span>\n\t\t\t\t\t\t\t\t\t\t<span class=\"price\" id=\"old-price-115885\">\n\t\t\t\t\t\t\t\t\t\t\t399,00 \u20ac\t\t\t\t\t\t\t\t\t\t<\/span>\n\t\t\t\t\t\t\t\t\t<\/p>\n\t\t                        \t<p class=\"special-price\">\n\t\t                \t\t\t\t<span class=\"price-label\">nur<\/span>\n\t\t                \t\t\t\t<span class=\"price\" id=\"product-price-115885\">\n\t\t                \t\t\t\t\t359,00 \u20ac\t\t                \t\t\t\t\t<span class=\"price-hint\">*<\/span>\n\t\t                \t\t\t\t<\/span>\n\t\t\t\t\t\t\t\t\t<\/p>\n\t\t\t\t\t\t\t\t\t\t\t\t\t\t\t\t\t<\/div>\n\t\t\t\t\t\t\t<\/a>\n\t\t\t\t\t\t<\/div>                  \n\t\t            <\/div>\n\t            <\/div>\n            \t\t\t\t\t<div class=\"item\">\n\t\t\t\t\t<div class=\"col-xs-4 col-md-3 product\" id=\"product-161987\">\n\t\t                <div>\n\t\t                    <a href=\"https:\/\/www.helmexpress.com\/shoei-j-o2-uni-jethelm-121162.html\" title=\"SHOEI J.O2 UNI Jethelm matt schwarz XL\" class=\"product-link\">\n\t\t                        <span class=\"product-image\">\n\t\t                            <img src=\"https:\/\/cdn1.helmexpress.com\/media\/catalog\/product\/s\/h\/shoei-j-o2-uni-jethelm-matt-schwarz-xl-121162msxl.jpg\" title=\"SHOEI J.O2 UNI Jethelm matt schwarz XL\" width=\"165\" height=\"220\"\/>\n\t\t\t\t\t\t\t\t<\/span>\n\t\t                        <div class=\"product-name\"><span>SHOEI J.O2 UNI Jethelm matt schwarz XL<\/span><\/div>\n\t\t                        \t\t                        \t                        \t<div class=\"price-box clearfix\">\n\t\t                        \t\t\t\t\t\t\t\t\t<span class=\"regular-price\" id=\"product-price-161987\">\n\t                        \t\t\t<span class=\"price\">\n\t                        \t\t\t\t398,90 \u20ac\t                        \t\t\t\t<span class=\"price-hint\">*<\/span>\n\t                                \t<\/span>\n\t                                <\/span>\n\t\t\t\t\t\t\t\t\t\t\t\t\t\t\t\t\t<\/div>\n\t\t\t\t\t\t\t<\/a>\n\t\t\t\t\t\t<\/div>                  \n\t\t            <\/div>\n\t            <\/div>\n            \t            \t<div class=\"item\">\n\t            \t<div class=\"col-xs-4 col-md-3 product more\">\n\t\t                <div>\n\t            \t\t\t<a href=\"https:\/\/www.helmexpress.com\/motorradhelme\" class=\"product-link\" target=\"_blank\">\n\t            \t\t\t\tAlle Motorradhelme bei helmexpress.com\t            \t\t\t<\/a>\n\t            \t\t<\/div>\n\t            \t<\/div>\n\t            <\/div>\n            \t\t\t            \t\t<\/div>\n\t\t        \t\t<\/div>\n\t\t        \t\t\t\t        \t\t<a data-slide=\"prev\" href=\"javascript:void(0)\" class=\"left carousel-control hidden\"><i class=\"fa fa-caret-left\"><\/i><\/a>\n\t\t      \t\t\t<a data-slide=\"next\" href=\"javascript:void(0)\" class=\"right carousel-control\"><i class=\"fa fa-caret-right\"><\/i><\/a>\n\t\t      \t\t\t\t\t\t\t\t<\/div>\n\t\t\t\t<\/div>\n\t\t\t<\/div>\n            \n","protected":false},"excerpt":{"rendered":"<p>&#8222;Calimoto ist die erste multifunktionale App speziell f\u00fcr\u00a0Motorradfahrer&#8220;, so beschreiben Sebastian\u00a0Dambeck, Luca Osten und Hans-Joachim Allenfort ihre App Calimoto zusammen. Der kurvige Weg ist dabei das Ziel. Um den zu finden, setzt die App auf einen Algorithmen und k\u00fcnstliche Intelligenz.<\/p>\n","protected":false},"author":3,"featured_media":278,"comment_status":"closed","ping_status":"closed","sticky":false,"template":"","format":"standard","meta":[],"categories":[8],"tags":[25,26,24],"_links":{"self":[{"href":"https:\/\/www.helmexpress.com\/magazin\/wp-json\/wp\/v2\/posts\/206"}],"collection":[{"href":"https:\/\/www.helmexpress.com\/magazin\/wp-json\/wp\/v2\/posts"}],"about":[{"href":"https:\/\/www.helmexpress.com\/magazin\/wp-json\/wp\/v2\/types\/post"}],"author":[{"embeddable":true,"href":"https:\/\/www.helmexpress.com\/magazin\/wp-json\/wp\/v2\/users\/3"}],"replies":[{"embeddable":true,"href":"https:\/\/www.helmexpress.com\/magazin\/wp-json\/wp\/v2\/comments?post=206"}],"version-history":[{"count":14,"href":"https:\/\/www.helmexpress.com\/magazin\/wp-json\/wp\/v2\/posts\/206\/revisions"}],"predecessor-version":[{"id":104151,"href":"https:\/\/www.helmexpress.com\/magazin\/wp-json\/wp\/v2\/posts\/206\/revisions\/104151"}],"wp:featuredmedia":[{"embeddable":true,"href":"https:\/\/www.helmexpress.com\/magazin\/wp-json\/wp\/v2\/media\/278"}],"wp:attachment":[{"href":"https:\/\/www.helmexpress.com\/magazin\/wp-json\/wp\/v2\/media?parent=206"}],"wp:term":[{"taxonomy":"category","embeddable":true,"href":"https:\/\/www.helmexpress.com\/magazin\/wp-json\/wp\/v2\/categories?post=206"},{"taxonomy":"post_tag","embeddable":true,"href":"https:\/\/www.helmexpress.com\/magazin\/wp-json\/wp\/v2\/tags?post=206"}],"curies":[{"name":"wp","href":"https:\/\/api.w.org\/{rel}","templated":true}]}}