{"id":2003,"date":"2022-03-21T15:47:28","date_gmt":"2022-03-21T14:47:28","guid":{"rendered":"https:\/\/www.helmexpress.com\/magazin\/?p=2003"},"modified":"2023-11-23T11:01:52","modified_gmt":"2023-11-23T10:01:52","slug":"125er-fuehrerschein-mit-dem-autofuehrerschein-125er-motorrad-fahren","status":"publish","type":"post","link":"https:\/\/www.helmexpress.com\/magazin\/125er-fuehrerschein-mit-dem-autofuehrerschein-125er-motorrad-fahren\/","title":{"rendered":"125er F\u00fchrerschein &#8211; Mit dem Autof\u00fchrerschein 125er Motorrad fahren"},"content":{"rendered":"<h2>Mit dem Autof\u00fchrerschein Motorrad fahren<\/h2>\n<p>Schon seit einiger Zeit l\u00e4sst sich <strong>ein regelrechter Boom f\u00fcr 125er Motorr\u00e4der<\/strong> erkennen. Also ein motorisiertes Zweirad, das \u00fcber maximal 125 ccm Hubraum verf\u00fcgt. Biker, die bislang nur einen AM-F\u00fchrerschein besa\u00dfen, k\u00f6nnen nun mit dem &#8222;A1&#8220; endlich ein Motorrad mit ordentlich Power fahren k\u00f6nnen. Das alleine erkl\u00e4rt aber noch nicht die hohen Verkaufszahlen der 125ccm Motorr\u00e4der. Denn im Jahr 2020 trat in Deutschland <strong>ein neues Gesetz<\/strong> in Kraft. Seitdem k\u00f6nnen sich Autofahrer eine lang ersehnten (Jugend-)Traum erf\u00fcllen \u2013 <strong>mit dem Autof\u00fchrerschein Motorrad fahren!<\/strong> Das Team von <a href=\"https:\/\/www.helmexpress.com\/\">Helmexpress<\/a> informiert, wie das funktioniert und was es im Fahrzeugschein mit der <strong>Schl\u00fcsselziffer 196<\/strong> auf sich hat.<\/p>\n<p>&nbsp;<\/p>\n<div id=\"attachment_89023\" style=\"width: 760px\" class=\"wp-caption aligncenter\"><a href=\"https:\/\/www.helmexpress.com\/\"><img aria-describedby=\"caption-attachment-89023\" loading=\"lazy\" class=\"wp-image-89023 size-full img-responsive\" src=\"https:\/\/www.helmexpress.com\/magazin\/wp-content\/uploads\/2022\/03\/Fuherrschein.jpg\" alt=\"125er F\u00fchrerschein - Gutscheincode gleich einl\u00f6sen\" width=\"750\" height=\"500\" srcset=\"https:\/\/www.helmexpress.com\/magazin\/wp-content\/uploads\/2022\/03\/Fuherrschein.jpg 750w, https:\/\/www.helmexpress.com\/magazin\/wp-content\/uploads\/2022\/03\/Fuherrschein-300x200.jpg 300w\" sizes=\"(max-width: 750px) 100vw, 750px\" \/><\/a><p id=\"caption-attachment-89023\" class=\"wp-caption-text\">125er F\u00fchrerschein &#8211; Gutscheincode gleich einl\u00f6sen<\/p><\/div>\n<p>&nbsp;<\/p>\n<h2>Kann man mit dem Autof\u00fchrerschein 125er Fahren?<\/h2>\n<p><strong>Ja, das geht!<\/strong> Ausschlaggebend ist ein Gesetz vom Januar 2020, das vom Deutschen Bundesrat auf den Weg gebracht wurde. Im Hinblick dessen, dass es Alternativen zum Auto geben und auch die E-Mobilit\u00e4t vorangetrieben werden sollte, kam es zu diesem entscheidenden Schritt. Die Regierung war der Ansicht, dass Autofahrer, die bereits \u00fcber eine Fahrpraxis verf\u00fcgen, <strong>keinen extra 125er F\u00fchrerschein ben\u00f6tigen<\/strong> bzw. <strong>keine extra Motorrad-F\u00fchrerscheinpr\u00fcfung ablegen<\/strong> m\u00fcssen. Jedoch nur unter bestimmen <strong>Voraussetzungen<\/strong>.<\/p>\n<p>&nbsp;<\/p>\n<h2>Motorrad fahren ohne 125er F\u00fchrerschein \u2013 die Voraussetzungen<\/h2>\n<p>Wenn du ein Motorrad mit 125 ccm Hubraum im \u00f6ffentlichen Stra\u00dfenverkehr bewegen willst, musst du <strong>in der Regel einen F\u00fchrerschein der Klasse A1<\/strong> (= alte Klasse 1b) erwerben. Dies ist seit Januar 2020 <strong>NICHT mehr zwingend notwendig<\/strong>, wenn folgendes zutrifft:<\/p>\n<ul>\n<li>Du bist mindestens 25 Jahre alt<\/li>\n<li>seit mindestens 5 Jahren im Besitz der F\u00fchrerschein-Klasse B (Pkw)<\/li>\n<li>hast an einer Fahrerschulung teilgenommen, die mindestens 4 theoretische und 5 praktische Unterrichtseinheiten (je 90 Minuten) umfasst.<\/li>\n<\/ul>\n<p>Nach der Teilnahme an der Fahrerschulung stellt dir die Fahrschule eine entsprechende Bescheinigung aus. Es ist demnach KEINE theoretische und auch KEINE praktische Pr\u00fcfung erforderlich. Mit der Bescheinigung kannst du einen neuen F\u00fchrerschein beantragen, in welchem die Schl\u00fcsselziffer 196 eintragen wird: Der beh\u00f6rdliche Vermerk, dass du ein Motorrad mit 125 ccm Hubraum fahren darfst. Denke hierbei auch an den richtigen <a href=\"https:\/\/www.helmexpress.com\/motorradhelme\">Motorradhelm<\/a>, egal ob ein <a href=\"https:\/\/www.helmexpress.com\/jethelme\">Jethelm<\/a>, <a href=\"https:\/\/www.helmexpress.com\/klapphelme\">Klapphelm<\/a> oder <a href=\"https:\/\/www.helmexpress.com\/crosshelme\">Motocrosshelm<\/a>, zur geltenden Helmpflicht und zus\u00e4tzlich Sicherheit bietenden<a href=\"https:\/\/www.helmexpress.com\/motorrad-bekleidung\"> Motorradkleidung<\/a> wie <a href=\"https:\/\/www.helmexpress.com\/motorrad-jacken\">Motorradjacke<\/a> und <a href=\"https:\/\/www.helmexpress.com\/motorrad-hosen\">Motorradhose<\/a>.<\/p>\n\t\t\t<link rel=\"stylesheet\" type=\"text\/css\" href=\"https:\/\/www.helmexpress.com\/magazin\/wp-content\/plugins\/helmexpress-products\/style.css\"\/>\n\t\t\t<div class=\"products-grid container\">\n\t\t\t  <div class=\"row\">\n\t\t\t    <div class=\"col-md-12\">\n\t\t\t      <div class=\"carousel slide hxCarousel\" id=\"hxCarousel-e7ecaff595cf96defd1b8ead3b3a9003\">\n\t\t\t      \t<div class=\"carousel-inner\">\n\t\t\t\t\t\t\t<div class=\"item active\">\n\t\t\t\t\t<div class=\"col-xs-4 col-md-3 product\" id=\"product-140098\">\n\t\t                <div>\n\t\t                    <a href=\"https:\/\/www.helmexpress.com\/held-zelda-textiljacke-700027309.html\" title=\"HELD Zelda Textiljacke grau-rot M\" class=\"product-link\">\n\t\t                        <span class=\"product-image\">\n\t\t                            <img src=\"https:\/\/cdn1.helmexpress.com\/media\/catalog\/product\/H\/E\/HELD_66384049462760752_2.jpg\" title=\"HELD Zelda Textiljacke grau-rot M\" width=\"165\" height=\"220\"\/>\n\t\t\t\t\t\t\t\t<\/span>\n\t\t                        <div class=\"product-name\"><span>HELD Zelda Textiljacke grau-rot M<\/span><\/div>\n\t\t                        \t\t                        \t                        \t<div class=\"price-box clearfix\">\n\t\t                        \t\t\t\t\t\t\t\t\t<span class=\"regular-price\" id=\"product-price-140098\">\n\t                        \t\t\t<span class=\"price\">\n\t                        \t\t\t\t199,95 \u20ac\t                        \t\t\t\t<span class=\"price-hint\">*<\/span>\n\t                                \t<\/span>\n\t                                <\/span>\n\t\t\t\t\t\t\t\t\t\t\t\t\t\t\t\t\t<\/div>\n\t\t\t\t\t\t\t<\/a>\n\t\t\t\t\t\t<\/div>                  \n\t\t            <\/div>\n\t            <\/div>\n            \t\t\t\t\t<div class=\"item\">\n\t\t\t\t\t<div class=\"col-xs-4 col-md-3 product\" id=\"product-153524\">\n\t\t                <div>\n\t\t                    <a href=\"https:\/\/www.helmexpress.com\/five-rfx-sport-evo-handschuh-608147.html\" title=\"FIVE RFX SPORT EVO Handschuh schwarz-fluo rot M\" class=\"product-link\">\n\t\t                        <span class=\"product-image\">\n\t\t                            <img src=\"https:\/\/cdn1.helmexpress.com\/media\/catalog\/product\/f\/i\/five-rfx-sport-evo-handschuh-schwarz-fluo-rot-m-608147srm.jpg\" title=\"FIVE RFX SPORT EVO Handschuh schwarz-fluo rot M\" width=\"165\" height=\"220\"\/>\n\t\t\t\t\t\t\t\t<\/span>\n\t\t                        <div class=\"product-name\"><span>FIVE RFX SPORT EVO Handschuh schwarz-fluo rot M<\/span><\/div>\n\t\t                        \t\t                        \t                        \t<div class=\"price-box clearfix\">\n\t\t                        \t\t\t\t\t\t\t\t\t<p class=\"old-price\">\n\t\t\t\t\t\t\t\t\t\t<span class=\"price-label\">statt<\/span>\n\t\t\t\t\t\t\t\t\t\t<span class=\"price\" id=\"old-price-153524\">\n\t\t\t\t\t\t\t\t\t\t\t79,90 \u20ac\t\t\t\t\t\t\t\t\t\t<\/span>\n\t\t\t\t\t\t\t\t\t<\/p>\n\t\t                        \t<p class=\"special-price\">\n\t\t                \t\t\t\t<span class=\"price-label\">nur<\/span>\n\t\t                \t\t\t\t<span class=\"price\" id=\"product-price-153524\">\n\t\t                \t\t\t\t\t63,92 \u20ac\t\t                \t\t\t\t\t<span class=\"price-hint\">*<\/span>\n\t\t                \t\t\t\t<\/span>\n\t\t\t\t\t\t\t\t\t<\/p>\n\t\t\t\t\t\t\t\t\t\t\t\t\t\t\t\t\t<\/div>\n\t\t\t\t\t\t\t<\/a>\n\t\t\t\t\t\t<\/div>                  \n\t\t            <\/div>\n\t            <\/div>\n            \t\t\t\t\t<div class=\"item\">\n\t\t\t\t\t<div class=\"col-xs-4 col-md-3 product\" id=\"product-177247\">\n\t\t                <div>\n\t\t                    <a href=\"https:\/\/www.helmexpress.com\/shot-race-8-stiefel-700048117.html\" title=\"SHOT RACE 8 Stiefel holographic 43\" class=\"product-link\">\n\t\t                        <span class=\"product-image\">\n\t\t                            <img src=\"https:\/\/cdn1.helmexpress.com\/media\/catalog\/product\/S\/h\/Shot_A07-24A123666689056225_6.png\" title=\"SHOT RACE 8 Stiefel holographic 43\" width=\"165\" height=\"220\"\/>\n\t\t\t\t\t\t\t\t<\/span>\n\t\t                        <div class=\"product-name\"><span>SHOT RACE 8 Stiefel holographic 43<\/span><\/div>\n\t\t                        \t\t                        <div class=\"new\">\n\t\t                        \t<div class=\"new-inner\">Neu<\/div>\n\t\t                        <\/div>\n\t\t                        \t\t                        \t                        \t<div class=\"price-box clearfix\">\n\t\t                        \t\t\t\t\t\t\t\t\t<p class=\"old-price\">\n\t\t\t\t\t\t\t\t\t\t<span class=\"price-label\">statt<\/span>\n\t\t\t\t\t\t\t\t\t\t<span class=\"price\" id=\"old-price-177247\">\n\t\t\t\t\t\t\t\t\t\t\t299,90 \u20ac\t\t\t\t\t\t\t\t\t\t<\/span>\n\t\t\t\t\t\t\t\t\t<\/p>\n\t\t                        \t<p class=\"special-price\">\n\t\t                \t\t\t\t<span class=\"price-label\">nur<\/span>\n\t\t                \t\t\t\t<span class=\"price\" id=\"product-price-177247\">\n\t\t                \t\t\t\t\t239,92 \u20ac\t\t                \t\t\t\t\t<span class=\"price-hint\">*<\/span>\n\t\t                \t\t\t\t<\/span>\n\t\t\t\t\t\t\t\t\t<\/p>\n\t\t\t\t\t\t\t\t\t\t\t\t\t\t\t\t\t<\/div>\n\t\t\t\t\t\t\t<\/a>\n\t\t\t\t\t\t<\/div>                  \n\t\t            <\/div>\n\t            <\/div>\n            \t\t\t\t\t<div class=\"item\">\n\t\t\t\t\t<div class=\"col-xs-4 col-md-3 product\" id=\"product-142124\">\n\t\t                <div>\n\t\t                    <a href=\"https:\/\/www.helmexpress.com\/held-motion-evo-handschuh-700029283.html\" title=\"HELD Motion Evo Handschuh schwarz 11\" class=\"product-link\">\n\t\t                        <span class=\"product-image\">\n\t\t                            <img src=\"https:\/\/cdn1.helmexpress.com\/media\/catalog\/product\/H\/E\/HELD_28354049462828124_6.jpg\" title=\"HELD Motion Evo Handschuh schwarz 11\" width=\"165\" height=\"220\"\/>\n\t\t\t\t\t\t\t\t<\/span>\n\t\t                        <div class=\"product-name\"><span>HELD Motion Evo Handschuh schwarz 11<\/span><\/div>\n\t\t                        \t\t                        \t                        \t<div class=\"price-box clearfix\">\n\t\t                        \t\t\t\t\t\t\t\t\t<span class=\"regular-price\" id=\"product-price-142124\">\n\t                        \t\t\t<span class=\"price\">\n\t                        \t\t\t\t69,95 \u20ac\t                        \t\t\t\t<span class=\"price-hint\">*<\/span>\n\t                                \t<\/span>\n\t                                <\/span>\n\t\t\t\t\t\t\t\t\t\t\t\t\t\t\t\t\t<\/div>\n\t\t\t\t\t\t\t<\/a>\n\t\t\t\t\t\t<\/div>                  \n\t\t            <\/div>\n\t            <\/div>\n            \t\t\t\t\t<div class=\"item\">\n\t\t\t\t\t<div class=\"col-xs-4 col-md-3 product\" id=\"product-154201\">\n\t\t                <div>\n\t\t                    <a href=\"https:\/\/www.helmexpress.com\/macna-mondo-2-0-textiljacke-202265.html\" title=\"MACNA MONDO 2.0 Textiljacke schwarz M\" class=\"product-link\">\n\t\t                        <span class=\"product-image\">\n\t\t                            <img src=\"https:\/\/cdn1.helmexpress.com\/media\/catalog\/product\/m\/a\/macna-mondo-2-0-textiljacke-schwarz-m-202265szm.jpg\" title=\"MACNA MONDO 2.0 Textiljacke schwarz M\" width=\"165\" height=\"220\"\/>\n\t\t\t\t\t\t\t\t<\/span>\n\t\t                        <div class=\"product-name\"><span>MACNA MONDO 2.0 Textiljacke schwarz M<\/span><\/div>\n\t\t                        \t\t                        \t                        \t<div class=\"price-box clearfix\">\n\t\t                        \t\t\t\t\t\t\t\t\t<p class=\"old-price\">\n\t\t\t\t\t\t\t\t\t\t<span class=\"price-label\">statt<\/span>\n\t\t\t\t\t\t\t\t\t\t<span class=\"price\" id=\"old-price-154201\">\n\t\t\t\t\t\t\t\t\t\t\t219,95 \u20ac\t\t\t\t\t\t\t\t\t\t<\/span>\n\t\t\t\t\t\t\t\t\t<\/p>\n\t\t                        \t<p class=\"special-price\">\n\t\t                \t\t\t\t<span class=\"price-label\">nur<\/span>\n\t\t                \t\t\t\t<span class=\"price\" id=\"product-price-154201\">\n\t\t                \t\t\t\t\t175,96 \u20ac\t\t                \t\t\t\t\t<span class=\"price-hint\">*<\/span>\n\t\t                \t\t\t\t<\/span>\n\t\t\t\t\t\t\t\t\t<\/p>\n\t\t\t\t\t\t\t\t\t\t\t\t\t\t\t\t\t<\/div>\n\t\t\t\t\t\t\t<\/a>\n\t\t\t\t\t\t<\/div>                  \n\t\t            <\/div>\n\t            <\/div>\n            \t\t\t            \t\t<\/div>\n\t\t        \t\t<\/div>\n\t\t        \t\t\t\t        \t\t<a data-slide=\"prev\" href=\"javascript:void(0)\" class=\"left carousel-control hidden\"><i class=\"fa fa-caret-left\"><\/i><\/a>\n\t\t      \t\t\t<a data-slide=\"next\" href=\"javascript:void(0)\" class=\"right carousel-control\"><i class=\"fa fa-caret-right\"><\/i><\/a>\n\t\t      \t\t\t\t\t\t\t\t<\/div>\n\t\t\t\t<\/div>\n\t\t\t<\/div>\n            \n<p><strong>Wichtig:<\/strong> Die B196-F\u00fchrerscheinerweiterung gilt nur f\u00fcr <strong>Deutschland<\/strong>. Informiere dich demnach vorab, welche gesetzlichen Bestimmungen in anderen L\u00e4ndern gelten.<\/p>\n<p>So sieht es zum Beispiel in <strong>\u00d6sterreich<\/strong> aus:<br \/>\nAuch hier umfasst der Pkw-F\u00fchrerschein der Klasse B den 125er F\u00fchrerschein, wenn dieser zuvor 5 Jahre ununterbrochen in deinem Besitz war und du 6 Stunden praktischen Fahrunterricht nachweisen kannst.<\/p>\n<p>&nbsp;<\/p>\n<p>&nbsp;<\/p>\n<div id=\"attachment_2005\" style=\"width: 1034px\" class=\"wp-caption aligncenter\"><img aria-describedby=\"caption-attachment-2005\" loading=\"lazy\" class=\"wp-image-2005 size-large img-responsive\" src=\"https:\/\/www.helmexpress.com\/magazin\/wp-content\/uploads\/2022\/03\/shutterstock_1717883815-1024x683.jpg\" alt=\"nach ein paar Fahrstunden h\u00e4lt man den neuen F\u00fchrerschein in den H\u00e4nden\" width=\"1024\" height=\"683\" srcset=\"https:\/\/www.helmexpress.com\/magazin\/wp-content\/uploads\/2022\/03\/shutterstock_1717883815-1024x683.jpg 1024w, https:\/\/www.helmexpress.com\/magazin\/wp-content\/uploads\/2022\/03\/shutterstock_1717883815-300x200.jpg 300w, https:\/\/www.helmexpress.com\/magazin\/wp-content\/uploads\/2022\/03\/shutterstock_1717883815-768x512.jpg 768w\" sizes=\"(max-width: 1024px) 100vw, 1024px\" \/><p id=\"caption-attachment-2005\" class=\"wp-caption-text\">nach ein paar Fahrstunden h\u00e4lt man den neuen F\u00fchrerschein in den H\u00e4nden<\/p><\/div>\n<p>&nbsp;<\/p>\n<p>&nbsp;<\/p>\n<h2>125er F\u00fchrerschein \u2013 wie sieht das im Detail aus?<\/h2>\n<p>Da die Schl\u00fcsselziffer bzw. Schl\u00fcsselzahl 196 in Verbindung mit der F\u00fchrerscheinklasse B explizit auf das <strong>Motorrad fahren mit Autof\u00fchrerschein<\/strong> hinweist, bieten viele Fahrschulen die Leistung: <strong>\u201eFahrschulung B196\u201c<\/strong> an. So sieht das dann im Alltag aus:<\/p>\n<h3>Fahrschulung B196 \u2013 die Theorie<\/h3>\n<p>Es werden mindestens vier Einheiten (je 90 Minuten) klassenspezifischer Unterricht f\u00fcr Motorradfahrer absolviert. Hierbei handelt es sich um folgende Themen:<\/p>\n<p><strong>Fahrer\/Fahrzeug<\/strong><\/p>\n<ul>\n<li>pers\u00f6nliche Voraussetzungen<\/li>\n<li>Schutz des Fahrers<\/li>\n<li>Betriebs- und Verkehrssicherheit, Wartung und Pflege<\/li>\n<li>Sozius und Gep\u00e4ck<\/li>\n<\/ul>\n<p><strong>Verhalten beim Motorradfahren<\/strong><\/p>\n<ul>\n<li>Verkehrsregeln und Gefahren f\u00fcr Motorradfahrer<\/li>\n<li>vorausschauendes Fahren<\/li>\n<li>umweltbewusstes Fahren<\/li>\n<\/ul>\n<p><strong>Besondere Schwierigkeiten f\u00fcr Motorradfahrer<\/strong><\/p>\n<ul>\n<li>Fahren unter erschwerten Bedingungen<\/li>\n<li>Fahren bei D\u00e4mmerung und Dunkelheit<\/li>\n<li>Sehen und gesehen werden<\/li>\n<li>Unfallverhalten<\/li>\n<\/ul>\n<p><strong>Fahrphysik und Fahrtechnik<\/strong><\/p>\n<ul>\n<li>Kreiselkr\u00e4fte<\/li>\n<li>stabile und instabile Fahrzust\u00e4nde<\/li>\n<li>Kurvenfahrten (Fliehkraft, Schr\u00e4glage, Lenkimpulstechnik)<\/li>\n<li>Bremsen, Ausweichen<\/li>\n<li>allgemeine Fahrzeugbeherrschung<\/li>\n<\/ul>\n<div id=\"attachment_2015\" style=\"width: 1034px\" class=\"wp-caption aligncenter\"><img aria-describedby=\"caption-attachment-2015\" loading=\"lazy\" class=\"wp-image-2015 size-large img-responsive\" src=\"https:\/\/www.helmexpress.com\/magazin\/wp-content\/uploads\/2022\/03\/shutterstock_1788638600-1024x683.jpg\" alt=\"Mit ein bisschen \u00dcbung........\" width=\"1024\" height=\"683\" srcset=\"https:\/\/www.helmexpress.com\/magazin\/wp-content\/uploads\/2022\/03\/shutterstock_1788638600-1024x683.jpg 1024w, https:\/\/www.helmexpress.com\/magazin\/wp-content\/uploads\/2022\/03\/shutterstock_1788638600-300x200.jpg 300w, https:\/\/www.helmexpress.com\/magazin\/wp-content\/uploads\/2022\/03\/shutterstock_1788638600-768x512.jpg 768w, https:\/\/www.helmexpress.com\/magazin\/wp-content\/uploads\/2022\/03\/shutterstock_1788638600-1536x1024.jpg 1536w, https:\/\/www.helmexpress.com\/magazin\/wp-content\/uploads\/2022\/03\/shutterstock_1788638600-2048x1365.jpg 2048w\" sizes=\"(max-width: 1024px) 100vw, 1024px\" \/><p id=\"caption-attachment-2015\" class=\"wp-caption-text\">Mit ein bisschen \u00dcbung&#8230;&#8230;..<\/p><\/div>\n<p>&nbsp;<\/p>\n<h3>Fahrschulung B196 \u2013 die Praxis<\/h3>\n<p>Hier sind mindestens 5 Einheiten je 90 Minuten f\u00fcr die fahrpraktische Schulung zu absolvieren. Die fahrpraktische Schulung findet zum Teil im sogenannten \u201eSchonraum\u201c statt (Parkplatz, Industriegebiet etc.), ansonsten im Realverkehr. Durch diese Schulung werden typische <a href=\"https:\/\/www.helmexpress.com\/magazin\/motorrad-anfaengerfehler\/\">Anf\u00e4ngerfehler<\/a> vermieden. Zu den Inhalten geh\u00f6ren unter anderem:<\/p>\n<p><strong>\u00dcbungen zur Fahrzeugbeherrschung<\/strong><\/p>\n<ul>\n<li>Fahren in Schrittgeschwindigkeit<\/li>\n<li>Slalom und Kreisfahren<\/li>\n<li>Ausweich- und Brems\u00fcbungen<\/li>\n<li>Gefahrenbremsung (Vollbremsung)<\/li>\n<\/ul>\n<p><strong>Fahrstunden im Realverkehr<\/strong><\/p>\n<ul>\n<li>Sonderfahrten<\/li>\n<li>\u00dcberlandfahrt<\/li>\n<li>Schnellstra\u00dfenfahrt oder Autobahnfahrt<\/li>\n<\/ul>\n<h3>Schulungsmotorr\u00e4der<\/h3>\n<p>Als <strong>Schulungsmotorr\u00e4der<\/strong> m\u00fcssen Kraftr\u00e4der der Klasse A1 verwendet werden, die den Vorgaben der <strong>Fahrerlaubnisverordnung<\/strong> entsprechen. Das bedeutet:<\/p>\n<ul>\n<li>Motorleistung bis zu 11 kW<\/li>\n<li>Verh\u00e4ltnis von Leistung zu Leermassen nicht gr\u00f6\u00dfer als 0,1 kW\/kg<\/li>\n<li>durch die Bauart bestimmte H\u00f6chstgeschwindigkeit mindestens 90 km\/h<\/li>\n<li>Verbrennungsmotor: Hubraum mindestens 120 ccm<\/li>\n<li>Elektromotor: Verh\u00e4ltnis Leistung\/Leermasse mindestens 0,08 kW\/kg<\/li>\n<\/ul>\n<p>Hinweis: Du kannst die Schulung auch auf einem <strong>Automatikfahrzeug<\/strong> durchf\u00fchren. Die sp\u00e4tere Fahrberechtigung wird dadurch NICHT auf Fahrzeuge mit automatischem Getriebe beschr\u00e4nkt.<\/p>\n<h3>G\u00fcltigkeit und Geltungsbereich<\/h3>\n<p>Der Pkw-F\u00fchrerschein Klasse B mit Schl\u00fcsselziffer 196 (= Fahrerlaubnis B196) berechtigt dich zum Fahren zweir\u00e4driger Leichtkraftr\u00e4der oder Mopeds (Verbrennungs- oder Elektromotor) mit folgenden technischen Voraussetzungen:<\/p>\n<ul>\n<li>Motorleistung maximal 11 kW<\/li>\n<li>Leistungsgewicht h\u00f6chstens 0,1 kW\/kg<\/li>\n<li>Hubraum maximal 125 ccm<\/li>\n<\/ul>\n<p>Hinweis: Sogenannte <strong>Trikes<\/strong> (dreir\u00e4drige Kraftfahrzeuge der Klasse A1 mit symmetrisch angeordneten R\u00e4dern) sind von der B196 F\u00fchrerscheinerweiterung <strong>ausgeschlossen<\/strong>.<\/p>\n<div id=\"attachment_2019\" style=\"width: 1034px\" class=\"wp-caption aligncenter\"><img aria-describedby=\"caption-attachment-2019\" loading=\"lazy\" class=\"wp-image-2019 size-large img-responsive\" src=\"https:\/\/www.helmexpress.com\/magazin\/wp-content\/uploads\/2022\/03\/shutterstock_633327704-1024x683.jpg\" alt=\"F\u00fcr den neuen 125ccm F\u00fchrerschein, brauchst du nur ein paar Scheine.......\" width=\"1024\" height=\"683\" srcset=\"https:\/\/www.helmexpress.com\/magazin\/wp-content\/uploads\/2022\/03\/shutterstock_633327704-1024x683.jpg 1024w, https:\/\/www.helmexpress.com\/magazin\/wp-content\/uploads\/2022\/03\/shutterstock_633327704-300x200.jpg 300w, https:\/\/www.helmexpress.com\/magazin\/wp-content\/uploads\/2022\/03\/shutterstock_633327704-768x513.jpg 768w, https:\/\/www.helmexpress.com\/magazin\/wp-content\/uploads\/2022\/03\/shutterstock_633327704-1536x1025.jpg 1536w, https:\/\/www.helmexpress.com\/magazin\/wp-content\/uploads\/2022\/03\/shutterstock_633327704-2048x1367.jpg 2048w\" sizes=\"(max-width: 1024px) 100vw, 1024px\" \/><p id=\"caption-attachment-2019\" class=\"wp-caption-text\">F\u00fcr den neuen 125ccm F\u00fchrerschein, brauchst du nur ein paar Scheine&#8230;&#8230;.<\/p><\/div>\n<h2>Wie viel kostet ein 125er Motorrad F\u00fchrerschein?<\/h2>\n<p>Hier m\u00fcssen wir zun\u00e4chst unterscheiden. Geht es tats\u00e4chlich um einen 125er Motorradf\u00fchrerschein (A1) oder um die eben ausf\u00fchrlich angesprochene F\u00fchrerscheinerweiterung (B196)? Willst du einen Motorradf\u00fchrerschein wie den A1 oder A2 erwerben, dann wirf einen Blick ins <a href=\"https:\/\/www.helmexpress.com\/magazin\/motorradfuehrerschein-kosten-klassen-und-voraussetzungen\/\">Magazin<\/a>. Dort haben wir das Thema \u201eMotorradf\u00fchrerschein Kosten, Klassen und Voraussetzungen\u201c ausf\u00fchrlich dargestellt.<\/p>\n<p>Hier bei der F\u00fchrerscheinerweiterung B196 kannst du jedoch einiges an Geld sparen. <strong>Fahrschulpr\u00fcfungen<\/strong> (theoretisch und praktisch) sind <strong>nicht notwendig<\/strong>. Auch hast du hier deutlich <strong>weniger Unterrichtsstunden<\/strong> und den <strong>Erste-Hilfe-Kurs bereits f\u00fcr den Pkw-F\u00fchrerschein absolviert<\/strong>. Je nach Fahrschule und Region musst du <strong>f\u00fcr die B196 F\u00fchrerscheinerweiterung mit Kosten zwischen 500 und 900 Euro rechnen<\/strong>. Von der Fahrschule erh\u00e4ltst du dann den Ausbildungsnachweis, mit dem ein neuer F\u00fchrerschein beantragt werden kann (Passbild nicht vergessen). F\u00fcr diesen b\u00fcrokratischen Posten werden dann zus\u00e4tzlich ca. 50 Euro f\u00e4llig.<\/p>\n\t\t\t<link rel=\"stylesheet\" type=\"text\/css\" href=\"https:\/\/www.helmexpress.com\/magazin\/wp-content\/plugins\/helmexpress-products\/style.css\"\/>\n\t\t\t<div class=\"products-grid container\">\n\t\t\t  <div class=\"row\">\n\t\t\t    <div class=\"col-md-12\">\n\t\t\t      <div class=\"carousel slide hxCarousel\" id=\"hxCarousel-e4536cb1e9b690e0d2d281254935ec58\">\n\t\t\t      \t<div class=\"carousel-inner\">\n\t\t\t\t\t\t\t<div class=\"item active\">\n\t\t\t\t\t<div class=\"col-xs-4 col-md-3 product\" id=\"product-177880\">\n\t\t                <div>\n\t\t                    <a href=\"https:\/\/www.helmexpress.com\/shark-skwal-cup-blank-matt-integralhelm-102585.html\" title=\"SHARK SKWAL CUP BLANK MATT matt schwarz M\" class=\"product-link\">\n\t\t                        <span class=\"product-image\">\n\t\t                            <img src=\"https:\/\/cdn1.helmexpress.com\/media\/catalog\/product\/s\/h\/shark-skwal-cup-blank-matt-matt-schwarz-m-102585msm.jpg\" title=\"SHARK SKWAL CUP BLANK MATT matt schwarz M\" width=\"165\" height=\"220\"\/>\n\t\t\t\t\t\t\t\t<\/span>\n\t\t                        <div class=\"product-name\"><span>SHARK SKWAL CUP BLANK MATT matt schwarz M<\/span><\/div>\n\t\t                        \t\t                        <div class=\"new\">\n\t\t                        \t<div class=\"new-inner\">Neu<\/div>\n\t\t                        <\/div>\n\t\t                        \t\t                        \t                        \t<div class=\"price-box clearfix\">\n\t\t                        \t\t\t\t\t\t\t\t\t<p class=\"old-price\">\n\t\t\t\t\t\t\t\t\t\t<span class=\"price-label\">statt<\/span>\n\t\t\t\t\t\t\t\t\t\t<span class=\"price\" id=\"old-price-177880\">\n\t\t\t\t\t\t\t\t\t\t\t269,99 \u20ac\t\t\t\t\t\t\t\t\t\t<\/span>\n\t\t\t\t\t\t\t\t\t<\/p>\n\t\t                        \t<p class=\"special-price\">\n\t\t                \t\t\t\t<span class=\"price-label\">nur<\/span>\n\t\t                \t\t\t\t<span class=\"price\" id=\"product-price-177880\">\n\t\t                \t\t\t\t\t254,90 \u20ac\t\t                \t\t\t\t\t<span class=\"price-hint\">*<\/span>\n\t\t                \t\t\t\t<\/span>\n\t\t\t\t\t\t\t\t\t<\/p>\n\t\t\t\t\t\t\t\t\t\t\t\t\t\t\t\t\t<\/div>\n\t\t\t\t\t\t\t<\/a>\n\t\t\t\t\t\t<\/div>                  \n\t\t            <\/div>\n\t            <\/div>\n            \t\t\t\t\t<div class=\"item\">\n\t\t\t\t\t<div class=\"col-xs-4 col-md-3 product\" id=\"product-85680\">\n\t\t                <div>\n\t\t                    <a href=\"https:\/\/www.helmexpress.com\/hjc-f70-semi-integralhelm-119202.html\" title=\"HJC F70 SEMI Integralhelm matt schwarz XXL\" class=\"product-link\">\n\t\t                        <span class=\"product-image\">\n\t\t                            <img src=\"https:\/\/cdn1.helmexpress.com\/media\/catalog\/product\/h\/j\/hjc-f70-semi-integralhelm-matt-schwarz-xxl-119202msxxl_3.jpg\" title=\"HJC F70 SEMI Integralhelm matt schwarz XXL\" width=\"165\" height=\"220\"\/>\n\t\t\t\t\t\t\t\t<\/span>\n\t\t                        <div class=\"product-name\"><span>HJC F70 SEMI Integralhelm matt schwarz XXL<\/span><\/div>\n\t\t                        \t\t                        \t                        \t<div class=\"price-box clearfix\">\n\t\t                        \t\t\t\t\t\t\t\t\t<p class=\"old-price\">\n\t\t\t\t\t\t\t\t\t\t<span class=\"price-label\">statt<\/span>\n\t\t\t\t\t\t\t\t\t\t<span class=\"price\" id=\"old-price-85680\">\n\t\t\t\t\t\t\t\t\t\t\t319,90 \u20ac\t\t\t\t\t\t\t\t\t\t<\/span>\n\t\t\t\t\t\t\t\t\t<\/p>\n\t\t                        \t<p class=\"special-price\">\n\t\t                \t\t\t\t<span class=\"price-label\">nur<\/span>\n\t\t                \t\t\t\t<span class=\"price\" id=\"product-price-85680\">\n\t\t                \t\t\t\t\t255,92 \u20ac\t\t                \t\t\t\t\t<span class=\"price-hint\">*<\/span>\n\t\t                \t\t\t\t<\/span>\n\t\t\t\t\t\t\t\t\t<\/p>\n\t\t\t\t\t\t\t\t\t\t\t\t\t\t\t\t\t<\/div>\n\t\t\t\t\t\t\t<\/a>\n\t\t\t\t\t\t<\/div>                  \n\t\t            <\/div>\n\t            <\/div>\n            \t\t\t\t\t<div class=\"item\">\n\t\t\t\t\t<div class=\"col-xs-4 col-md-3 product\" id=\"product-75437\">\n\t\t                <div>\n\t\t                    <a href=\"https:\/\/www.helmexpress.com\/shark-spartan-rs-blank-matt-integralhelm-102482.html\" title=\"SHARK SPARTAN RS BLANK MATT Integralhelm matt schwarz M\" class=\"product-link\">\n\t\t                        <span class=\"product-image\">\n\t\t                            <img src=\"https:\/\/cdn1.helmexpress.com\/media\/catalog\/product\/s\/h\/shark-spartan-rs-blank-matt-integralhelm-matt-schwarz-m-102482msm_9.jpg\" title=\"SHARK SPARTAN RS BLANK MATT Integralhelm matt schwarz M\" width=\"165\" height=\"220\"\/>\n\t\t\t\t\t\t\t\t<\/span>\n\t\t                        <div class=\"product-name\"><span>SHARK SPARTAN RS BLANK MATT Integralhelm matt schwarz M<\/span><\/div>\n\t\t                        \t\t                        \t                        \t<div class=\"price-box clearfix\">\n\t\t                        \t\t\t\t\t\t\t\t\t<p class=\"old-price\">\n\t\t\t\t\t\t\t\t\t\t<span class=\"price-label\">statt<\/span>\n\t\t\t\t\t\t\t\t\t\t<span class=\"price\" id=\"old-price-75437\">\n\t\t\t\t\t\t\t\t\t\t\t359,99 \u20ac\t\t\t\t\t\t\t\t\t\t<\/span>\n\t\t\t\t\t\t\t\t\t<\/p>\n\t\t                        \t<p class=\"special-price\">\n\t\t                \t\t\t\t<span class=\"price-label\">nur<\/span>\n\t\t                \t\t\t\t<span class=\"price\" id=\"product-price-75437\">\n\t\t                \t\t\t\t\t339,00 \u20ac\t\t                \t\t\t\t\t<span class=\"price-hint\">*<\/span>\n\t\t                \t\t\t\t<\/span>\n\t\t\t\t\t\t\t\t\t<\/p>\n\t\t\t\t\t\t\t\t\t\t\t\t\t\t\t\t\t<\/div>\n\t\t\t\t\t\t\t<\/a>\n\t\t\t\t\t\t<\/div>                  \n\t\t            <\/div>\n\t            <\/div>\n            \t\t\t\t\t<div class=\"item\">\n\t\t\t\t\t<div class=\"col-xs-4 col-md-3 product\" id=\"product-157199\">\n\t\t                <div>\n\t\t                    <a href=\"https:\/\/www.helmexpress.com\/mt-lemans-2-sv-s-scratched-chrome-jethelm-193038.html\" title=\"MT LEMANS 2 SV S SCRATCHED CHROME matt hellgrau S\" class=\"product-link\">\n\t\t                        <span class=\"product-image\">\n\t\t                            <img src=\"https:\/\/cdn1.helmexpress.com\/media\/catalog\/product\/m\/t\/mt-lemans-2-sv-s-scratched-chrome-matt-hellgrau-s-193038hgs.jpg\" title=\"MT LEMANS 2 SV S SCRATCHED CHROME matt hellgrau S\" width=\"165\" height=\"220\"\/>\n\t\t\t\t\t\t\t\t<\/span>\n\t\t                        <div class=\"product-name\"><span>MT LEMANS 2 SV S SCRATCHED CHROME matt hellgrau S<\/span><\/div>\n\t\t                        \t\t                        \t                        \t<div class=\"price-box clearfix\">\n\t\t                        \t\t\t\t\t\t\t\t\t<p class=\"old-price\">\n\t\t\t\t\t\t\t\t\t\t<span class=\"price-label\">statt<\/span>\n\t\t\t\t\t\t\t\t\t\t<span class=\"price\" id=\"old-price-157199\">\n\t\t\t\t\t\t\t\t\t\t\t114,95 \u20ac\t\t\t\t\t\t\t\t\t\t<\/span>\n\t\t\t\t\t\t\t\t\t<\/p>\n\t\t                        \t<p class=\"special-price\">\n\t\t                \t\t\t\t<span class=\"price-label\">nur<\/span>\n\t\t                \t\t\t\t<span class=\"price\" id=\"product-price-157199\">\n\t\t                \t\t\t\t\t91,96 \u20ac\t\t                \t\t\t\t\t<span class=\"price-hint\">*<\/span>\n\t\t                \t\t\t\t<\/span>\n\t\t\t\t\t\t\t\t\t<\/p>\n\t\t\t\t\t\t\t\t\t\t\t\t\t\t\t\t\t<\/div>\n\t\t\t\t\t\t\t<\/a>\n\t\t\t\t\t\t<\/div>                  \n\t\t            <\/div>\n\t            <\/div>\n            \t\t\t\t\t<div class=\"item\">\n\t\t\t\t\t<div class=\"col-xs-4 col-md-3 product\" id=\"product-158016\">\n\t\t                <div>\n\t\t                    <a href=\"https:\/\/www.helmexpress.com\/ls2-ff906-advant-solid-klapphelm-700034564.html\" title=\"LS2 FF906 ADVANT SOLID Klapphelm weiss XL\" class=\"product-link\">\n\t\t                        <span class=\"product-image\">\n\t\t                            <img src=\"https:\/\/cdn1.helmexpress.com\/media\/catalog\/product\/L\/S\/LS2_5690610026923221122174_5.jpg\" title=\"LS2 FF906 ADVANT SOLID Klapphelm weiss XL\" width=\"165\" height=\"220\"\/>\n\t\t\t\t\t\t\t\t<\/span>\n\t\t                        <div class=\"product-name\"><span>LS2 FF906 ADVANT SOLID Klapphelm weiss XL<\/span><\/div>\n\t\t                        \t\t                        \t                        \t<div class=\"price-box clearfix\">\n\t\t                        \t\t\t\t\t\t\t\t\t<span class=\"regular-price\" id=\"product-price-158016\">\n\t                        \t\t\t<span class=\"price\">\n\t                        \t\t\t\t298,90 \u20ac\t                        \t\t\t\t<span class=\"price-hint\">*<\/span>\n\t                                \t<\/span>\n\t                                <\/span>\n\t\t\t\t\t\t\t\t\t\t\t\t\t\t\t\t\t<\/div>\n\t\t\t\t\t\t\t<\/a>\n\t\t\t\t\t\t<\/div>                  \n\t\t            <\/div>\n\t            <\/div>\n            \t\t\t            \t\t<\/div>\n\t\t        \t\t<\/div>\n\t\t        \t\t\t\t        \t\t<a data-slide=\"prev\" href=\"javascript:void(0)\" class=\"left carousel-control hidden\"><i class=\"fa fa-caret-left\"><\/i><\/a>\n\t\t      \t\t\t<a data-slide=\"next\" href=\"javascript:void(0)\" class=\"right carousel-control\"><i class=\"fa fa-caret-right\"><\/i><\/a>\n\t\t      \t\t\t\t\t\t\t\t<\/div>\n\t\t\t\t<\/div>\n\t\t\t<\/div>\n            \n<p>Ein besonderes Augenmerk solltest du auf die <a href=\"https:\/\/www.helmexpress.com\/motorrad-bekleidung\"><strong>Schutzausr\u00fcstung<\/strong><\/a> richten. Denn es hat einen guten Grund, weshalb die Helmpflicht eingef\u00fchrt wurde. F\u00fcr das gem\u00fctliche Cruisen mit dem Leichtkraft-Roller ist gerade im Sommer der <a href=\"https:\/\/www.helmexpress.com\/jethelme\">Jethelm<\/a> eine gute Option. Hast du dir mit dem 125er F\u00fchrerschein den Traum vom Leichtkraftrad erf\u00fcllt und n\u00e4herst dich gerne mit ordentlich Speed dem Ziel \u2013 dann bietet ein <a href=\"https:\/\/www.helmexpress.com\/integralhelme\">Integralhelm<\/a> den besten Schutz. Als besonders ausgekl\u00fcgelt erweisen sich Modularhelme bzw. <a href=\"https:\/\/www.helmexpress.com\/klapphelme\">Klapphelme<\/a>, denn hier erh\u00e4ltst du quasi <strong>zwei Helme in einem<\/strong>. Mit geschlossenem Kinnteil f\u00e4hrst du im Integralhelm-Modus, hochgeklappt weht dir die Sommerbrise im Jethelm-Modus entgegen.<\/p>\n<h2>Motorrad fahren mit Autof\u00fchrerschein \u2013 was kostet die 125er Versicherung?<\/h2>\n<p>Hier gleich noch ein weiterer Vorteil f\u00fcr die ge\u00fcbten Verkehrsteilnehmer. Bei der Berechnung des Versicherungstarifs spielt der <strong>Risikofaktor<\/strong> eine ganz wesentliche Rolle. Da ein mindestens 25 Jahre alter Autofahrer, der zudem seit mindestens 5 Jahren \u00fcber den Autof\u00fchrerschein verf\u00fcgt, in der Regel eine geh\u00f6rige Portion <strong>Erfahrung im Stra\u00dfenverkehr<\/strong> mitbringt, wirkt sich das auf den Versicherungstarif aus. Bei einem Leichtkraftrad mit 125 Kubikzentimeter Hubraum kostet die <strong>Haftpflichtversicherung<\/strong> nicht einmal 50 Euro\/Jahr. Wobei es hier auf <strong>weitere Parameter<\/strong> ankommt, wie z. B. ob eine<a href=\"https:\/\/www.helmexpress.com\/motorrad-faltgaragen\"><strong> Faltgarage<\/strong><\/a> vorhanden ist, welche <strong>Jahresfahrleistung<\/strong> veranschlagt wird, wer das Fahrzeug bewegt und welche <strong>Schadensfreiheitsklasse<\/strong> vorliegt.<\/p>\n\t\t\t<link rel=\"stylesheet\" type=\"text\/css\" href=\"https:\/\/www.helmexpress.com\/magazin\/wp-content\/plugins\/helmexpress-products\/style.css\"\/>\n\t\t\t<div class=\"products-grid container\">\n\t\t\t  <div class=\"row\">\n\t\t\t    <div class=\"col-md-12\">\n\t\t\t      <div class=\"carousel slide hxCarousel\" id=\"hxCarousel-c3b448cc7c1aa97b48f59ae9dd42a0bf\">\n\t\t\t      \t<div class=\"carousel-inner\">\n\t\t\t\t\t\t\t<div class=\"item active\">\n\t\t\t\t\t<div class=\"col-xs-4 col-md-3 product\" id=\"product-168305\">\n\t\t                <div>\n\t\t                    <a href=\"https:\/\/www.helmexpress.com\/macna-moto-mantle-premium-dlx-faltgarage-xxl-901292.html\" title=\"MACNA MOTO MANTLE PREMIUM DLX Faltgarage XXL schwarz XXL\" class=\"product-link\">\n\t\t                        <span class=\"product-image\">\n\t\t                            <img src=\"https:\/\/cdn1.helmexpress.com\/media\/catalog\/product\/m\/a\/macna-moto-mantle-premium-dlx-faltgarage-xxl-schwarz-xxl-901292szxxl.jpg\" title=\"MACNA MOTO MANTLE PREMIUM DLX Faltgarage XXL schwarz XXL\" width=\"165\" height=\"220\"\/>\n\t\t\t\t\t\t\t\t<\/span>\n\t\t                        <div class=\"product-name\"><span>MACNA MOTO MANTLE PREMIUM DLX Faltgarage XXL schwarz XXL<\/span><\/div>\n\t\t                        \t\t                        <div class=\"new\">\n\t\t                        \t<div class=\"new-inner\">Neu<\/div>\n\t\t                        <\/div>\n\t\t                        \t\t                        \t                        \t<div class=\"price-box clearfix\">\n\t\t                        \t\t\t\t\t\t\t\t\t<p class=\"old-price\">\n\t\t\t\t\t\t\t\t\t\t<span class=\"price-label\">statt<\/span>\n\t\t\t\t\t\t\t\t\t\t<span class=\"price\" id=\"old-price-168305\">\n\t\t\t\t\t\t\t\t\t\t\t130,00 \u20ac\t\t\t\t\t\t\t\t\t\t<\/span>\n\t\t\t\t\t\t\t\t\t<\/p>\n\t\t                        \t<p class=\"special-price\">\n\t\t                \t\t\t\t<span class=\"price-label\">nur<\/span>\n\t\t                \t\t\t\t<span class=\"price\" id=\"product-price-168305\">\n\t\t                \t\t\t\t\t117,00 \u20ac\t\t                \t\t\t\t\t<span class=\"price-hint\">*<\/span>\n\t\t                \t\t\t\t<\/span>\n\t\t\t\t\t\t\t\t\t<\/p>\n\t\t\t\t\t\t\t\t\t\t\t\t\t\t\t\t\t<\/div>\n\t\t\t\t\t\t\t<\/a>\n\t\t\t\t\t\t<\/div>                  \n\t\t            <\/div>\n\t            <\/div>\n            \t\t\t\t\t<div class=\"item\">\n\t\t\t\t\t<div class=\"col-xs-4 col-md-3 product\" id=\"product-168299\">\n\t\t                <div>\n\t\t                    <a href=\"https:\/\/www.helmexpress.com\/macna-moto-mantle-premium-dlx-faltgarage-l-901291.html\" title=\"MACNA MOTO MANTLE PREMIUM DLX Faltgarage schwarz L\" class=\"product-link\">\n\t\t                        <span class=\"product-image\">\n\t\t                            <img src=\"https:\/\/cdn1.helmexpress.com\/media\/catalog\/product\/m\/a\/macna-moto-mantle-premium-dlx-faltgarage-schwarz-l-901291szl.jpg\" title=\"MACNA MOTO MANTLE PREMIUM DLX Faltgarage schwarz L\" width=\"165\" height=\"220\"\/>\n\t\t\t\t\t\t\t\t<\/span>\n\t\t                        <div class=\"product-name\"><span>MACNA MOTO MANTLE PREMIUM DLX Faltgarage schwarz L<\/span><\/div>\n\t\t                        \t\t                        <div class=\"new\">\n\t\t                        \t<div class=\"new-inner\">Neu<\/div>\n\t\t                        <\/div>\n\t\t                        \t\t                        \t                        \t<div class=\"price-box clearfix\">\n\t\t                        \t\t\t\t\t\t\t\t\t<p class=\"old-price\">\n\t\t\t\t\t\t\t\t\t\t<span class=\"price-label\">statt<\/span>\n\t\t\t\t\t\t\t\t\t\t<span class=\"price\" id=\"old-price-168299\">\n\t\t\t\t\t\t\t\t\t\t\t120,00 \u20ac\t\t\t\t\t\t\t\t\t\t<\/span>\n\t\t\t\t\t\t\t\t\t<\/p>\n\t\t                        \t<p class=\"special-price\">\n\t\t                \t\t\t\t<span class=\"price-label\">nur<\/span>\n\t\t                \t\t\t\t<span class=\"price\" id=\"product-price-168299\">\n\t\t                \t\t\t\t\t108,00 \u20ac\t\t                \t\t\t\t\t<span class=\"price-hint\">*<\/span>\n\t\t                \t\t\t\t<\/span>\n\t\t\t\t\t\t\t\t\t<\/p>\n\t\t\t\t\t\t\t\t\t\t\t\t\t\t\t\t\t<\/div>\n\t\t\t\t\t\t\t<\/a>\n\t\t\t\t\t\t<\/div>                  \n\t\t            <\/div>\n\t            <\/div>\n            \t\t\t\t\t<div class=\"item\">\n\t\t\t\t\t<div class=\"col-xs-4 col-md-3 product\" id=\"product-58302\">\n\t\t                <div>\n\t\t                    <a href=\"https:\/\/www.helmexpress.com\/booster-legacy-m-faltgarage-901222.html\" title=\"BOOSTER LEGACY M Faltgarage schwarz-grau M\" class=\"product-link\">\n\t\t                        <span class=\"product-image\">\n\t\t                            <img src=\"https:\/\/cdn1.helmexpress.com\/media\/catalog\/product\/b\/o\/booster-legacy-m-faltgarage-schwarz-grau-m-901222sg_2.jpg\" title=\"BOOSTER LEGACY M Faltgarage schwarz-grau M\" width=\"165\" height=\"220\"\/>\n\t\t\t\t\t\t\t\t<\/span>\n\t\t                        <div class=\"product-name\"><span>BOOSTER LEGACY M Faltgarage schwarz-grau M<\/span><\/div>\n\t\t                        \t\t                        \t                        \t<div class=\"price-box clearfix\">\n\t\t                        \t\t\t\t\t\t\t\t\t<p class=\"old-price\">\n\t\t\t\t\t\t\t\t\t\t<span class=\"price-label\">statt<\/span>\n\t\t\t\t\t\t\t\t\t\t<span class=\"price\" id=\"old-price-58302\">\n\t\t\t\t\t\t\t\t\t\t\t41,95 \u20ac\t\t\t\t\t\t\t\t\t\t<\/span>\n\t\t\t\t\t\t\t\t\t<\/p>\n\t\t                        \t<p class=\"special-price\">\n\t\t                \t\t\t\t<span class=\"price-label\">nur<\/span>\n\t\t                \t\t\t\t<span class=\"price\" id=\"product-price-58302\">\n\t\t                \t\t\t\t\t37,95 \u20ac\t\t                \t\t\t\t\t<span class=\"price-hint\">*<\/span>\n\t\t                \t\t\t\t<\/span>\n\t\t\t\t\t\t\t\t\t<\/p>\n\t\t\t\t\t\t\t\t\t\t\t\t\t\t\t\t\t<\/div>\n\t\t\t\t\t\t\t<\/a>\n\t\t\t\t\t\t<\/div>                  \n\t\t            <\/div>\n\t            <\/div>\n            \t\t\t\t\t<div class=\"item\">\n\t\t\t\t\t<div class=\"col-xs-4 col-md-3 product\" id=\"product-141619\">\n\t\t                <div>\n\t\t                    <a href=\"https:\/\/www.helmexpress.com\/held-scooter-evo-faltgarage-700028783.html\" title=\"HELD Scooter Evo Faltgarage silber S\" class=\"product-link\">\n\t\t                        <span class=\"product-image\">\n\t\t                            <img src=\"https:\/\/cdn1.helmexpress.com\/media\/catalog\/product\/H\/E\/HELD_97034049462792265.jpg\" title=\"HELD Scooter Evo Faltgarage silber S\" width=\"165\" height=\"220\"\/>\n\t\t\t\t\t\t\t\t<\/span>\n\t\t                        <div class=\"product-name\"><span>HELD Scooter Evo Faltgarage silber S<\/span><\/div>\n\t\t                        \t\t                        \t                        \t<div class=\"price-box clearfix\">\n\t\t                        \t\t\t\t\t\t\t\t\t<span class=\"regular-price\" id=\"product-price-141619\">\n\t                        \t\t\t<span class=\"price\">\n\t                        \t\t\t\t44,95 \u20ac\t                        \t\t\t\t<span class=\"price-hint\">*<\/span>\n\t                                \t<\/span>\n\t                                <\/span>\n\t\t\t\t\t\t\t\t\t\t\t\t\t\t\t\t\t<\/div>\n\t\t\t\t\t\t\t<\/a>\n\t\t\t\t\t\t<\/div>                  \n\t\t            <\/div>\n\t            <\/div>\n            \t\t\t\t\t<div class=\"item\">\n\t\t\t\t\t<div class=\"col-xs-4 col-md-3 product\" id=\"product-168291\">\n\t\t                <div>\n\t\t                    <a href=\"https:\/\/www.helmexpress.com\/macna-moto-mantle-indoor-faltgarage-xxl-901296.html\" title=\"MACNA MOTO MANTLE INDOOR Faltgarage grau-schwarz XXL\" class=\"product-link\">\n\t\t                        <span class=\"product-image\">\n\t\t                            <img src=\"https:\/\/cdn1.helmexpress.com\/media\/catalog\/product\/m\/a\/macna-moto-mantle-indoor-faltgarage-grau-schwarz-xxl-901296gsxxl.jpg\" title=\"MACNA MOTO MANTLE INDOOR Faltgarage grau-schwarz XXL\" width=\"165\" height=\"220\"\/>\n\t\t\t\t\t\t\t\t<\/span>\n\t\t                        <div class=\"product-name\"><span>MACNA MOTO MANTLE INDOOR Faltgarage grau-schwarz XXL<\/span><\/div>\n\t\t                        \t\t                        <div class=\"new\">\n\t\t                        \t<div class=\"new-inner\">Neu<\/div>\n\t\t                        <\/div>\n\t\t                        \t\t                        \t                        \t<div class=\"price-box clearfix\">\n\t\t                        \t\t\t\t\t\t\t\t\t<p class=\"old-price\">\n\t\t\t\t\t\t\t\t\t\t<span class=\"price-label\">statt<\/span>\n\t\t\t\t\t\t\t\t\t\t<span class=\"price\" id=\"old-price-168291\">\n\t\t\t\t\t\t\t\t\t\t\t45,00 \u20ac\t\t\t\t\t\t\t\t\t\t<\/span>\n\t\t\t\t\t\t\t\t\t<\/p>\n\t\t                        \t<p class=\"special-price\">\n\t\t                \t\t\t\t<span class=\"price-label\">nur<\/span>\n\t\t                \t\t\t\t<span class=\"price\" id=\"product-price-168291\">\n\t\t                \t\t\t\t\t40,50 \u20ac\t\t                \t\t\t\t\t<span class=\"price-hint\">*<\/span>\n\t\t                \t\t\t\t<\/span>\n\t\t\t\t\t\t\t\t\t<\/p>\n\t\t\t\t\t\t\t\t\t\t\t\t\t\t\t\t\t<\/div>\n\t\t\t\t\t\t\t<\/a>\n\t\t\t\t\t\t<\/div>                  \n\t\t            <\/div>\n\t            <\/div>\n            \t\t\t            \t\t<\/div>\n\t\t        \t\t<\/div>\n\t\t        \t\t\t\t        \t\t<a data-slide=\"prev\" href=\"javascript:void(0)\" class=\"left carousel-control hidden\"><i class=\"fa fa-caret-left\"><\/i><\/a>\n\t\t      \t\t\t<a data-slide=\"next\" href=\"javascript:void(0)\" class=\"right carousel-control\"><i class=\"fa fa-caret-right\"><\/i><\/a>\n\t\t      \t\t\t\t\t\t\t\t<\/div>\n\t\t\t\t<\/div>\n\t\t\t<\/div>\n            \n<h2>Aufstieg zum Motorradf\u00fchrerschein?<\/h2>\n<p>Bereits mit einem Leichtkraftrad und 125 ccm Hubraum ist Fahrspa\u00df garantiert. F\u00fcr viele bedeutet das Moped oder der 125er Roller der <strong>Einstieg in eine h\u00f6here Klasse<\/strong>. Dabei stellt sich die Frage: \u201eKann ich vereinfacht vom Pkw-F\u00fchrerschein (mit B196 Eintrag) auf einen A2- oder sogar A-Motorradf\u00fchrerschein aufsteigen?\u201c Nein, das geht leider nicht. Willst du ein <strong>Motorrad mit mehr Hubraum und Motorleistung<\/strong> fahren, musst du den jeweiligen <strong>Motorradf\u00fchrerschein von der Pike auf absolvieren<\/strong>.<\/p>\n<p><strong>Fazit:<\/strong><br \/>\nF\u00fcr alle, die schon immer gerne Motorrad fahren wollten, aber durch die relativ hohen F\u00fchrerscheinkosten abgehalten wurden, bietet die neue <strong>B196 F\u00fchrerscheinerweiterung<\/strong> einen super Anreiz. Hier reicht eine Fahrschulung, ohne anschlie\u00dfende theoretische und praktische Pr\u00fcfung aus, um in das Abenteuer 125er Moped oder 125er Leichtkraftroller einzusteigen. Und sp\u00e4ter, auf den Geschmack gekommen, soll es dann etwas mehr Hubraum und Motorleistung sein? Dann muss allerdings der komplette Motorradf\u00fchrerschein f\u00fcr die jeweilige Klasse absolviert werden. 125er Motorrad fahren mit Autof\u00fchrerschein ist in dieser Form nur f\u00fcr Deutschland g\u00fcltig.<\/p>\n<p>Weitere spannende Beitr\u00e4ge findest du im <a href=\"https:\/\/www.helmexpress.com\/magazin\/motorrad\/\">Motorrad Magazin<\/a>.<\/p>\n","protected":false},"excerpt":{"rendered":"<p>Mit dem Autof\u00fchrerschein Motorrad fahren Schon seit einiger Zeit l\u00e4sst sich ein regelrechter Boom f\u00fcr 125er Motorr\u00e4der erkennen. Also ein motorisiertes Zweirad, das \u00fcber maximal 125 ccm Hubraum verf\u00fcgt. Biker, die bislang nur einen AM-F\u00fchrerschein besa\u00dfen, k\u00f6nnen nun mit dem &#8222;A1&#8220; endlich ein Motorrad mit ordentlich Power fahren k\u00f6nnen. Das alleine erkl\u00e4rt aber noch nicht [&hellip;]<\/p>\n","protected":false},"author":6,"featured_media":2024,"comment_status":"closed","ping_status":"closed","sticky":false,"template":"","format":"standard","meta":[],"categories":[1,8],"tags":[],"_links":{"self":[{"href":"https:\/\/www.helmexpress.com\/magazin\/wp-json\/wp\/v2\/posts\/2003"}],"collection":[{"href":"https:\/\/www.helmexpress.com\/magazin\/wp-json\/wp\/v2\/posts"}],"about":[{"href":"https:\/\/www.helmexpress.com\/magazin\/wp-json\/wp\/v2\/types\/post"}],"author":[{"embeddable":true,"href":"https:\/\/www.helmexpress.com\/magazin\/wp-json\/wp\/v2\/users\/6"}],"replies":[{"embeddable":true,"href":"https:\/\/www.helmexpress.com\/magazin\/wp-json\/wp\/v2\/comments?post=2003"}],"version-history":[{"count":22,"href":"https:\/\/www.helmexpress.com\/magazin\/wp-json\/wp\/v2\/posts\/2003\/revisions"}],"predecessor-version":[{"id":104002,"href":"https:\/\/www.helmexpress.com\/magazin\/wp-json\/wp\/v2\/posts\/2003\/revisions\/104002"}],"wp:featuredmedia":[{"embeddable":true,"href":"https:\/\/www.helmexpress.com\/magazin\/wp-json\/wp\/v2\/media\/2024"}],"wp:attachment":[{"href":"https:\/\/www.helmexpress.com\/magazin\/wp-json\/wp\/v2\/media?parent=2003"}],"wp:term":[{"taxonomy":"category","embeddable":true,"href":"https:\/\/www.helmexpress.com\/magazin\/wp-json\/wp\/v2\/categories?post=2003"},{"taxonomy":"post_tag","embeddable":true,"href":"https:\/\/www.helmexpress.com\/magazin\/wp-json\/wp\/v2\/tags?post=2003"}],"curies":[{"name":"wp","href":"https:\/\/api.w.org\/{rel}","templated":true}]}}