{"id":1687,"date":"2021-07-12T07:00:17","date_gmt":"2021-07-12T05:00:17","guid":{"rendered":"https:\/\/www.helmexpress.com\/magazin\/?p=1687"},"modified":"2023-11-23T11:52:30","modified_gmt":"2023-11-23T10:52:30","slug":"leiser-motorradhelm","status":"publish","type":"post","link":"https:\/\/www.helmexpress.com\/magazin\/leiser-motorradhelm\/","title":{"rendered":"Leise Motorradhelme im Vergleich &#038; Tipps"},"content":{"rendered":"<p>Motorradfahren k\u00f6nnte so sch\u00f6n sein mit einem leisen Motorradhelm. Vor allem bei Geschwindigkeiten ab 150 km\/h kann ein lauter Helm das Fahrerlebnis durch L\u00e4rm und Windger\u00e4usche tr\u00fcben. Wenn ihr zu den Fahrern geh\u00f6rt, die eine Motorradtour entspannt und vor allem ruhig genie\u00dfen wollen, solltet ihr schon beim <a href=\"https:\/\/www.helmexpress.com\/\">Helmkauf<\/a> auf die L\u00e4rmentwicklung eures Helms achten.<\/p>\n<p>In diesem Artikel zeigen wir, welche <a href=\"https:\/\/www.helmexpress.com\/motorradhelme\">Motorradhelme<\/a> besonders leise sind.<\/p>\n<p><img loading=\"lazy\" class=\"alignnone size-full wp-image-1689 img-responsive\" src=\"https:\/\/www.helmexpress.com\/magazin\/wp-content\/uploads\/2021\/06\/leiser-motorradhelm-750x500-1.jpg\" alt=\"Leiser Motorradhelm\" width=\"750\" height=\"500\" srcset=\"https:\/\/www.helmexpress.com\/magazin\/wp-content\/uploads\/2021\/06\/leiser-motorradhelm-750x500-1.jpg 750w, https:\/\/www.helmexpress.com\/magazin\/wp-content\/uploads\/2021\/06\/leiser-motorradhelm-750x500-1-300x200.jpg 300w\" sizes=\"(max-width: 750px) 100vw, 750px\" \/><\/p>\n<p><em>Photo by\u00a0Alexander Jawfox\u00a0on\u00a0Unsplash<\/em><\/p>\n<h2>Leiser Motorradhelm \u2013 Worauf ist zu achten?<\/h2>\n<p>Vor allem Motorradfahrer, die regelm\u00e4\u00dfig lange Strecken fahren, suchen sich einen leisen Helm, der das kontinuierliche Rauschen d\u00e4mmt. Der Helm zahlt zum auf die Konzentration ein und schont zum anderen das Geh\u00f6r. Beides sind wesentliche Faktoren, um sicher im Stra\u00dfenverkehr unterwegs sein zu k\u00f6nnen.<\/p>\n<p>Um einen Motorradhelm zu finden, der besonders leise ist, k\u00f6nnt ihr euch an diesen Tipps orientieren:<\/p>\n<ul>\n<li>Holt Erfahrungsberichte von Freunden oder Bekannten ein.<\/li>\n<li>Lest Testberichte<\/li>\n<li>Informiert euch direkt beim Hersteller \u00fcber die Lautst\u00e4rke von Helmen<\/li>\n<\/ul>\n<h2>Ger\u00e4uscharmer Motorradhelm \u2013 Kennzeichen<\/h2>\n<p><iframe loading=\"lazy\" src=\"https:\/\/www.youtube.com\/embed\/kmmETqMPeMY\" width=\"100%\" height=\"315\" frameborder=\"0\" allowfullscreen=\"allowfullscreen\"><span data-mce-type=\"bookmark\" style=\"display: inline-block; width: 0px; overflow: hidden; line-height: 0;\" class=\"mce_SELRES_start\">\ufeff<\/span><span data-mce-type=\"bookmark\" style=\"display: inline-block; width: 0px; overflow: hidden; line-height: 0;\" class=\"mce_SELRES_start\">\ufeff<\/span><span data-mce-type=\"bookmark\" style=\"display: inline-block; width: 0px; overflow: hidden; line-height: 0;\" class=\"mce_SELRES_start\">\ufeff<\/span><\/iframe><\/p>\n<p>Wie Marc in seinem Video erkl\u00e4rt, kommen neben dem Helm selbst noch andere Faktoren hinzu, die sich auf die wahrgenommene Lautst\u00e4rke eines Helms auswirken. Eure K\u00f6rpergr\u00f6\u00dfe ist einer dieser externen Faktoren. Wenn ihr eher klein seid und im Windschild sitzt, wirkt euer Helm besonders leise. Dies liegt jedoch weniger am leisen Helm, sondern an eurer gesch\u00fctzten Position. Auch das Motorrad selbst sowie eure Kopfform spielen in die Helm-Lautst\u00e4rke mit hinein.<\/p>\n<p>Wenn wir uns nur auf den leisen Motorradhelm selbst konzentrieren, zeichnet sich ein ger\u00e4uscharmer Helm vor allem durch folgende Eigenschaften aus:<\/p>\n<ul>\n<li>Geringes Gewicht<\/li>\n<li>Ideale Passform<\/li>\n<li>Aerodynamische Form<\/li>\n<li>Geringe Stirnfl\u00e4che<\/li>\n<li>Gute Polsterung am unteren Abschluss<\/li>\n<li>Sonnenvisier \/ <a href=\"https:\/\/www.helmexpress.com\/sonnenblenden\">Sonnenblende<\/a><\/li>\n<\/ul>\n<p>Insbesondere die aerodynamische Form sorgt f\u00fcr wenig Angriffsfl\u00e4che, sodass der Wind sanft und mit wenig Ger\u00e4uschentwicklung verdr\u00e4ngt werden kann. Einige Helme sind schon von Haus aus sehr leise, insbesondere Integral, Cross- und Klapphelme.<\/p>\n<p><a href=\"https:\/\/www.helmexpress.com\/\"> <img loading=\"lazy\" class=\"alignnone wp-image-1587 size-large img-responsive\" title=\"10 Prozent Rabatt sichern\" src=\"https:\/\/www.helmexpress.com\/magazin\/wp-content\/uploads\/2020\/12\/Neuling-1024x161.jpg\" alt=\"10 Prozent Rabatt\" width=\"1024\" height=\"161\" srcset=\"https:\/\/www.helmexpress.com\/magazin\/wp-content\/uploads\/2020\/12\/Neuling-1024x161.jpg 1024w, https:\/\/www.helmexpress.com\/magazin\/wp-content\/uploads\/2020\/12\/Neuling-300x47.jpg 300w, https:\/\/www.helmexpress.com\/magazin\/wp-content\/uploads\/2020\/12\/Neuling-768x121.jpg 768w, https:\/\/www.helmexpress.com\/magazin\/wp-content\/uploads\/2020\/12\/Neuling.jpg 1368w\" sizes=\"(max-width: 1024px) 100vw, 1024px\" \/><\/a><\/p>\n<h2>Welches ist der leiseste Motorradhelm?<\/h2>\n<p>Die Lautst\u00e4rke von Helmen haben Motorradanf\u00e4nger h\u00e4ufig gar nicht auf dem Schirm, wenn sie ihre Fahrpr\u00fcfung hinter sich haben und eine erste Ausstattung zusammenstellen. Erfahrene Biker hingegen wissen den ger\u00e4uscharmen Helm zu sch\u00e4tzen. Bekannt ist, dass vor allem <a href=\"https:\/\/www.helmexpress.com\/crosshelme\">Crosshelme<\/a> eher laut sind und auch ein Windschild f\u00fcr hohe Lautst\u00e4rken sorgt. Welche Helme hingegen sind besonders leise?<\/p>\n<p>Wir vergleichen im Folgenden die beliebtesten Helme, die einen geringen Ger\u00e4uschpegel versprechen.<\/p>\n<h3>Leiser Integralhelm<\/h3>\n<p><a href=\"https:\/\/www.helmexpress.com\/integralhelme\">Integralhelme<\/a> gelten als besonders leise, auch wenn sie die Windger\u00e4usche nicht vollst\u00e4ndig unterdr\u00fccken k\u00f6nnen. Beliebt sind vor allem die leisen <a href=\"https:\/\/www.helmexpress.com\/shoei-nxr\">Shoei Helme<\/a> oder der <a href=\"https:\/\/www.helmexpress.com\/arai-rx-7v-honda-cbr-integralhelm-156038.html\">Arai RX-7V<\/a>. Beim Kauf sollte auf ein hochwertiges Innenfutter wert gelegt werden, das wie eine Akustik-D\u00e4mmung wirkt und Fahrtwind sowie L\u00e4rm unterdr\u00fccken kann.<\/p>\n\t\t\t<link rel=\"stylesheet\" type=\"text\/css\" href=\"https:\/\/www.helmexpress.com\/magazin\/wp-content\/plugins\/helmexpress-products\/style.css\"\/>\n\t\t\t<div class=\"products-grid container\">\n\t\t\t  <div class=\"row\">\n\t\t\t    <div class=\"col-md-12\">\n\t\t\t      <div class=\"carousel slide hxCarousel\" id=\"hxCarousel-3b596a63d5930a72084231f8d0e6f948\">\n\t\t\t      \t<div class=\"carousel-inner\">\n\t\t\t\t\t\t\t<div class=\"item active\">\n\t\t\t\t\t<div class=\"col-xs-4 col-md-3 product\" id=\"product-170996\">\n\t\t                <div>\n\t\t                    <a href=\"https:\/\/www.helmexpress.com\/nexx-x-wst3-manga-integralhelm-108344.html\" title=\"NEXX X.WST3 MANGA matt grau-schwarz S\" class=\"product-link\">\n\t\t                        <span class=\"product-image\">\n\t\t                            <img src=\"https:\/\/cdn1.helmexpress.com\/media\/catalog\/product\/n\/e\/nexx-x-wst3-manga-matt-grau-schwarz-s-108344gss.jpg\" title=\"NEXX X.WST3 MANGA matt grau-schwarz S\" width=\"165\" height=\"220\"\/>\n\t\t\t\t\t\t\t\t<\/span>\n\t\t                        <div class=\"product-name\"><span>NEXX X.WST3 MANGA matt grau-schwarz S<\/span><\/div>\n\t\t                        \t\t                        <div class=\"new\">\n\t\t                        \t<div class=\"new-inner\">Neu<\/div>\n\t\t                        <\/div>\n\t\t                        \t\t                        \t                        \t<div class=\"price-box clearfix\">\n\t\t                        \t\t\t\t\t\t\t\t\t<p class=\"old-price\">\n\t\t\t\t\t\t\t\t\t\t<span class=\"price-label\">statt<\/span>\n\t\t\t\t\t\t\t\t\t\t<span class=\"price\" id=\"old-price-170996\">\n\t\t\t\t\t\t\t\t\t\t\t619,99 \u20ac\t\t\t\t\t\t\t\t\t\t<\/span>\n\t\t\t\t\t\t\t\t\t<\/p>\n\t\t                        \t<p class=\"special-price\">\n\t\t                \t\t\t\t<span class=\"price-label\">nur<\/span>\n\t\t                \t\t\t\t<span class=\"price\" id=\"product-price-170996\">\n\t\t                \t\t\t\t\t526,99 \u20ac\t\t                \t\t\t\t\t<span class=\"price-hint\">*<\/span>\n\t\t                \t\t\t\t<\/span>\n\t\t\t\t\t\t\t\t\t<\/p>\n\t\t\t\t\t\t\t\t\t\t\t\t\t\t\t\t\t<\/div>\n\t\t\t\t\t\t\t<\/a>\n\t\t\t\t\t\t<\/div>                  \n\t\t            <\/div>\n\t            <\/div>\n            \t\t\t\t\t<div class=\"item\">\n\t\t\t\t\t<div class=\"col-xs-4 col-md-3 product\" id=\"product-173259\">\n\t\t                <div>\n\t\t                    <a href=\"https:\/\/www.helmexpress.com\/scorpion-exo-gt-sp-air-asphalt-integralhelm-129227.html\" title=\"SCORPION EXO-GT SP AIR ASPHALT Integralhelm pearl weiss-schwarz M\" class=\"product-link\">\n\t\t                        <span class=\"product-image\">\n\t\t                            <img src=\"https:\/\/cdn1.helmexpress.com\/media\/catalog\/product\/s\/c\/scorpion-exo-gt-sp-air-asphalt-integralhelm-pearl-weiss-schwarz-m-129227wsm.jpg\" title=\"SCORPION EXO-GT SP AIR ASPHALT Integralhelm pearl weiss-schwarz M\" width=\"165\" height=\"220\"\/>\n\t\t\t\t\t\t\t\t<\/span>\n\t\t                        <div class=\"product-name\"><span>SCORPION EXO-GT SP AIR ASPHALT Integralhelm pearl weiss-schwarz M<\/span><\/div>\n\t\t                        \t\t                        <div class=\"new\">\n\t\t                        \t<div class=\"new-inner\">Neu<\/div>\n\t\t                        <\/div>\n\t\t                        \t\t                        \t                        \t<div class=\"price-box clearfix\">\n\t\t                        \t\t\t\t\t\t\t\t\t<p class=\"old-price\">\n\t\t\t\t\t\t\t\t\t\t<span class=\"price-label\">statt<\/span>\n\t\t\t\t\t\t\t\t\t\t<span class=\"price\" id=\"old-price-173259\">\n\t\t\t\t\t\t\t\t\t\t\t529,90 \u20ac\t\t\t\t\t\t\t\t\t\t<\/span>\n\t\t\t\t\t\t\t\t\t<\/p>\n\t\t                        \t<p class=\"special-price\">\n\t\t                \t\t\t\t<span class=\"price-label\">nur<\/span>\n\t\t                \t\t\t\t<span class=\"price\" id=\"product-price-173259\">\n\t\t                \t\t\t\t\t476,91 \u20ac\t\t                \t\t\t\t\t<span class=\"price-hint\">*<\/span>\n\t\t                \t\t\t\t<\/span>\n\t\t\t\t\t\t\t\t\t<\/p>\n\t\t\t\t\t\t\t\t\t\t\t\t\t\t\t\t\t<\/div>\n\t\t\t\t\t\t\t<\/a>\n\t\t\t\t\t\t<\/div>                  \n\t\t            <\/div>\n\t            <\/div>\n            \t\t\t\t\t<div class=\"item\">\n\t\t\t\t\t<div class=\"col-xs-4 col-md-3 product\" id=\"product-150417\">\n\t\t                <div>\n\t\t                    <a href=\"https:\/\/www.helmexpress.com\/shark-aeron-gp-blank-sp-integralhelm-102564.html\" title=\"SHARK AERON GP BLANK SP glanz rot M\" class=\"product-link\">\n\t\t                        <span class=\"product-image\">\n\t\t                            <img src=\"https:\/\/cdn1.helmexpress.com\/media\/catalog\/product\/s\/h\/shark-aeron-gp-blank-sp-glanz-rot-m-102564rom.jpg\" title=\"SHARK AERON GP BLANK SP glanz rot M\" width=\"165\" height=\"220\"\/>\n\t\t\t\t\t\t\t\t<\/span>\n\t\t                        <div class=\"product-name\"><span>SHARK AERON GP BLANK SP glanz rot M<\/span><\/div>\n\t\t                        \t\t                        \t                        \t<div class=\"price-box clearfix\">\n\t\t                        \t\t\t\t\t\t\t\t\t<p class=\"old-price\">\n\t\t\t\t\t\t\t\t\t\t<span class=\"price-label\">statt<\/span>\n\t\t\t\t\t\t\t\t\t\t<span class=\"price\" id=\"old-price-150417\">\n\t\t\t\t\t\t\t\t\t\t\t1079,99 \u20ac\t\t\t\t\t\t\t\t\t\t<\/span>\n\t\t\t\t\t\t\t\t\t<\/p>\n\t\t                        \t<p class=\"special-price\">\n\t\t                \t\t\t\t<span class=\"price-label\">nur<\/span>\n\t\t                \t\t\t\t<span class=\"price\" id=\"product-price-150417\">\n\t\t                \t\t\t\t\t917,99 \u20ac\t\t                \t\t\t\t\t<span class=\"price-hint\">*<\/span>\n\t\t                \t\t\t\t<\/span>\n\t\t\t\t\t\t\t\t\t<\/p>\n\t\t\t\t\t\t\t\t\t\t\t\t\t\t\t\t\t<\/div>\n\t\t\t\t\t\t\t<\/a>\n\t\t\t\t\t\t<\/div>                  \n\t\t            <\/div>\n\t            <\/div>\n            \t\t\t\t\t<div class=\"item\">\n\t\t\t\t\t<div class=\"col-xs-4 col-md-3 product\" id=\"product-152842\">\n\t\t                <div>\n\t\t                    <a href=\"https:\/\/www.helmexpress.com\/nexx-y-travl-quest-endurohelm-108330.html\" title=\"NEXX Y.TRAVL QUEST matt schwarz-grau M\" class=\"product-link\">\n\t\t                        <span class=\"product-image\">\n\t\t                            <img src=\"https:\/\/cdn1.helmexpress.com\/media\/catalog\/product\/n\/e\/nexx-y-travl-quest-matt-schwarz-grau-m-108330sgm.jpg\" title=\"NEXX Y.TRAVL QUEST matt schwarz-grau M\" width=\"165\" height=\"220\"\/>\n\t\t\t\t\t\t\t\t<\/span>\n\t\t                        <div class=\"product-name\"><span>NEXX Y.TRAVL QUEST matt schwarz-grau M<\/span><\/div>\n\t\t                        \t\t                        \t                        \t<div class=\"price-box clearfix\">\n\t\t                        \t\t\t\t\t\t\t\t\t<p class=\"old-price\">\n\t\t\t\t\t\t\t\t\t\t<span class=\"price-label\">statt<\/span>\n\t\t\t\t\t\t\t\t\t\t<span class=\"price\" id=\"old-price-152842\">\n\t\t\t\t\t\t\t\t\t\t\t299,99 \u20ac\t\t\t\t\t\t\t\t\t\t<\/span>\n\t\t\t\t\t\t\t\t\t<\/p>\n\t\t                        \t<p class=\"special-price\">\n\t\t                \t\t\t\t<span class=\"price-label\">nur<\/span>\n\t\t                \t\t\t\t<span class=\"price\" id=\"product-price-152842\">\n\t\t                \t\t\t\t\t254,99 \u20ac\t\t                \t\t\t\t\t<span class=\"price-hint\">*<\/span>\n\t\t                \t\t\t\t<\/span>\n\t\t\t\t\t\t\t\t\t<\/p>\n\t\t\t\t\t\t\t\t\t\t\t\t\t\t\t\t\t<\/div>\n\t\t\t\t\t\t\t<\/a>\n\t\t\t\t\t\t<\/div>                  \n\t\t            <\/div>\n\t            <\/div>\n            \t\t\t\t\t<div class=\"item\">\n\t\t\t\t\t<div class=\"col-xs-4 col-md-3 product\" id=\"product-157386\">\n\t\t                <div>\n\t\t                    <a href=\"https:\/\/www.helmexpress.com\/ls2-ff807-dragon-carbon-trax-integralhelm-700034220.html\" title=\"LS2 FF807 DRAGON CARBON TRAX Integralhelm blau-rot XL\" class=\"product-link\">\n\t\t                        <span class=\"product-image\">\n\t\t                            <img src=\"https:\/\/cdn1.helmexpress.com\/media\/catalog\/product\/L\/S\/LS2_1680752266942141778063_8.jpg\" title=\"LS2 FF807 DRAGON CARBON TRAX Integralhelm blau-rot XL\" width=\"165\" height=\"220\"\/>\n\t\t\t\t\t\t\t\t<\/span>\n\t\t                        <div class=\"product-name\"><span>LS2 FF807 DRAGON CARBON TRAX Integralhelm blau-rot XL<\/span><\/div>\n\t\t                        \t\t                        \t                        \t<div class=\"price-box clearfix\">\n\t\t                        \t\t\t\t\t\t\t\t\t<span class=\"regular-price\" id=\"product-price-157386\">\n\t                        \t\t\t<span class=\"price\">\n\t                        \t\t\t\t498,90 \u20ac\t                        \t\t\t\t<span class=\"price-hint\">*<\/span>\n\t                                \t<\/span>\n\t                                <\/span>\n\t\t\t\t\t\t\t\t\t\t\t\t\t\t\t\t\t<\/div>\n\t\t\t\t\t\t\t<\/a>\n\t\t\t\t\t\t<\/div>                  \n\t\t            <\/div>\n\t            <\/div>\n            \t            \t<div class=\"item\">\n\t            \t<div class=\"col-xs-4 col-md-3 product more\">\n\t\t                <div>\n\t            \t\t\t<a href=\"https:\/\/www.helmexpress.com\/integralhelme\" class=\"product-link\" target=\"_blank\">\n\t            \t\t\t\tZu den Integralhelmen auf helmexpress.com\t            \t\t\t<\/a>\n\t            \t\t<\/div>\n\t            \t<\/div>\n\t            <\/div>\n            \t\t\t            \t\t<\/div>\n\t\t        \t\t<\/div>\n\t\t        \t\t\t\t        \t\t<a data-slide=\"prev\" href=\"javascript:void(0)\" class=\"left carousel-control hidden\"><i class=\"fa fa-caret-left\"><\/i><\/a>\n\t\t      \t\t\t<a data-slide=\"next\" href=\"javascript:void(0)\" class=\"right carousel-control\"><i class=\"fa fa-caret-right\"><\/i><\/a>\n\t\t      \t\t\t\t\t\t\t\t<\/div>\n\t\t\t\t<\/div>\n\t\t\t<\/div>\n            \n<h3>Leiser Jethelm<\/h3>\n<p>Auch einige <a href=\"https:\/\/www.helmexpress.com\/jethelme\">Jethelme<\/a> wie <a href=\"https:\/\/www.helmexpress.com\/caberg-levo\">Caberg Levo<\/a> \u00fcberzeugen inzwischen mit ger\u00e4uscharmen Modellen, die ihren Kauf wert sind. Im Praxistest zeigt sich, dass die Lautst\u00e4rke eines Jethelms von der Helmschale abh\u00e4ngt: hier sollte auf Qualit\u00e4t und ein hochwertiges Material gesetzt werden, dass die h\u00f6heren Ger\u00e4uschbelastungen nicht ins Helminnere vordringen l\u00e4sst.<\/p>\n\t\t\t<link rel=\"stylesheet\" type=\"text\/css\" href=\"https:\/\/www.helmexpress.com\/magazin\/wp-content\/plugins\/helmexpress-products\/style.css\"\/>\n\t\t\t<div class=\"products-grid container\">\n\t\t\t  <div class=\"row\">\n\t\t\t    <div class=\"col-md-12\">\n\t\t\t      <div class=\"carousel slide hxCarousel\" id=\"hxCarousel-6eb84779fc7655c084719d87dbc266cf\">\n\t\t\t      \t<div class=\"carousel-inner\">\n\t\t\t\t\t\t\t<div class=\"item active\">\n\t\t\t\t\t<div class=\"col-xs-4 col-md-3 product\" id=\"product-164001\">\n\t\t                <div>\n\t\t                    <a href=\"https:\/\/www.helmexpress.com\/mt-viale-sv-s-tasty-jethelm-193074.html\" title=\"MT VIALE SV S TASTY Jethelm grau-orange C4 XL\" class=\"product-link\">\n\t\t                        <span class=\"product-image\">\n\t\t                            <img src=\"https:\/\/cdn1.helmexpress.com\/media\/catalog\/product\/m\/t\/mt-viale-sv-s-tasty-jethelm-grau-orange-c4-xl-193074goxl.jpg\" title=\"MT VIALE SV S TASTY Jethelm grau-orange C4 XL\" width=\"165\" height=\"220\"\/>\n\t\t\t\t\t\t\t\t<\/span>\n\t\t                        <div class=\"product-name\"><span>MT VIALE SV S TASTY Jethelm grau-orange C4 XL<\/span><\/div>\n\t\t                        \t\t                        \t                        \t<div class=\"price-box clearfix\">\n\t\t                        \t\t\t\t\t\t\t\t\t<p class=\"old-price\">\n\t\t\t\t\t\t\t\t\t\t<span class=\"price-label\">statt<\/span>\n\t\t\t\t\t\t\t\t\t\t<span class=\"price\" id=\"old-price-164001\">\n\t\t\t\t\t\t\t\t\t\t\t94,95 \u20ac\t\t\t\t\t\t\t\t\t\t<\/span>\n\t\t\t\t\t\t\t\t\t<\/p>\n\t\t                        \t<p class=\"special-price\">\n\t\t                \t\t\t\t<span class=\"price-label\">nur<\/span>\n\t\t                \t\t\t\t<span class=\"price\" id=\"product-price-164001\">\n\t\t                \t\t\t\t\t75,96 \u20ac\t\t                \t\t\t\t\t<span class=\"price-hint\">*<\/span>\n\t\t                \t\t\t\t<\/span>\n\t\t\t\t\t\t\t\t\t<\/p>\n\t\t\t\t\t\t\t\t\t\t\t\t\t\t\t\t\t<\/div>\n\t\t\t\t\t\t\t<\/a>\n\t\t\t\t\t\t<\/div>                  \n\t\t            <\/div>\n\t            <\/div>\n            \t\t\t\t\t<div class=\"item\">\n\t\t\t\t\t<div class=\"col-xs-4 col-md-3 product\" id=\"product-65499\">\n\t\t                <div>\n\t\t                    <a href=\"https:\/\/www.helmexpress.com\/nexx-x-g20-cult-carbon-sv-jethelm-108261.html\" title=\"NEXX X.G20 CULT CARBON SV carbon XL\" class=\"product-link\">\n\t\t                        <span class=\"product-image\">\n\t\t                            <img src=\"https:\/\/cdn1.helmexpress.com\/media\/catalog\/product\/n\/e\/nexx-x-g20-cult-carbon-sv-carbon-xl-108261caxl_3.jpg\" title=\"NEXX X.G20 CULT CARBON SV carbon XL\" width=\"165\" height=\"220\"\/>\n\t\t\t\t\t\t\t\t<\/span>\n\t\t                        <div class=\"product-name\"><span>NEXX X.G20 CULT CARBON SV carbon XL<\/span><\/div>\n\t\t                        \t\t                        \t                        \t<div class=\"price-box clearfix\">\n\t\t                        \t\t\t\t\t\t\t\t\t<p class=\"old-price\">\n\t\t\t\t\t\t\t\t\t\t<span class=\"price-label\">statt<\/span>\n\t\t\t\t\t\t\t\t\t\t<span class=\"price\" id=\"old-price-65499\">\n\t\t\t\t\t\t\t\t\t\t\t399,99 \u20ac\t\t\t\t\t\t\t\t\t\t<\/span>\n\t\t\t\t\t\t\t\t\t<\/p>\n\t\t                        \t<p class=\"special-price\">\n\t\t                \t\t\t\t<span class=\"price-label\">nur<\/span>\n\t\t                \t\t\t\t<span class=\"price\" id=\"product-price-65499\">\n\t\t                \t\t\t\t\t269,00 \u20ac\t\t                \t\t\t\t\t<span class=\"price-hint\">*<\/span>\n\t\t                \t\t\t\t<\/span>\n\t\t\t\t\t\t\t\t\t<\/p>\n\t\t\t\t\t\t\t\t\t\t\t\t\t\t\t\t\t<\/div>\n\t\t\t\t\t\t\t<\/a>\n\t\t\t\t\t\t<\/div>                  \n\t\t            <\/div>\n\t            <\/div>\n            \t\t\t\t\t<div class=\"item\">\n\t\t\t\t\t<div class=\"col-xs-4 col-md-3 product\" id=\"product-87930\">\n\t\t                <div>\n\t\t                    <a href=\"https:\/\/www.helmexpress.com\/kappa-kv-28-evo-solid-jethelm-124029.html\" title=\"KAPPA KV-28 EVO SOLID Jethelm glanz weiss S\" class=\"product-link\">\n\t\t                        <span class=\"product-image\">\n\t\t                            <img src=\"https:\/\/cdn1.helmexpress.com\/media\/catalog\/product\/k\/a\/kappa-kv-28-evo-solid-jethelm-glanz-weiss-s-124029whs_1.jpg\" title=\"KAPPA KV-28 EVO SOLID Jethelm glanz weiss S\" width=\"165\" height=\"220\"\/>\n\t\t\t\t\t\t\t\t<\/span>\n\t\t                        <div class=\"product-name\"><span>KAPPA KV-28 EVO SOLID Jethelm glanz weiss S<\/span><\/div>\n\t\t                        \t\t                        \t                        \t<div class=\"price-box clearfix\">\n\t\t                        \t\t\t\t\t\t\t\t\t<p class=\"old-price\">\n\t\t\t\t\t\t\t\t\t\t<span class=\"price-label\">statt<\/span>\n\t\t\t\t\t\t\t\t\t\t<span class=\"price\" id=\"old-price-87930\">\n\t\t\t\t\t\t\t\t\t\t\t99,90 \u20ac\t\t\t\t\t\t\t\t\t\t<\/span>\n\t\t\t\t\t\t\t\t\t<\/p>\n\t\t                        \t<p class=\"special-price\">\n\t\t                \t\t\t\t<span class=\"price-label\">nur<\/span>\n\t\t                \t\t\t\t<span class=\"price\" id=\"product-price-87930\">\n\t\t                \t\t\t\t\t79,92 \u20ac\t\t                \t\t\t\t\t<span class=\"price-hint\">*<\/span>\n\t\t                \t\t\t\t<\/span>\n\t\t\t\t\t\t\t\t\t<\/p>\n\t\t\t\t\t\t\t\t\t\t\t\t\t\t\t\t\t<\/div>\n\t\t\t\t\t\t\t<\/a>\n\t\t\t\t\t\t<\/div>                  \n\t\t            <\/div>\n\t            <\/div>\n            \t\t\t\t\t<div class=\"item\">\n\t\t\t\t\t<div class=\"col-xs-4 col-md-3 product\" id=\"product-158413\">\n\t\t                <div>\n\t\t                    <a href=\"https:\/\/www.helmexpress.com\/ls2-of620-classy-solid-jethelm-700034965.html\" title=\"LS2 OF620 CLASSY SOLID Jethelm matt military gr\u00fcn XS\" class=\"product-link\">\n\t\t                        <span class=\"product-image\">\n\t\t                            <img src=\"https:\/\/cdn1.helmexpress.com\/media\/catalog\/product\/L\/S\/LS2_3662010626942141750533.jpg\" title=\"LS2 OF620 CLASSY SOLID Jethelm matt military gr\u00fcn XS\" width=\"165\" height=\"220\"\/>\n\t\t\t\t\t\t\t\t<\/span>\n\t\t                        <div class=\"product-name\"><span>LS2 OF620 CLASSY SOLID Jethelm matt military gr\u00fcn XS<\/span><\/div>\n\t\t                        \t\t                        \t                        \t<div class=\"price-box clearfix\">\n\t\t                        \t\t\t\t\t\t\t\t\t<span class=\"regular-price\" id=\"product-price-158413\">\n\t                        \t\t\t<span class=\"price\">\n\t                        \t\t\t\t138,90 \u20ac\t                        \t\t\t\t<span class=\"price-hint\">*<\/span>\n\t                                \t<\/span>\n\t                                <\/span>\n\t\t\t\t\t\t\t\t\t\t\t\t\t\t\t\t\t<\/div>\n\t\t\t\t\t\t\t<\/a>\n\t\t\t\t\t\t<\/div>                  \n\t\t            <\/div>\n\t            <\/div>\n            \t\t\t\t\t<div class=\"item\">\n\t\t\t\t\t<div class=\"col-xs-4 col-md-3 product\" id=\"product-173542\">\n\t\t                <div>\n\t\t                    <a href=\"https:\/\/www.helmexpress.com\/ls2-of606-drifter-solid-integralhelm-700044892.html\" title=\"LS2 OF606 DRIFTER SOLID Integralhelm weiss XS\" class=\"product-link\">\n\t\t                        <span class=\"product-image\">\n\t\t                            <img src=\"https:\/\/cdn1.helmexpress.com\/media\/catalog\/product\/L\/S\/LS2_3660610026923221123416.png\" title=\"LS2 OF606 DRIFTER SOLID Integralhelm weiss XS\" width=\"165\" height=\"220\"\/>\n\t\t\t\t\t\t\t\t<\/span>\n\t\t                        <div class=\"product-name\"><span>LS2 OF606 DRIFTER SOLID Integralhelm weiss XS<\/span><\/div>\n\t\t                        \t\t                        <div class=\"new\">\n\t\t                        \t<div class=\"new-inner\">Neu<\/div>\n\t\t                        <\/div>\n\t\t                        \t\t                        \t                        \t<div class=\"price-box clearfix\">\n\t\t                        \t\t\t\t\t\t\t\t\t<span class=\"regular-price\" id=\"product-price-173542\">\n\t                        \t\t\t<span class=\"price\">\n\t                        \t\t\t\t138,90 \u20ac\t                        \t\t\t\t<span class=\"price-hint\">*<\/span>\n\t                                \t<\/span>\n\t                                <\/span>\n\t\t\t\t\t\t\t\t\t\t\t\t\t\t\t\t\t<\/div>\n\t\t\t\t\t\t\t<\/a>\n\t\t\t\t\t\t<\/div>                  \n\t\t            <\/div>\n\t            <\/div>\n            \t            \t<div class=\"item\">\n\t            \t<div class=\"col-xs-4 col-md-3 product more\">\n\t\t                <div>\n\t            \t\t\t<a href=\"https:\/\/www.helmexpress.com\/jethelme\" class=\"product-link\" target=\"_blank\">\n\t            \t\t\t\tZu den Jethelmen auf helmexpress.com\t            \t\t\t<\/a>\n\t            \t\t<\/div>\n\t            \t<\/div>\n\t            <\/div>\n            \t\t\t            \t\t<\/div>\n\t\t        \t\t<\/div>\n\t\t        \t\t\t\t        \t\t<a data-slide=\"prev\" href=\"javascript:void(0)\" class=\"left carousel-control hidden\"><i class=\"fa fa-caret-left\"><\/i><\/a>\n\t\t      \t\t\t<a data-slide=\"next\" href=\"javascript:void(0)\" class=\"right carousel-control\"><i class=\"fa fa-caret-right\"><\/i><\/a>\n\t\t      \t\t\t\t\t\t\t\t<\/div>\n\t\t\t\t<\/div>\n\t\t\t<\/div>\n            \n<h3>Leiser Klapphelm<\/h3>\n<p>Im Stra\u00dfentest schneiden <a href=\"https:\/\/www.helmexpress.com\/klapphelme\">Klapphelme<\/a> in puncto L\u00e4rmd\u00e4mmung besonders gut ab. Insbesondere der <a href=\"https:\/\/www.helmexpress.com\/schuberth-c4\">Schuberth C4 Pro<\/a> ist der Spritzenreiter unter den leisen Klapphelmen. Er ist sogar mit einem Akustikpolster ausgestattet. Die Tests im Windkanal best\u00e4tigten, dass der neue Schuberth C4 Pro deutlich leiser als andere Helme ist.<\/p>\n\t\t\t<link rel=\"stylesheet\" type=\"text\/css\" href=\"https:\/\/www.helmexpress.com\/magazin\/wp-content\/plugins\/helmexpress-products\/style.css\"\/>\n\t\t\t<div class=\"products-grid container\">\n\t\t\t  <div class=\"row\">\n\t\t\t    <div class=\"col-md-12\">\n\t\t\t      <div class=\"carousel slide hxCarousel\" id=\"hxCarousel-de743f7e31ed04e711e202611e65f10f\">\n\t\t\t      \t<div class=\"carousel-inner\">\n\t\t\t\t\t\t\t<div class=\"item active\">\n\t\t\t\t\t<div class=\"col-xs-4 col-md-3 product\" id=\"product-176104\">\n\t\t                <div>\n\t\t                    <a href=\"https:\/\/www.helmexpress.com\/fox-defend-ss-jersey-kinder-700047143.html\" title=\"FOX Defend SS Jersey Kinder schwarz YL\" class=\"product-link\">\n\t\t                        <span class=\"product-image\">\n\t\t                            <img src=\"https:\/\/cdn1.helmexpress.com\/media\/catalog\/product\/F\/O\/FOX_32414191972873768_3.gif\" title=\"FOX Defend SS Jersey Kinder schwarz YL\" width=\"165\" height=\"220\"\/>\n\t\t\t\t\t\t\t\t<\/span>\n\t\t                        <div class=\"product-name\"><span>FOX Defend SS Jersey Kinder schwarz YL<\/span><\/div>\n\t\t                        \t\t                        <div class=\"new\">\n\t\t                        \t<div class=\"new-inner\">Neu<\/div>\n\t\t                        <\/div>\n\t\t                        \t\t                        \t                        \t<div class=\"price-box clearfix\">\n\t\t                        \t\t\t\t\t\t\t\t\t<p class=\"old-price\">\n\t\t\t\t\t\t\t\t\t\t<span class=\"price-label\">statt<\/span>\n\t\t\t\t\t\t\t\t\t\t<span class=\"price\" id=\"old-price-176104\">\n\t\t\t\t\t\t\t\t\t\t\t39,90 \u20ac\t\t\t\t\t\t\t\t\t\t<\/span>\n\t\t\t\t\t\t\t\t\t<\/p>\n\t\t                        \t<p class=\"special-price\">\n\t\t                \t\t\t\t<span class=\"price-label\">nur<\/span>\n\t\t                \t\t\t\t<span class=\"price\" id=\"product-price-176104\">\n\t\t                \t\t\t\t\t35,91 \u20ac\t\t                \t\t\t\t\t<span class=\"price-hint\">*<\/span>\n\t\t                \t\t\t\t<\/span>\n\t\t\t\t\t\t\t\t\t<\/p>\n\t\t\t\t\t\t\t\t\t\t\t\t\t\t\t\t\t<\/div>\n\t\t\t\t\t\t\t<\/a>\n\t\t\t\t\t\t<\/div>                  \n\t\t            <\/div>\n\t            <\/div>\n            \t\t\t\t\t<div class=\"item\">\n\t\t\t\t\t<div class=\"col-xs-4 col-md-3 product\" id=\"product-145301\">\n\t\t                <div>\n\t\t                    <a href=\"https:\/\/www.helmexpress.com\/shot-contact-respect-damen-jersey-205128.html\" title=\"SHOT CONTACT RESPECT Damen Jersey gold M\" class=\"product-link\">\n\t\t                        <span class=\"product-image\">\n\t\t                            <img src=\"https:\/\/cdn1.helmexpress.com\/media\/catalog\/product\/s\/h\/shot-contact-respect-damen-jersey-gold-m-205128gom.jpg\" title=\"SHOT CONTACT RESPECT Damen Jersey gold M\" width=\"165\" height=\"220\"\/>\n\t\t\t\t\t\t\t\t<\/span>\n\t\t                        <div class=\"product-name\"><span>SHOT CONTACT RESPECT Damen Jersey gold M<\/span><\/div>\n\t\t                        \t\t                        \t                        \t<div class=\"price-box clearfix\">\n\t\t                        \t\t\t\t\t\t\t\t\t<p class=\"old-price\">\n\t\t\t\t\t\t\t\t\t\t<span class=\"price-label\">statt<\/span>\n\t\t\t\t\t\t\t\t\t\t<span class=\"price\" id=\"old-price-145301\">\n\t\t\t\t\t\t\t\t\t\t\t38,99 \u20ac\t\t\t\t\t\t\t\t\t\t<\/span>\n\t\t\t\t\t\t\t\t\t<\/p>\n\t\t                        \t<p class=\"special-price\">\n\t\t                \t\t\t\t<span class=\"price-label\">nur<\/span>\n\t\t                \t\t\t\t<span class=\"price\" id=\"product-price-145301\">\n\t\t                \t\t\t\t\t31,19 \u20ac\t\t                \t\t\t\t\t<span class=\"price-hint\">*<\/span>\n\t\t                \t\t\t\t<\/span>\n\t\t\t\t\t\t\t\t\t<\/p>\n\t\t\t\t\t\t\t\t\t\t\t\t\t\t\t\t\t<\/div>\n\t\t\t\t\t\t\t<\/a>\n\t\t\t\t\t\t<\/div>                  \n\t\t            <\/div>\n\t            <\/div>\n            \t\t\t\t\t<div class=\"item\">\n\t\t\t\t\t<div class=\"col-xs-4 col-md-3 product\" id=\"product-152995\">\n\t\t                <div>\n\t\t                    <a href=\"https:\/\/www.helmexpress.com\/caberg-riviera-v4x-mia-jethelm-106237.html\" title=\"CABERG RIVIERA V4X MIA Jethelm matt schwarz-weiss-grau-hellblau XS\" class=\"product-link\">\n\t\t                        <span class=\"product-image\">\n\t\t                            <img src=\"https:\/\/cdn1.helmexpress.com\/media\/catalog\/product\/c\/a\/caberg-riviera-v4x-mia-jethelm-matt-schwarz-weiss-grau-hellblau-xs-106237swxs.jpg\" title=\"CABERG RIVIERA V4X MIA Jethelm matt schwarz-weiss-grau-hellblau XS\" width=\"165\" height=\"220\"\/>\n\t\t\t\t\t\t\t\t<\/span>\n\t\t                        <div class=\"product-name\"><span>CABERG RIVIERA V4X MIA Jethelm matt schwarz-weiss-grau-hellblau XS<\/span><\/div>\n\t\t                        \t\t                        \t                        \t<div class=\"price-box clearfix\">\n\t\t                        \t\t\t\t\t\t\t\t\t<p class=\"old-price\">\n\t\t\t\t\t\t\t\t\t\t<span class=\"price-label\">statt<\/span>\n\t\t\t\t\t\t\t\t\t\t<span class=\"price\" id=\"old-price-152995\">\n\t\t\t\t\t\t\t\t\t\t\t149,99 \u20ac\t\t\t\t\t\t\t\t\t\t<\/span>\n\t\t\t\t\t\t\t\t\t<\/p>\n\t\t                        \t<p class=\"special-price\">\n\t\t                \t\t\t\t<span class=\"price-label\">nur<\/span>\n\t\t                \t\t\t\t<span class=\"price\" id=\"product-price-152995\">\n\t\t                \t\t\t\t\t134,99 \u20ac\t\t                \t\t\t\t\t<span class=\"price-hint\">*<\/span>\n\t\t                \t\t\t\t<\/span>\n\t\t\t\t\t\t\t\t\t<\/p>\n\t\t\t\t\t\t\t\t\t\t\t\t\t\t\t\t\t<\/div>\n\t\t\t\t\t\t\t<\/a>\n\t\t\t\t\t\t<\/div>                  \n\t\t            <\/div>\n\t            <\/div>\n            \t\t\t\t\t<div class=\"item\">\n\t\t\t\t\t<div class=\"col-xs-4 col-md-3 product\" id=\"product-129759\">\n\t\t                <div>\n\t\t                    <a href=\"https:\/\/www.helmexpress.com\/deuter-kikki-kinderrucksacke-700019135.html\" title=\"DEUTER KIKKI Kinderrucks\u00e4cke fern-alpinegreen 8 L\" class=\"product-link\">\n\t\t                        <span class=\"product-image\">\n\t\t                            <img src=\"https:\/\/cdn1.helmexpress.com\/media\/catalog\/product\/D\/e\/Deuter_36104234046051142128.png\" title=\"DEUTER KIKKI Kinderrucks\u00e4cke fern-alpinegreen 8 L\" width=\"165\" height=\"220\"\/>\n\t\t\t\t\t\t\t\t<\/span>\n\t\t                        <div class=\"product-name\"><span>DEUTER KIKKI Kinderrucks\u00e4cke fern-alpinegreen 8 L<\/span><\/div>\n\t\t                        \t\t                        \t                        \t<div class=\"price-box clearfix\">\n\t\t                        \t\t\t\t\t\t\t\t\t<span class=\"regular-price\" id=\"product-price-129759\">\n\t                        \t\t\t<span class=\"price\">\n\t                        \t\t\t\t59,90 \u20ac\t                        \t\t\t\t<span class=\"price-hint\">*<\/span>\n\t                                \t<\/span>\n\t                                <\/span>\n\t\t\t\t\t\t\t\t\t\t\t\t\t\t\t\t\t<\/div>\n\t\t\t\t\t\t\t<\/a>\n\t\t\t\t\t\t<\/div>                  \n\t\t            <\/div>\n\t            <\/div>\n            \t\t\t\t\t<div class=\"item\">\n\t\t\t\t\t<div class=\"col-xs-4 col-md-3 product\" id=\"product-177662\">\n\t\t                <div>\n\t\t                    <a href=\"https:\/\/www.helmexpress.com\/shot-rain-jacket-2-0-regenjacke-700048531.html\" title=\"SHOT RAIN JACKET 2.0 Regenjacke schwarz XXL\" class=\"product-link\">\n\t\t                        <span class=\"product-image\">\n\t\t                            <img src=\"https:\/\/cdn1.helmexpress.com\/media\/catalog\/product\/S\/h\/Shot_A0A-16A113701030097776_6.png\" title=\"SHOT RAIN JACKET 2.0 Regenjacke schwarz XXL\" width=\"165\" height=\"220\"\/>\n\t\t\t\t\t\t\t\t<\/span>\n\t\t                        <div class=\"product-name\"><span>SHOT RAIN JACKET 2.0 Regenjacke schwarz XXL<\/span><\/div>\n\t\t                        \t\t                        <div class=\"new\">\n\t\t                        \t<div class=\"new-inner\">Neu<\/div>\n\t\t                        <\/div>\n\t\t                        \t\t                        \t                        \t<div class=\"price-box clearfix\">\n\t\t                        \t\t\t\t\t\t\t\t\t<p class=\"old-price\">\n\t\t\t\t\t\t\t\t\t\t<span class=\"price-label\">statt<\/span>\n\t\t\t\t\t\t\t\t\t\t<span class=\"price\" id=\"old-price-177662\">\n\t\t\t\t\t\t\t\t\t\t\t39,90 \u20ac\t\t\t\t\t\t\t\t\t\t<\/span>\n\t\t\t\t\t\t\t\t\t<\/p>\n\t\t                        \t<p class=\"special-price\">\n\t\t                \t\t\t\t<span class=\"price-label\">nur<\/span>\n\t\t                \t\t\t\t<span class=\"price\" id=\"product-price-177662\">\n\t\t                \t\t\t\t\t31,92 \u20ac\t\t                \t\t\t\t\t<span class=\"price-hint\">*<\/span>\n\t\t                \t\t\t\t<\/span>\n\t\t\t\t\t\t\t\t\t<\/p>\n\t\t\t\t\t\t\t\t\t\t\t\t\t\t\t\t\t<\/div>\n\t\t\t\t\t\t\t<\/a>\n\t\t\t\t\t\t<\/div>                  \n\t\t            <\/div>\n\t            <\/div>\n            \t            \t<div class=\"item\">\n\t            \t<div class=\"col-xs-4 col-md-3 product more\">\n\t\t                <div>\n\t            \t\t\t<a href=\"https:\/\/www.helmexpress.com\/schuberth-c4\" class=\"product-link\" target=\"_blank\">\n\t            \t\t\t\tZu den Schuberth C4 Pro Helmen auf helmexpress.com\t            \t\t\t<\/a>\n\t            \t\t<\/div>\n\t            \t<\/div>\n\t            <\/div>\n            \t\t\t            \t\t<\/div>\n\t\t        \t\t<\/div>\n\t\t        \t\t\t\t        \t\t<a data-slide=\"prev\" href=\"javascript:void(0)\" class=\"left carousel-control hidden\"><i class=\"fa fa-caret-left\"><\/i><\/a>\n\t\t      \t\t\t<a data-slide=\"next\" href=\"javascript:void(0)\" class=\"right carousel-control\"><i class=\"fa fa-caret-right\"><\/i><\/a>\n\t\t      \t\t\t\t\t\t\t\t<\/div>\n\t\t\t\t<\/div>\n\t\t\t<\/div>\n            \n<h2>Kann ich meinen Motorradhelm leise machen?<\/h2>\n<p>In der Community gibt es verschiedene Tricks, um einen bereits gekauften Helm leiser zu machen. Ein bew\u00e4hrter Kniff von Motorradfahrern ist beispielsweise, den L\u00e4rm im Abstr\u00f6mbereich zu reduzieren, der sich h\u00e4ufig im Genick bildet. Hier hilft es, einen Schal oder einen Pulli mit Kragen zu tragen, oder eine h\u00f6her schlie\u00dfende Jacke. Diese reduzieren Fahrger\u00e4usche.<\/p>\n<p>Auf Ver\u00e4nderungen des Helms selbst sollte aus Sicherheitsgr\u00fcnden verzichtet werden.<\/p>\n<p>Alles in allem ist es schwierig, einen bereits vorhandenen Helm leiser zu machen. Besser ihr schafft euch direkt einen Motorradhelm an, der ger\u00e4uscharm ist. Dieser schont auch bei langen Strecken und hohen Geschwindigkeiten das Geh\u00f6r, ohne dass zus\u00e4tzliche Tricks notwendig sind.<\/p>\n<h2>Wie kann ich beim Motorradhelm Windger\u00e4usche reduzieren?<\/h2>\n<p>Wer Fahrger\u00e4usche reduzieren m\u00f6chte, sollte nicht an seinem Helm basteln, sondern folgende Hilfsmittel ausprobieren:<\/p>\n<ul>\n<li><strong>Whisper Strip<\/strong>: Ger\u00e4usche werden deutlich reduziert, da das Whisper Strip den eindringenden Schall reduziert.<\/li>\n<li><strong>Pinlock-Visier<\/strong>: Eine <a href=\"https:\/\/www.helmexpress.com\/pinlock-fog-city-linse-universal-selbstklebend-0-17mm-af-af-800193.html\">selbstklebende Pinlock<\/a> ist eine zweite, kleinere Kunststoffscheibe, die Ger\u00e4usche im Motorradhelm reduziert.<\/li>\n<li><strong>Schal<\/strong>: die Alternative zum Whisper Strip ist ein Schal, der f\u00fcr einen \u00e4hnlichen Effekt sorgt. Auch er reduziert das Rauschen. Nachteil: weniger Bel\u00fcftung.<\/li>\n<li><strong>Geh\u00f6rschutz<\/strong>: Das Geh\u00f6r wird mit Ohrst\u00f6pseln vor lauten Fahr- und Windger\u00e4uschen gesch\u00fctzt. Die Ohrst\u00f6psel verschlie\u00dfen den Geh\u00f6rgang, wodurch Windger\u00e4usche und anderer starker L\u00e4rm ged\u00e4mmt werden.<\/li>\n<li><strong>Musik<\/strong>: Belastende Ger\u00e4usche k\u00f6nnen auch durch Melodien \u00fcberdeckt werden. Allerdings ist beim Musikh\u00f6ren auf dem Motorrad zu bedenken, dass sich das Tragen von Kopfh\u00f6rern im Falle eines Unfalls auf die Schuldfrage auswirken k\u00f6nnen. Es wird davon ausgegangen, dass laute Musik die Reaktionsf\u00e4higkeit verlangsamt.<\/li>\n<\/ul>\n<h2>So findet ihr einen Motorradhelm, der ger\u00e4uscharm ist<\/h2>\n<p>Ein ger\u00e4uscharmer Motorradhelm zeichnet sich vor allem dadurch aus, dass er f\u00fcr wenig Verwirbelungen sorgt. Wenn ihr im Internet also nach einem leisen Motorradhelm sucht, achtet auf eine genaue Passform und ein aerodynamisches Design. Die gr\u00f6\u00dfte Ger\u00e4uscharmut erwartet euch bei <a href=\"https:\/\/www.helmexpress.com\/shark-motorradhelme\">Shark Helmen<\/a> wie dem <a href=\"https:\/\/www.helmexpress.com\/shark-spartan\">Shark Spartan<\/a>, beim Schuberth C4 Pro, dem <a href=\"https:\/\/www.helmexpress.com\/hjc-rpha-70\">RPHA 70 von HJC<\/a>, dem <a href=\"https:\/\/www.helmexpress.com\/schuberth-e1\">Schubert E1<\/a> und dem <a href=\"https:\/\/www.helmexpress.com\/scorpion-exo-r1-air\">SCORPION EXO-R1 AIR<\/a>. Sie \u00fcberzeugten in Windkanal und Akustiklabor und bieten euch eine erfreulich leise Fahrt.<\/p>\n<p><script type=\"application\/ld+json\">{\n  \"@context\": \"http:\/\/schema.org\",\n  \"@type\": \"VideoObject\",\n  \"name\": \"LEISE HELME - warum Motorradhelme leise sind + TOP 3  \u274c @Helmexpress TV\",\n  \"description\": \"\u274c INSTAGRAM: https:\/\/www.instagram.com\/helmexpresstv \u274c YOUTUBE: https:\/\/www.youtube.com\/c\/helmexpresstv \u274c FACEBOOK: https:\/\/www.facebook.com\/Helmexpress  ---------------------------------------------------------------BESCHREIBUNG---------------------------------------------------------------------  H\u00e4ufig bekomme ich die Frage gestellt, welche Motorradhelme besonders leise seien. Deshalb schauen wir uns in diesem Video noch einmal die Faktoren an, die dazu beitragen, dass ein Motorradhelm besonders leise ist. Zudem stellen wir euch drei Exemplare vor, die unseres Erachtens ziemlich leise sind.  Viel Spa\u00df dabei!  Zu den gezeigten Helmen:  *Schuberth C4 Pro (Carbon): https:\/\/www.helmexpress.com\/catalogsearch\/result\/?q=schuberth+c4  *Shark Spartan (Carbon): https:\/\/www.helmexpress.com\/catalogsearch\/result\/?q=shark+spartan  *Arai RX-7V:  https:\/\/www.helmexpress.com\/catalogsearch\/result\/?q=arai+rx-7v  *Werbung f\u00fcr den eigenen Online Shop.  ---------------------------------------------------------------SOCIAL MEDIA-----------------------------------------------------------------------  \u274c Youtube: https:\/\/www.youtube.com\/c\/helmexpresstv \u274c Instagram: https:\/\/www.instagram.com\/helmexpresstv \u274c FACEBOOK: https:\/\/www.facebook.com\/Helmexpress \u274c Produktvorstellungen [2. Kanal]: https:\/\/www.youtube.com\/channel\/UChUmbeuTBcnwN1nV_UGVEbA \u274c Homepage: https:\/\/www.helmexpress.com\/  -----------------------------------------------------------------------FAQ---------------------------------------------------------------------------------  HelmexpressTV ist dein Kanal rund um Motorradausr\u00fcstung und Sicherheit beim Motorrad fahren. Angereichert mit Tipps & Tricks sowie News thematisiert Helmexpress alles, was f\u00fcr Motorradfahrer interessant ist.  Firma:           Helmexpress.com Hauptsitz:    Bregenz am Bodensee (AT) Moderator:  Marc Alter:             28 Motorrad:     Honda CBR 650F Helm:            Nexx X.R2, AGV K6  Hashtags:    #HXP #Helmexpress #LeiseHelme\",\n  \"thumbnailUrl\": \"https:\/\/i.ytimg.com\/vi\/kmmETqMPeMY\/default.jpg\",\n  \"uploadDate\": \"2021-05-02T11:00:11Z\",\n  \"duration\": \"PT8M31S\",\n  \"embedUrl\": \"https:\/\/www.youtube.com\/embed\/kmmETqMPeMY\",\n  \"interactionCount\": \"5869\"\n}<\/script><\/p>\n<p><script type=application\/ld+json>{\n \"@context\": \"https:\/\/schema.org\",\n \"@type\": \"FAQPage\",\n \"mainEntity\": [\n  {\n   \"@type\": \"Question\",\n   \"name\": \"Leiser Motorradhelm \u2013 Worauf ist zu achten?\",\n   \"acceptedAnswer\": {\n    \"@type\": \"Answer\",\n    \"text\": \"Vor allem Motorradfahrer, die regelm\u00e4\u00dfig lange Strecken fahren, suchen sich einen leisen Helm, der das kontinuierliche Rauschen d\u00e4mmt. Der Helm zahlt zum auf die Konzentration ein und schont zum anderen das Geh\u00f6r. Beides sind wesentliche Faktoren, um sicher im Stra\u00dfenverkehr unterwegs sein zu k\u00f6nnen.  Um einen Motorradhelm zu finden, der besonders leise ist, k\u00f6nnt ihr euch an diesen Tipps orientieren: <\/p>\n<\/p>\n<\/p>\n<\/p>\n<\/p>\n<\/p>\n<\/p>\n<\/p>\n<\/p>\n<\/p>\n<\/p>\n<\/p>\n<\/p>\n<\/p>\n<\/p>\n<\/p>\n<\/p>\n<\/p>\n<\/p>\n<\/p>\n<\/p>\n<\/p>\n<\/p>\n<\/p>\n<\/p>\n<\/p>\n<\/p>\n<\/p>\n<\/p>\n<\/p>\n<\/p>\n<\/p>\n<\/p>\n<\/p>\n<\/p>\n<\/p>\n<\/p>\n<\/p>\n<\/p>\n<\/p>\n<\/p>\n<\/p>\n<\/p>\n<\/p>\n<\/p>\n<\/p>\n<\/p>\n<\/p>\n<\/p>\n<\/p>\n<\/p>\n<\/p>\n<\/p>\n<\/p>\n<\/p>\n<\/p>\n<\/p>\n<\/p>\n<\/p>\n<\/p>\n<\/p>\n<\/p>\n<\/p>\n<\/p>\n<\/p>\n<ul>  \\t<\/p>\n<\/p>\n<\/p>\n<\/p>\n<\/p>\n<\/p>\n<\/p>\n<\/p>\n<\/p>\n<\/p>\n<\/p>\n<\/p>\n<\/p>\n<\/p>\n<\/p>\n<\/p>\n<\/p>\n<\/p>\n<\/p>\n<\/p>\n<\/p>\n<\/p>\n<\/p>\n<\/p>\n<\/p>\n<\/p>\n<\/p>\n<\/p>\n<\/p>\n<\/p>\n<\/p>\n<\/p>\n<\/p>\n<\/p>\n<\/p>\n<\/p>\n<\/p>\n<\/p>\n<\/p>\n<\/p>\n<\/p>\n<\/p>\n<\/p>\n<\/p>\n<\/p>\n<\/p>\n<\/p>\n<\/p>\n<\/p>\n<\/p>\n<\/p>\n<\/p>\n<\/p>\n<\/p>\n<\/p>\n<\/p>\n<\/p>\n<\/p>\n<\/p>\n<\/p>\n<\/p>\n<\/p>\n<\/p>\n<\/p>\n<\/p>\n<li>Holt Erfahrungsberichte von Freunden oder Bekannten ein.<\/li>\n<\/p>\n<\/p>\n<\/p>\n<\/p>\n<\/p>\n<\/p>\n<\/p>\n<\/p>\n<\/p>\n<\/p>\n<\/p>\n<\/p>\n<\/p>\n<\/p>\n<\/p>\n<\/p>\n<\/p>\n<\/p>\n<\/p>\n<\/p>\n<\/p>\n<\/p>\n<\/p>\n<\/p>\n<\/p>\n<\/p>\n<\/p>\n<\/p>\n<\/p>\n<\/p>\n<\/p>\n<\/p>\n<\/p>\n<\/p>\n<\/p>\n<\/p>\n<\/p>\n<\/p>\n<\/p>\n<\/p>\n<\/p>\n<\/p>\n<\/p>\n<\/p>\n<\/p>\n<\/p>\n<\/p>\n<\/p>\n<\/p>\n<\/p>\n<\/p>\n<\/p>\n<\/p>\n<\/p>\n<\/p>\n<\/p>\n<\/p>\n<\/p>\n<\/p>\n<\/p>\n<\/p>\n<\/p>\n<\/p>\n<p>  \\t<\/p>\n<\/p>\n<\/p>\n<\/p>\n<\/p>\n<\/p>\n<\/p>\n<\/p>\n<\/p>\n<\/p>\n<\/p>\n<\/p>\n<\/p>\n<\/p>\n<\/p>\n<\/p>\n<\/p>\n<\/p>\n<\/p>\n<\/p>\n<\/p>\n<\/p>\n<\/p>\n<\/p>\n<\/p>\n<\/p>\n<\/p>\n<\/p>\n<\/p>\n<\/p>\n<\/p>\n<\/p>\n<\/p>\n<\/p>\n<\/p>\n<\/p>\n<\/p>\n<\/p>\n<\/p>\n<\/p>\n<\/p>\n<\/p>\n<\/p>\n<\/p>\n<\/p>\n<\/p>\n<\/p>\n<\/p>\n<\/p>\n<\/p>\n<\/p>\n<\/p>\n<\/p>\n<\/p>\n<\/p>\n<\/p>\n<\/p>\n<\/p>\n<\/p>\n<\/p>\n<\/p>\n<\/p>\n<\/p>\n<\/p>\n<\/p>\n<li>Lest Testberichte<\/li>\n<\/p>\n<\/p>\n<\/p>\n<\/p>\n<\/p>\n<\/p>\n<\/p>\n<\/p>\n<\/p>\n<\/p>\n<\/p>\n<\/p>\n<\/p>\n<\/p>\n<\/p>\n<\/p>\n<\/p>\n<\/p>\n<\/p>\n<\/p>\n<\/p>\n<\/p>\n<\/p>\n<\/p>\n<\/p>\n<\/p>\n<\/p>\n<\/p>\n<\/p>\n<\/p>\n<\/p>\n<\/p>\n<\/p>\n<\/p>\n<\/p>\n<\/p>\n<\/p>\n<\/p>\n<\/p>\n<\/p>\n<\/p>\n<\/p>\n<\/p>\n<\/p>\n<\/p>\n<\/p>\n<\/p>\n<\/p>\n<\/p>\n<\/p>\n<\/p>\n<\/p>\n<\/p>\n<\/p>\n<\/p>\n<\/p>\n<\/p>\n<\/p>\n<\/p>\n<\/p>\n<\/p>\n<\/p>\n<\/p>\n<p>  \\t<\/p>\n<\/p>\n<\/p>\n<\/p>\n<\/p>\n<\/p>\n<\/p>\n<\/p>\n<\/p>\n<\/p>\n<\/p>\n<\/p>\n<\/p>\n<\/p>\n<\/p>\n<\/p>\n<\/p>\n<\/p>\n<\/p>\n<\/p>\n<\/p>\n<\/p>\n<\/p>\n<\/p>\n<\/p>\n<\/p>\n<\/p>\n<\/p>\n<\/p>\n<\/p>\n<\/p>\n<\/p>\n<\/p>\n<\/p>\n<\/p>\n<\/p>\n<\/p>\n<\/p>\n<\/p>\n<\/p>\n<\/p>\n<\/p>\n<\/p>\n<\/p>\n<\/p>\n<\/p>\n<\/p>\n<\/p>\n<\/p>\n<\/p>\n<\/p>\n<\/p>\n<\/p>\n<\/p>\n<\/p>\n<\/p>\n<\/p>\n<\/p>\n<\/p>\n<\/p>\n<\/p>\n<\/p>\n<\/p>\n<\/p>\n<\/p>\n<li>Informiert euch direkt beim Hersteller \u00fcber die Lautst\u00e4rke von Helmen<\/li>\n<\/p>\n<\/p>\n<\/p>\n<\/p>\n<\/p>\n<\/p>\n<\/p>\n<\/p>\n<\/p>\n<\/p>\n<\/p>\n<\/p>\n<\/p>\n<\/p>\n<\/p>\n<\/p>\n<\/p>\n<\/p>\n<\/p>\n<\/p>\n<\/p>\n<\/p>\n<\/p>\n<\/p>\n<\/p>\n<\/p>\n<\/p>\n<\/p>\n<\/p>\n<\/p>\n<\/p>\n<\/ul>\n<\/p>\n<\/p>\n<\/p>\n<\/p>\n<\/p>\n<\/p>\n<\/p>\n<\/p>\n<\/p>\n<\/p>\n<\/p>\n<\/p>\n<\/p>\n<\/p>\n<\/p>\n<\/p>\n<\/p>\n<\/p>\n<\/p>\n<\/p>\n<\/p>\n<\/p>\n<\/p>\n<\/p>\n<\/p>\n<\/p>\n<\/p>\n<\/p>\n<\/p>\n<\/p>\n<\/p>\n<\/p>\n<\/p>\n<\/p>\n<\/p>\n<\/p>\n<\/p>\n<\/p>\n<\/p>\n<\/p>\n<\/p>\n<\/p>\n<\/p>\n<\/p>\n<\/p>\n<\/p>\n<\/p>\n<\/p>\n<\/p>\n<\/p>\n<\/p>\n<\/p>\n<\/p>\n<\/p>\n<\/p>\n<\/p>\n<\/p>\n<\/p>\n<\/p>\n<\/p>\n<\/p>\n<\/p>\n<\/p>\n<p>\"\n   }\n  },\n  {\n   \"@type\": \"Question\",\n   \"name\": \"Welches ist der leiseste Motorradhelm?\",\n   \"acceptedAnswer\": {\n    \"@type\": \"Answer\",\n    \"text\": \"<\/p>\n<\/p>\n<\/p>\n<\/p>\n<\/p>\n<\/p>\n<\/p>\n<\/p>\n<\/p>\n<\/p>\n<\/p>\n<\/p>\n<\/p>\n<\/p>\n<\/p>\n<\/p>\n<\/p>\n<\/p>\n<\/p>\n<\/p>\n<\/p>\n<\/p>\n<\/p>\n<\/p>\n<\/p>\n<\/p>\n<\/p>\n<\/p>\n<\/p>\n<\/p>\n<\/p>\n<\/p>\n<\/p>\n<\/p>\n<\/p>\n<\/p>\n<\/p>\n<\/p>\n<\/p>\n<\/p>\n<\/p>\n<\/p>\n<\/p>\n<\/p>\n<\/p>\n<\/p>\n<\/p>\n<\/p>\n<\/p>\n<\/p>\n<\/p>\n<\/p>\n<\/p>\n<\/p>\n<\/p>\n<\/p>\n<\/p>\n<\/p>\n<\/p>\n<\/p>\n<\/p>\n<\/p>\n<\/p>\n<\/p>\n<\/p>\n<h2>Welches ist der leiseste Motorradhelm?<\/h2>\n<\/p>\n<\/p>\n<\/p>\n<\/p>\n<\/p>\n<\/p>\n<\/p>\n<\/p>\n<\/p>\n<\/p>\n<\/p>\n<\/p>\n<\/p>\n<\/p>\n<\/p>\n<\/p>\n<\/p>\n<\/p>\n<\/p>\n<\/p>\n<\/p>\n<\/p>\n<\/p>\n<\/p>\n<\/p>\n<\/p>\n<\/p>\n<\/p>\n<\/p>\n<\/p>\n<\/p>\n<\/p>\n<\/p>\n<\/p>\n<\/p>\n<\/p>\n<\/p>\n<\/p>\n<\/p>\n<\/p>\n<\/p>\n<\/p>\n<\/p>\n<\/p>\n<\/p>\n<\/p>\n<\/p>\n<\/p>\n<\/p>\n<\/p>\n<\/p>\n<\/p>\n<\/p>\n<\/p>\n<\/p>\n<\/p>\n<\/p>\n<\/p>\n<\/p>\n<\/p>\n<\/p>\n<\/p>\n<\/p>\n<\/p>\n<p>Die Lautst\u00e4rke von Helmen haben Motorradanf\u00e4nger h\u00e4ufig gar nicht auf dem Schirm, wenn sie ihre Fahrpr\u00fcfung hinter sich haben und eine erste Ausstattung zusammenstellen. Erfahrene Biker hingegen wissen den ger\u00e4uscharmen Helm zu sch\u00e4tzen. Bekannt ist, dass vor allem Crosshelme eher laut sind und auch ein Windschild f\u00fcr hohe Lautst\u00e4rken sorgt. Welche Helme hingegen sind besonders leise?  Wir vergleichen im Folgenden die beliebtesten Helme, die einen geringen Ger\u00e4uschpegel versprechen.<\/p>\n<\/p>\n<\/p>\n<\/p>\n<\/p>\n<\/p>\n<\/p>\n<\/p>\n<\/p>\n<\/p>\n<\/p>\n<\/p>\n<\/p>\n<\/p>\n<\/p>\n<\/p>\n<\/p>\n<\/p>\n<\/p>\n<\/p>\n<\/p>\n<\/p>\n<\/p>\n<\/p>\n<\/p>\n<\/p>\n<\/p>\n<\/p>\n<\/p>\n<\/p>\n<\/p>\n<\/p>\n<\/p>\n<\/p>\n<\/p>\n<\/p>\n<\/p>\n<\/p>\n<\/p>\n<\/p>\n<\/p>\n<\/p>\n<\/p>\n<\/p>\n<\/p>\n<\/p>\n<\/p>\n<\/p>\n<\/p>\n<\/p>\n<\/p>\n<\/p>\n<\/p>\n<\/p>\n<\/p>\n<\/p>\n<\/p>\n<\/p>\n<\/p>\n<\/p>\n<\/p>\n<\/p>\n<\/p>\n<\/p>\n<\/p>\n<h3>Leiser Integralhelm<\/h3>\n<\/p>\n<\/p>\n<\/p>\n<\/p>\n<\/p>\n<\/p>\n<\/p>\n<\/p>\n<\/p>\n<\/p>\n<\/p>\n<\/p>\n<\/p>\n<\/p>\n<\/p>\n<\/p>\n<\/p>\n<\/p>\n<\/p>\n<\/p>\n<\/p>\n<\/p>\n<\/p>\n<\/p>\n<\/p>\n<\/p>\n<\/p>\n<\/p>\n<\/p>\n<\/p>\n<\/p>\n<\/p>\n<\/p>\n<\/p>\n<\/p>\n<\/p>\n<\/p>\n<\/p>\n<\/p>\n<\/p>\n<\/p>\n<\/p>\n<\/p>\n<\/p>\n<\/p>\n<\/p>\n<\/p>\n<\/p>\n<\/p>\n<\/p>\n<\/p>\n<\/p>\n<\/p>\n<\/p>\n<\/p>\n<\/p>\n<\/p>\n<\/p>\n<\/p>\n<\/p>\n<\/p>\n<\/p>\n<\/p>\n<\/p>\n<p>Integralhelme gelten als besonders leise, auch wenn sie die Windger\u00e4usche nicht vollst\u00e4ndig unterdr\u00fccken k\u00f6nnen. Beliebt sind vor allem die leisen <a href=\\\"https:\/\/www.helmexpress.com\/shoei-nxr\\\">Shoei Helme<\/a> oder der <a href=\\\"https:\/\/www.helmexpress.com\/arai-rx-7v-honda-cbr-integralhelm-156038.html\\\">Arai RX-7V<\/a>. Beim Kauf sollte auf ein hochwertiges Innenfutter wert gelegt werden, das wie eine Akustik-D\u00e4mmung wirkt und Fahrtwind sowie L\u00e4rm unterdr\u00fccken kann.<\/p>\n<\/p>\n<\/p>\n<\/p>\n<\/p>\n<\/p>\n<\/p>\n<\/p>\n<\/p>\n<\/p>\n<\/p>\n<\/p>\n<\/p>\n<\/p>\n<\/p>\n<\/p>\n<\/p>\n<\/p>\n<\/p>\n<\/p>\n<\/p>\n<\/p>\n<\/p>\n<\/p>\n<\/p>\n<\/p>\n<\/p>\n<\/p>\n<\/p>\n<\/p>\n<\/p>\n<\/p>\n<\/p>\n<\/p>\n<\/p>\n<\/p>\n<\/p>\n<\/p>\n<\/p>\n<\/p>\n<\/p>\n<\/p>\n<\/p>\n<\/p>\n<\/p>\n<\/p>\n<\/p>\n<\/p>\n<\/p>\n<\/p>\n<\/p>\n<\/p>\n<\/p>\n<\/p>\n<\/p>\n<\/p>\n<\/p>\n<\/p>\n<\/p>\n<\/p>\n<\/p>\n<\/p>\n<\/p>\n<\/p>\n<\/p>\n<h3>Leiser Jethelm<\/h3>\n<\/p>\n<\/p>\n<\/p>\n<\/p>\n<\/p>\n<\/p>\n<\/p>\n<\/p>\n<\/p>\n<\/p>\n<\/p>\n<\/p>\n<\/p>\n<\/p>\n<\/p>\n<\/p>\n<\/p>\n<\/p>\n<\/p>\n<\/p>\n<\/p>\n<\/p>\n<\/p>\n<\/p>\n<\/p>\n<\/p>\n<\/p>\n<\/p>\n<\/p>\n<\/p>\n<\/p>\n<\/p>\n<\/p>\n<\/p>\n<\/p>\n<\/p>\n<\/p>\n<\/p>\n<\/p>\n<\/p>\n<\/p>\n<\/p>\n<\/p>\n<\/p>\n<\/p>\n<\/p>\n<\/p>\n<\/p>\n<\/p>\n<\/p>\n<\/p>\n<\/p>\n<\/p>\n<\/p>\n<\/p>\n<\/p>\n<\/p>\n<\/p>\n<\/p>\n<\/p>\n<\/p>\n<\/p>\n<\/p>\n<\/p>\n<p>Auch einige Jethelme wie <a href=\\\"https:\/\/www.helmexpress.com\/caberg-levo\\\">Caberg Helme<\/a> \u00fcberzeugen inzwischen mit ger\u00e4uscharmen Modellen, die ihren Kauf wert sind. Im Praxistest zeigt sich, dass die Lautst\u00e4rke eines Jethelms von der Helmschale abh\u00e4ngt: hier sollte auf Qualit\u00e4t und ein hochwertiges Material gesetzt werden, dass die h\u00f6heren Ger\u00e4uschbelastungen nicht ins Helminnere vordringen l\u00e4sst.<\/p>\n<\/p>\n<\/p>\n<\/p>\n<\/p>\n<\/p>\n<\/p>\n<\/p>\n<\/p>\n<\/p>\n<\/p>\n<\/p>\n<\/p>\n<\/p>\n<\/p>\n<\/p>\n<\/p>\n<\/p>\n<\/p>\n<\/p>\n<\/p>\n<\/p>\n<\/p>\n<\/p>\n<\/p>\n<\/p>\n<\/p>\n<\/p>\n<\/p>\n<\/p>\n<\/p>\n<\/p>\n<\/p>\n<\/p>\n<\/p>\n<\/p>\n<\/p>\n<\/p>\n<\/p>\n<\/p>\n<\/p>\n<\/p>\n<\/p>\n<\/p>\n<\/p>\n<\/p>\n<\/p>\n<\/p>\n<\/p>\n<\/p>\n<\/p>\n<\/p>\n<\/p>\n<\/p>\n<\/p>\n<\/p>\n<\/p>\n<\/p>\n<\/p>\n<\/p>\n<\/p>\n<\/p>\n<\/p>\n<\/p>\n<\/p>\n<h3>Leiser Klapphelm<\/h3>\n<\/p>\n<\/p>\n<\/p>\n<\/p>\n<\/p>\n<\/p>\n<\/p>\n<\/p>\n<\/p>\n<\/p>\n<\/p>\n<\/p>\n<\/p>\n<\/p>\n<\/p>\n<\/p>\n<\/p>\n<\/p>\n<\/p>\n<\/p>\n<\/p>\n<\/p>\n<\/p>\n<\/p>\n<\/p>\n<\/p>\n<\/p>\n<\/p>\n<\/p>\n<\/p>\n<\/p>\n<\/p>\n<\/p>\n<\/p>\n<\/p>\n<\/p>\n<\/p>\n<\/p>\n<\/p>\n<\/p>\n<\/p>\n<\/p>\n<\/p>\n<\/p>\n<\/p>\n<\/p>\n<\/p>\n<\/p>\n<\/p>\n<\/p>\n<\/p>\n<\/p>\n<\/p>\n<\/p>\n<\/p>\n<\/p>\n<\/p>\n<\/p>\n<\/p>\n<\/p>\n<\/p>\n<\/p>\n<\/p>\n<\/p>\n<p>Im Stra\u00dfentest schneiden Klapphelme in puncto L\u00e4rmd\u00e4mmung besonders gut ab. Insbesondere der <a href=\\\"https:\/\/www.helmexpress.com\/schuberth-c4\\\">Schuberth C4 Pro<\/a> ist der Spritzenreiter unter den leisen Klapphelmen. Er ist sogar mit einem Akustikpolster ausgestattet. Die Tests im Windkanal best\u00e4tigten, dass der neue Schuberth C4 Pro deutlich leiser als andere Helme ist.<\/p>\n<\/p>\n<\/p>\n<\/p>\n<\/p>\n<\/p>\n<\/p>\n<\/p>\n<\/p>\n<\/p>\n<\/p>\n<\/p>\n<\/p>\n<\/p>\n<\/p>\n<\/p>\n<\/p>\n<\/p>\n<\/p>\n<\/p>\n<\/p>\n<\/p>\n<\/p>\n<\/p>\n<\/p>\n<\/p>\n<\/p>\n<\/p>\n<\/p>\n<\/p>\n<\/p>\n<\/p>\n<\/p>\n<\/p>\n<\/p>\n<\/p>\n<\/p>\n<\/p>\n<\/p>\n<\/p>\n<\/p>\n<\/p>\n<\/p>\n<\/p>\n<\/p>\n<\/p>\n<\/p>\n<\/p>\n<\/p>\n<\/p>\n<\/p>\n<\/p>\n<\/p>\n<\/p>\n<\/p>\n<\/p>\n<\/p>\n<\/p>\n<\/p>\n<\/p>\n<\/p>\n<\/p>\n<\/p>\n<\/p>\n<\/p>\n<p>\"\n   }\n  },\n  {\n   \"@type\": \"Question\",\n   \"name\": \"Kann ich meinen Motorradhelm leise machen?\",\n   \"acceptedAnswer\": {\n    \"@type\": \"Answer\",\n    \"text\": \"In der Community gibt es verschiedene Tricks, um einen bereits gekauften Helm leiser zu machen. Ein bew\u00e4hrter Kniff von Motorradfahrern ist beispielsweise, den L\u00e4rm im Abstr\u00f6mbereich zu reduzieren, der sich h\u00e4ufig im Genick bildet. Hier hilft es, einen Schal oder einen Pulli mit Kragen zu tragen, oder eine h\u00f6her schlie\u00dfende Jacke. Diese reduzieren Fahrger\u00e4usche.  Auf Ver\u00e4nderungen des Helms selbst sollte aus Sicherheitsgr\u00fcnden verzichtet werden.  Alles in allem ist es schwierig, einen bereits vorhandenen Helm leiser zu machen. Besser ihr schafft euch direkt einen Motorradhelm an, der ger\u00e4uscharm ist. Dieser schont auch bei langen Strecken und hohen Geschwindigkeiten das Geh\u00f6r, ohne dass zus\u00e4tzliche Tricks notwendig sind.\"\n   }\n  },\n  {\n   \"@type\": \"Question\",\n   \"name\": \"Wie kann ich beim Motorradhelm Windger\u00e4usche reduzieren?\",\n   \"acceptedAnswer\": {\n    \"@type\": \"Answer\",\n    \"text\": \"Wer Fahrger\u00e4usche reduzieren m\u00f6chte, sollte nicht an seinem Helm basteln, sondern folgende Hilfsmittel ausprobieren: <\/p>\n<\/p>\n<\/p>\n<\/p>\n<\/p>\n<\/p>\n<\/p>\n<\/p>\n<\/p>\n<\/p>\n<\/p>\n<\/p>\n<\/p>\n<\/p>\n<\/p>\n<\/p>\n<\/p>\n<\/p>\n<\/p>\n<\/p>\n<\/p>\n<\/p>\n<\/p>\n<\/p>\n<\/p>\n<\/p>\n<\/p>\n<\/p>\n<\/p>\n<\/p>\n<\/p>\n<\/p>\n<\/p>\n<\/p>\n<\/p>\n<\/p>\n<\/p>\n<\/p>\n<\/p>\n<\/p>\n<\/p>\n<\/p>\n<\/p>\n<\/p>\n<\/p>\n<\/p>\n<\/p>\n<\/p>\n<\/p>\n<\/p>\n<\/p>\n<\/p>\n<\/p>\n<\/p>\n<\/p>\n<\/p>\n<\/p>\n<\/p>\n<\/p>\n<\/p>\n<\/p>\n<\/p>\n<\/p>\n<\/p>\n<\/p>\n<ul>  \\t<\/p>\n<\/p>\n<\/p>\n<\/p>\n<\/p>\n<\/p>\n<\/p>\n<\/p>\n<\/p>\n<\/p>\n<\/p>\n<\/p>\n<\/p>\n<\/p>\n<\/p>\n<\/p>\n<\/p>\n<\/p>\n<\/p>\n<\/p>\n<\/p>\n<\/p>\n<\/p>\n<\/p>\n<\/p>\n<\/p>\n<\/p>\n<\/p>\n<\/p>\n<\/p>\n<\/p>\n<\/p>\n<\/p>\n<\/p>\n<\/p>\n<\/p>\n<\/p>\n<\/p>\n<\/p>\n<\/p>\n<\/p>\n<\/p>\n<\/p>\n<\/p>\n<\/p>\n<\/p>\n<\/p>\n<\/p>\n<\/p>\n<\/p>\n<\/p>\n<\/p>\n<\/p>\n<\/p>\n<\/p>\n<\/p>\n<\/p>\n<\/p>\n<\/p>\n<\/p>\n<\/p>\n<\/p>\n<\/p>\n<\/p>\n<\/p>\n<li><strong>Whisper Strip<\/strong>: Ger\u00e4usche werden deutlich reduziert, da das Whisper Strip den eindringenden Schall reduziert.<\/li>\n<\/p>\n<\/p>\n<\/p>\n<\/p>\n<\/p>\n<\/p>\n<\/p>\n<\/p>\n<\/p>\n<\/p>\n<\/p>\n<\/p>\n<\/p>\n<\/p>\n<\/p>\n<\/p>\n<\/p>\n<\/p>\n<\/p>\n<\/p>\n<\/p>\n<\/p>\n<\/p>\n<\/p>\n<\/p>\n<\/p>\n<\/p>\n<\/p>\n<\/p>\n<\/p>\n<\/p>\n<\/p>\n<\/p>\n<\/p>\n<\/p>\n<\/p>\n<\/p>\n<\/p>\n<\/p>\n<\/p>\n<\/p>\n<\/p>\n<\/p>\n<\/p>\n<\/p>\n<\/p>\n<\/p>\n<\/p>\n<\/p>\n<\/p>\n<\/p>\n<\/p>\n<\/p>\n<\/p>\n<\/p>\n<\/p>\n<\/p>\n<\/p>\n<\/p>\n<\/p>\n<\/p>\n<\/p>\n<\/p>\n<p>  \\t<\/p>\n<\/p>\n<\/p>\n<\/p>\n<\/p>\n<\/p>\n<\/p>\n<\/p>\n<\/p>\n<\/p>\n<\/p>\n<\/p>\n<\/p>\n<\/p>\n<\/p>\n<\/p>\n<\/p>\n<\/p>\n<\/p>\n<\/p>\n<\/p>\n<\/p>\n<\/p>\n<\/p>\n<\/p>\n<\/p>\n<\/p>\n<\/p>\n<\/p>\n<\/p>\n<\/p>\n<\/p>\n<\/p>\n<\/p>\n<\/p>\n<\/p>\n<\/p>\n<\/p>\n<\/p>\n<\/p>\n<\/p>\n<\/p>\n<\/p>\n<\/p>\n<\/p>\n<\/p>\n<\/p>\n<\/p>\n<\/p>\n<\/p>\n<\/p>\n<\/p>\n<\/p>\n<\/p>\n<\/p>\n<\/p>\n<\/p>\n<\/p>\n<\/p>\n<\/p>\n<\/p>\n<\/p>\n<\/p>\n<\/p>\n<\/p>\n<li><strong>Pinlock-Visier<\/strong>: Eine <a href=\\\"https:\/\/www.helmexpress.com\/pinlock-fog-city-linse-universal-selbstklebend-0-17mm-af-af-800193.html\\\">selbstklebende Pinlock<\/a> ist eine zweite, kleinere Kunststoffscheibe, die Ger\u00e4usche im Motorradhelm reduziert.<\/li>\n<\/p>\n<\/p>\n<\/p>\n<\/p>\n<\/p>\n<\/p>\n<\/p>\n<\/p>\n<\/p>\n<\/p>\n<\/p>\n<\/p>\n<\/p>\n<\/p>\n<\/p>\n<\/p>\n<\/p>\n<\/p>\n<\/p>\n<\/p>\n<\/p>\n<\/p>\n<\/p>\n<\/p>\n<\/p>\n<\/p>\n<\/p>\n<\/p>\n<\/p>\n<\/p>\n<\/p>\n<\/p>\n<\/p>\n<\/p>\n<\/p>\n<\/p>\n<\/p>\n<\/p>\n<\/p>\n<\/p>\n<\/p>\n<\/p>\n<\/p>\n<\/p>\n<\/p>\n<\/p>\n<\/p>\n<\/p>\n<\/p>\n<\/p>\n<\/p>\n<\/p>\n<\/p>\n<\/p>\n<\/p>\n<\/p>\n<\/p>\n<\/p>\n<\/p>\n<\/p>\n<\/p>\n<\/p>\n<\/p>\n<p>  \\t<\/p>\n<\/p>\n<\/p>\n<\/p>\n<\/p>\n<\/p>\n<\/p>\n<\/p>\n<\/p>\n<\/p>\n<\/p>\n<\/p>\n<\/p>\n<\/p>\n<\/p>\n<\/p>\n<\/p>\n<\/p>\n<\/p>\n<\/p>\n<\/p>\n<\/p>\n<\/p>\n<\/p>\n<\/p>\n<\/p>\n<\/p>\n<\/p>\n<\/p>\n<\/p>\n<\/p>\n<\/p>\n<\/p>\n<\/p>\n<\/p>\n<\/p>\n<\/p>\n<\/p>\n<\/p>\n<\/p>\n<\/p>\n<\/p>\n<\/p>\n<\/p>\n<\/p>\n<\/p>\n<\/p>\n<\/p>\n<\/p>\n<\/p>\n<\/p>\n<\/p>\n<\/p>\n<\/p>\n<\/p>\n<\/p>\n<\/p>\n<\/p>\n<\/p>\n<\/p>\n<\/p>\n<\/p>\n<\/p>\n<\/p>\n<\/p>\n<li><strong>Schal<\/strong>: die Alternative zum Whisper Strip ist ein Schal, der f\u00fcr einen \u00e4hnlichen Effekt sorgt. Auch er reduziert das Rauschen. Nachteil: weniger Bel\u00fcftung.<\/li>\n<\/p>\n<\/p>\n<\/p>\n<\/p>\n<\/p>\n<\/p>\n<\/p>\n<\/p>\n<\/p>\n<\/p>\n<\/p>\n<\/p>\n<\/p>\n<\/p>\n<\/p>\n<\/p>\n<\/p>\n<\/p>\n<\/p>\n<\/p>\n<\/p>\n<\/p>\n<\/p>\n<\/p>\n<\/p>\n<\/p>\n<\/p>\n<\/p>\n<\/p>\n<\/p>\n<\/p>\n<\/p>\n<\/p>\n<\/p>\n<\/p>\n<\/p>\n<\/p>\n<\/p>\n<\/p>\n<\/p>\n<\/p>\n<\/p>\n<\/p>\n<\/p>\n<\/p>\n<\/p>\n<\/p>\n<\/p>\n<\/p>\n<\/p>\n<\/p>\n<\/p>\n<\/p>\n<\/p>\n<\/p>\n<\/p>\n<\/p>\n<\/p>\n<\/p>\n<\/p>\n<\/p>\n<\/p>\n<\/p>\n<p>  \\t<\/p>\n<\/p>\n<\/p>\n<\/p>\n<\/p>\n<\/p>\n<\/p>\n<\/p>\n<\/p>\n<\/p>\n<\/p>\n<\/p>\n<\/p>\n<\/p>\n<\/p>\n<\/p>\n<\/p>\n<\/p>\n<\/p>\n<\/p>\n<\/p>\n<\/p>\n<\/p>\n<\/p>\n<\/p>\n<\/p>\n<\/p>\n<\/p>\n<\/p>\n<\/p>\n<\/p>\n<\/p>\n<\/p>\n<\/p>\n<\/p>\n<\/p>\n<\/p>\n<\/p>\n<\/p>\n<\/p>\n<\/p>\n<\/p>\n<\/p>\n<\/p>\n<\/p>\n<\/p>\n<\/p>\n<\/p>\n<\/p>\n<\/p>\n<\/p>\n<\/p>\n<\/p>\n<\/p>\n<\/p>\n<\/p>\n<\/p>\n<\/p>\n<\/p>\n<\/p>\n<\/p>\n<\/p>\n<\/p>\n<\/p>\n<\/p>\n<li><strong>Geh\u00f6rschutz<\/strong>: Das Geh\u00f6r wird mit Ohrst\u00f6pseln wie dem <a href=\\\"https:\/\/www.helmexpress.com\/alpine-plug-go-gehohrschutz-900514.html\\\">Alpine Plug &amp; Go Geh\u00f6rschutz<\/a> vor lauten Fahr- und Windger\u00e4uschen gesch\u00fctzt. Die Ohrst\u00f6psel verschlie\u00dfen den Geh\u00f6rgang, wodurch Windger\u00e4usche und anderer starker L\u00e4rm ged\u00e4mmt werden.<\/li>\n<\/p>\n<\/p>\n<\/p>\n<\/p>\n<\/p>\n<\/p>\n<\/p>\n<\/p>\n<\/p>\n<\/p>\n<\/p>\n<\/p>\n<\/p>\n<\/p>\n<\/p>\n<\/p>\n<\/p>\n<\/p>\n<\/p>\n<\/p>\n<\/p>\n<\/p>\n<\/p>\n<\/p>\n<\/p>\n<\/p>\n<\/p>\n<\/p>\n<\/p>\n<\/p>\n<\/p>\n<\/p>\n<\/p>\n<\/p>\n<\/p>\n<\/p>\n<\/p>\n<\/p>\n<\/p>\n<\/p>\n<\/p>\n<\/p>\n<\/p>\n<\/p>\n<\/p>\n<\/p>\n<\/p>\n<\/p>\n<\/p>\n<\/p>\n<\/p>\n<\/p>\n<\/p>\n<\/p>\n<\/p>\n<\/p>\n<\/p>\n<\/p>\n<\/p>\n<\/p>\n<\/p>\n<\/p>\n<\/p>\n<p>  \\t<\/p>\n<\/p>\n<\/p>\n<\/p>\n<\/p>\n<\/p>\n<\/p>\n<\/p>\n<\/p>\n<\/p>\n<\/p>\n<\/p>\n<\/p>\n<\/p>\n<\/p>\n<\/p>\n<\/p>\n<\/p>\n<\/p>\n<\/p>\n<\/p>\n<\/p>\n<\/p>\n<\/p>\n<\/p>\n<\/p>\n<\/p>\n<\/p>\n<\/p>\n<\/p>\n<\/p>\n<\/p>\n<\/p>\n<\/p>\n<\/p>\n<\/p>\n<\/p>\n<\/p>\n<\/p>\n<\/p>\n<\/p>\n<\/p>\n<\/p>\n<\/p>\n<\/p>\n<\/p>\n<\/p>\n<\/p>\n<\/p>\n<\/p>\n<\/p>\n<\/p>\n<\/p>\n<\/p>\n<\/p>\n<\/p>\n<\/p>\n<\/p>\n<\/p>\n<\/p>\n<\/p>\n<\/p>\n<\/p>\n<\/p>\n<\/p>\n<li><strong>Musik<\/strong>: Belastende Ger\u00e4usche k\u00f6nnen auch durch Melodien \u00fcberdeckt werden. Allerdings ist beim Musikh\u00f6ren auf dem Motorrad zu bedenken, dass sich das Tragen von Kopfh\u00f6rern im Falle eines Unfalls auf die Schuldfrage auswirken k\u00f6nnen. Es wird davon ausgegangen, dass laute Musik die Reaktionsf\u00e4higkeit verlangsamt.<\/li>\n<\/p>\n<\/p>\n<\/p>\n<\/p>\n<\/p>\n<\/p>\n<\/p>\n<\/p>\n<\/p>\n<\/p>\n<\/p>\n<\/p>\n<\/p>\n<\/p>\n<\/p>\n<\/p>\n<\/p>\n<\/p>\n<\/p>\n<\/p>\n<\/p>\n<\/p>\n<\/p>\n<\/p>\n<\/p>\n<\/p>\n<\/p>\n<\/p>\n<\/p>\n<\/p>\n<\/p>\n<\/ul>\n<\/p>\n<\/p>\n<\/p>\n<\/p>\n<\/p>\n<\/p>\n<\/p>\n<\/p>\n<\/p>\n<\/p>\n<\/p>\n<\/p>\n<\/p>\n<\/p>\n<\/p>\n<\/p>\n<\/p>\n<\/p>\n<\/p>\n<\/p>\n<\/p>\n<\/p>\n<\/p>\n<\/p>\n<\/p>\n<\/p>\n<\/p>\n<\/p>\n<\/p>\n<\/p>\n<\/p>\n<\/p>\n<\/p>\n<\/p>\n<\/p>\n<\/p>\n<\/p>\n<\/p>\n<\/p>\n<\/p>\n<\/p>\n<\/p>\n<\/p>\n<\/p>\n<\/p>\n<\/p>\n<\/p>\n<\/p>\n<\/p>\n<\/p>\n<\/p>\n<\/p>\n<\/p>\n<\/p>\n<\/p>\n<\/p>\n<\/p>\n<\/p>\n<\/p>\n<\/p>\n<\/p>\n<\/p>\n<\/p>\n<p>\"\n   }\n  }\n ]\n} <\/script><\/p>\n","protected":false},"excerpt":{"rendered":"<p>Motorradfahren k\u00f6nnte so sch\u00f6n sein mit einem leisen Motorradhelm. Wenn ihr zu den Fahrern geh\u00f6rt, die eine Motorradtour entspannt und vor allem ruhig genie\u00dfen wollen, solltet ihr schon beim Helmkauf auf die L\u00e4rmentwicklung eures Helms achten.<\/p>\n","protected":false},"author":3,"featured_media":1688,"comment_status":"closed","ping_status":"closed","sticky":false,"template":"","format":"standard","meta":[],"categories":[1,8],"tags":[101,105,106,104,100,103,102,107],"_links":{"self":[{"href":"https:\/\/www.helmexpress.com\/magazin\/wp-json\/wp\/v2\/posts\/1687"}],"collection":[{"href":"https:\/\/www.helmexpress.com\/magazin\/wp-json\/wp\/v2\/posts"}],"about":[{"href":"https:\/\/www.helmexpress.com\/magazin\/wp-json\/wp\/v2\/types\/post"}],"author":[{"embeddable":true,"href":"https:\/\/www.helmexpress.com\/magazin\/wp-json\/wp\/v2\/users\/3"}],"replies":[{"embeddable":true,"href":"https:\/\/www.helmexpress.com\/magazin\/wp-json\/wp\/v2\/comments?post=1687"}],"version-history":[{"count":13,"href":"https:\/\/www.helmexpress.com\/magazin\/wp-json\/wp\/v2\/posts\/1687\/revisions"}],"predecessor-version":[{"id":104030,"href":"https:\/\/www.helmexpress.com\/magazin\/wp-json\/wp\/v2\/posts\/1687\/revisions\/104030"}],"wp:featuredmedia":[{"embeddable":true,"href":"https:\/\/www.helmexpress.com\/magazin\/wp-json\/wp\/v2\/media\/1688"}],"wp:attachment":[{"href":"https:\/\/www.helmexpress.com\/magazin\/wp-json\/wp\/v2\/media?parent=1687"}],"wp:term":[{"taxonomy":"category","embeddable":true,"href":"https:\/\/www.helmexpress.com\/magazin\/wp-json\/wp\/v2\/categories?post=1687"},{"taxonomy":"post_tag","embeddable":true,"href":"https:\/\/www.helmexpress.com\/magazin\/wp-json\/wp\/v2\/tags?post=1687"}],"curies":[{"name":"wp","href":"https:\/\/api.w.org\/{rel}","templated":true}]}}