{"id":1558,"date":"2021-06-15T08:37:52","date_gmt":"2021-06-15T06:37:52","guid":{"rendered":"https:\/\/www.helmexpress.com\/magazin\/?p=1558"},"modified":"2023-11-25T14:41:48","modified_gmt":"2023-11-25T13:41:48","slug":"motorrad-unterstellplatz","status":"publish","type":"post","link":"https:\/\/www.helmexpress.com\/magazin\/motorrad-unterstellplatz\/","title":{"rendered":"So findet ihr den perfekten Motorrad-Unterstellplatz"},"content":{"rendered":"<p>Ein trockener Platz f\u00fcrs Motorrad ist vor allem im Winter wichtig, da frostige Temperaturen und Feuchtigkeit zu Sch\u00e4den an der Maschine f\u00fchren k\u00f6nnen. F\u00fcr die \u00dcberwinterung oder die Ganzjahresunterstellung stehen verschiedene Varianten zur Wahl wie Garage und Carport oder faltbare Garagen und Lift-Garagen.<\/p>\n<p><img loading=\"lazy\" class=\"size-full wp-image-1561 img-responsive\" src=\"https:\/\/www.helmexpress.com\/magazin\/wp-content\/uploads\/2021\/04\/Motorrad-Unterstellung-750x500-nk.jpg\" alt=\"Motorrad Unterstellung\" width=\"750\" height=\"500\" srcset=\"https:\/\/www.helmexpress.com\/magazin\/wp-content\/uploads\/2021\/04\/Motorrad-Unterstellung-750x500-nk.jpg 750w, https:\/\/www.helmexpress.com\/magazin\/wp-content\/uploads\/2021\/04\/Motorrad-Unterstellung-750x500-nk-300x200.jpg 300w\" sizes=\"(max-width: 750px) 100vw, 750px\" \/><\/p>\n<h2>Motorrad unterstellen \u2013 die wichtigsten Gr\u00fcnde im \u00dcberblick<\/h2>\n<p>Ein Motorrad sollte nicht Wind und Wetter ausgesetzt werden, da insbesondere die Kombination von niedrigen Temperaturen und N\u00e4sse zum Gefrieren von Motorradteilen f\u00fchrt. Das ist deshalb fatal, weil Eis die Eigenschaft besitzt, sich auszudehnen und dabei gef\u00e4hrliche Kr\u00e4fte zu entwickeln. Diese k\u00f6nnen dem Motorrad erheblichen Schaden zuf\u00fcgen. Im besten Fall entdeckt ihr die Sch\u00e4den rechtzeitig und euch steht \u201enur\u201c eine Reparatur bevor. Im schlechteren Fall bleiben die Sch\u00e4den zun\u00e4chst unbemerkt. Dann k\u00f6nnen sie w\u00e4hrend des Fahrens zu Problemen und sogar Unf\u00e4llen f\u00fchren.<\/p>\n<p><strong>Gut zu wissen:<\/strong> Die Art des Motorrad-Unterstellplatzes wirkt sich auch auf die Motorradversicherung aus, die euch gegen Diebstahl absichern soll. Pr\u00fcft, welcher Schutz laut Versicherungspolice gegeben sein muss.<\/p>\n<h2>Checkliste: Worauf ihr beim Unterstellplatz f\u00fcrs Motorrad achten solltet<\/h2>\n<p><iframe loading=\"lazy\" src=\"https:\/\/www.youtube.com\/embed\/kLLTh7w4ZWo\" width=\"100%\" height=\"315\" frameborder=\"0\" allowfullscreen=\"allowfullscreen\"><span data-mce-type=\"bookmark\" style=\"display: inline-block; width: 0px; overflow: hidden; line-height: 0;\" class=\"mce_SELRES_start\"><span data-mce-type=\"bookmark\" style=\"display: inline-block; width: 0px; overflow: hidden; line-height: 0;\" class=\"mce_SELRES_start\">\ufeff<\/span>\ufeff<\/span><span data-mce-type=\"bookmark\" style=\"display: inline-block; width: 0px; overflow: hidden; line-height: 0;\" class=\"mce_SELRES_start\">\ufeff<\/span><\/iframe><\/p>\n<p>Die folgende Checkliste hilft, sich vor dem Kauf einer gro\u00dfen oder kleinen Motorradgarage oder<a href=\"https:\/\/www.helmexpress.com\/motorrad-faltgaragen\"> Faltgarage<\/a> einen \u00dcberblick \u00fcber die eigenen Anforderungen zu verschaffen. Geht die Fragen f\u00fcr euch durch und haltet fest, welche Eigenschaften euch f\u00fcr den Motorrad-Unterstellplatz wichtig sind:<\/p>\n<ol>\n<li>Soll die Unterstellung lediglich N\u00e4sseschutz bieten?<\/li>\n<li>Soll die Unterstellung auch K\u00e4lteschutz gew\u00e4hrleisten?<\/li>\n<li>Sucht ihr eine Unterstellung f\u00fcrs ganze Jahr?<\/li>\n<li>Braucht ihr (zus\u00e4tzlich) eine mobile Unterstellung?<\/li>\n<li>Soll die Unterstellung Schutz vor Diebstahl bieten?<\/li>\n<li>Wie viel Platz habt ihr zur Verf\u00fcgung?<\/li>\n<li>Habt ihr einen Materialwunsch?<\/li>\n<li>Wie viele Motorr\u00e4der werden untergestellt?<\/li>\n<li>Besitzt ihr eine Garage, in der ein Motorradparksystem wie ein Motorrad-Lift angebracht werden k\u00f6nnte?<\/li>\n<li>Wie hoch sollen die Kosten maximal sein?<\/li>\n<\/ol>\n<h2>Motorrad unterstellen: Welche M\u00f6glichkeiten gibt es?<\/h2>\n<p>Wir haben als <a href=\"https:\/\/www.helmexpress.com\/\">Helmexpress<\/a> die Erfahrung gemacht, dass sich zahlreiche Motorradfahrer f\u00fcr eine Abdeckplane entscheiden, wenn sie keine massive Garage zur Verf\u00fcgung haben. Es gibt jedoch noch weitere M\u00f6glichkeiten, die ihr in Betracht ziehen solltet: Von einer Motorradbox \u00fcber faltbare Garagen bis hin Motorradlifts stehen euch verschiedene Unterstell-M\u00f6glichkeiten f\u00fcr Motorr\u00e4der zur Auswahl.<\/p>\n<h3>Motorradgarage: winterfester und diebstahlsicherer Unterschlupf<\/h3>\n<p><img loading=\"lazy\" class=\"aligncenter wp-image-1569 size-full img-responsive\" src=\"https:\/\/www.helmexpress.com\/magazin\/wp-content\/uploads\/2021\/04\/garage-motorrad.jpg\" alt=\"Motorrad-in-Garage\" width=\"750\" height=\"500\" srcset=\"https:\/\/www.helmexpress.com\/magazin\/wp-content\/uploads\/2021\/04\/garage-motorrad.jpg 750w, https:\/\/www.helmexpress.com\/magazin\/wp-content\/uploads\/2021\/04\/garage-motorrad-300x200.jpg 300w\" sizes=\"(max-width: 750px) 100vw, 750px\" \/><\/p>\n<p>Eine massiv gebaute kleine Garage f\u00fcrs Motorrad wird als Premium-Unterbringung f\u00fcr Bikes gehandelt. Wer sein Motorrad mehrere Monate nicht bewegen wird, weil er es zum Beispiel f\u00fcr den Winter einmottet, kann sich auf die Kleingarage f\u00fcrs Motorrad oder einen Schuppen voll verlassen.<\/p>\n<p><strong>Die Vorteile:<\/strong><\/p>\n<ul>\n<li>Schutz vor N\u00e4sse, Hagel, Schnee<\/li>\n<li>Schutz vor Diebstahl<\/li>\n<li>Ansprechende Optik<\/li>\n<li>Langlebig<\/li>\n<\/ul>\n<p>Wer keine eigene Garage auf sein Grundst\u00fcck setzen kann oder setzen m\u00f6chte, der kann eine Garage auch anmieten. Mietgaragen sind f\u00fcr Motorr\u00e4der, Autos oder als Lager ausgelegt und bieten einen optimalen Rundumschutz sowie ausreichend Platz, beispielsweise f\u00fcr euer Motorrad-Zubeh\u00f6r.<\/p>\n<p><strong>Kosten:<\/strong> f\u00fcr Mietgaragen zwischen 20 bis 70 \u20ac pro Monat, f\u00fcr den Bau einer Standard-Garage einmalig zwischen ca. 8.000-15.000 \u20ac.<\/p>\n<p><a href=\"https:\/\/www.helmexpress.com\/\"> <img loading=\"lazy\" class=\"alignnone wp-image-1587 size-large img-responsive\" title=\"10 Prozent Rabatt sichern\" src=\"https:\/\/www.helmexpress.com\/magazin\/wp-content\/uploads\/2020\/12\/Neuling-1024x161.jpg\" alt=\"10 Prozent Rabatt\" width=\"1024\" height=\"161\" srcset=\"https:\/\/www.helmexpress.com\/magazin\/wp-content\/uploads\/2020\/12\/Neuling-1024x161.jpg 1024w, https:\/\/www.helmexpress.com\/magazin\/wp-content\/uploads\/2020\/12\/Neuling-300x47.jpg 300w, https:\/\/www.helmexpress.com\/magazin\/wp-content\/uploads\/2020\/12\/Neuling-768x121.jpg 768w, https:\/\/www.helmexpress.com\/magazin\/wp-content\/uploads\/2020\/12\/Neuling.jpg 1368w\" sizes=\"(max-width: 1024px) 100vw, 1024px\" \/><\/a><\/p>\n<h3>Motorrad-Garagenbox: praktische Langzeitl\u00f6sung<\/h3>\n<p>Wer sich f\u00fcr eine Motorrad Box als Garage entscheidet, investiert in eine praktische Langzeitl\u00f6sung. In der Regel handelt es sich um eine Metallbox, aber es gibt sie auch als Holzgaragen f\u00fcrs Motorrad.<\/p>\n<p><strong>Die Vorteile von Motorrad-Boxen sind:<\/strong><\/p>\n<ul>\n<li>Sichere Aufbewahrung<\/li>\n<li>Schutz vor N\u00e4sse, Hagel, Schnee<\/li>\n<li>Erh\u00e4ltlich in Wunschma\u00dfen<\/li>\n<li>Erh\u00e4ltlich in Wunschfarben und -materialien<\/li>\n<\/ul>\n<p>Eine Mini-Garage f\u00fcrs Motorrad wird als Motorradbox auf das eigene Grundst\u00fcck gesetzt. Gegen einen Aufpreis bieten viele Hersteller eine Montage an, sodass ihr wenig Aufwand habt.<\/p>\n<p><strong>Kosten<\/strong>: in der Regel zwischen 1.000 \u20ac &#8211; 2.000 \u20ac<\/p>\n<h3>Mobile Motorradgarage: wasserfeste und flexible Unterbringung<\/h3>\n<p>Eine <a href=\"https:\/\/www.helmexpress.com\/motorrad-faltgaragen\">Faltgarage f\u00fcrs Motorrad<\/a> ist die preisg\u00fcnstigste Variante, um ein Motorrad vor Wind und Wetter zu sch\u00fctzen. Die Faltgarage findet ihr auch unter der Bezeichnung Klappgarage. Sie sieht aus wie ein Zelt und sch\u00fctzt auch vor Hagel, Schnee oder Sturm. Alternativ gibt es die mobile Faltgarage auch als Motorradabdeckung, die als Schutzmantel \u00fcber das Bike gezogen wird.<\/p>\n<p><strong>Die Vorteile:<\/strong><\/p>\n<ul>\n<li>Schutz vor N\u00e4sse<\/li>\n<li>Bedingter K\u00e4lteschutz<\/li>\n<li>Mobile Unterbringung f\u00fcr mehr Flexibilit\u00e4t<\/li>\n<li>Kosteng\u00fcnstige Unterstellung<\/li>\n<\/ul>\n<p>Optisch wirkt eine mobile Garage aus beispielsweise schwarzem PVC-Gewebe weniger eindrucksvoll als eine massiv gebaute Garage aus Stein, die im Garten steht.<\/p>\n<p><strong>Kosten<\/strong>: schon ab 20 \u20ac f\u00fcr Abdeckplanen, ab 150 \u20ac f\u00fcr die Falt- bzw. Klappgaragen<\/p>\n\t\t\t<link rel=\"stylesheet\" type=\"text\/css\" href=\"https:\/\/www.helmexpress.com\/magazin\/wp-content\/plugins\/helmexpress-products\/style.css\"\/>\n\t\t\t<div class=\"products-grid container\">\n\t\t\t  <div class=\"row\">\n\t\t\t    <div class=\"col-md-12\">\n\t\t\t      <div class=\"carousel slide hxCarousel\" id=\"hxCarousel-97afb852add775ff98d44ebec82f9b88\">\n\t\t\t      \t<div class=\"carousel-inner\">\n\t\t\t\t\t\t\t<div class=\"item active\">\n\t\t\t\t\t<div class=\"col-xs-4 col-md-3 product\" id=\"product-120261\">\n\t\t                <div>\n\t\t                    <a href=\"https:\/\/www.helmexpress.com\/scorpion-adf-9000-air-trail-integralhelm-129201.html\" title=\"SCORPION ADF-9000 AIR TRAIL Integralhelm schwarz-rot S\" class=\"product-link\">\n\t\t                        <span class=\"product-image\">\n\t\t                            <img src=\"https:\/\/cdn1.helmexpress.com\/media\/catalog\/product\/s\/c\/scorpion-adf-9000-air-trail-integralhelm-schwarz-rot-s-129201srs.jpg\" title=\"SCORPION ADF-9000 AIR TRAIL Integralhelm schwarz-rot S\" width=\"165\" height=\"220\"\/>\n\t\t\t\t\t\t\t\t<\/span>\n\t\t                        <div class=\"product-name\"><span>SCORPION ADF-9000 AIR TRAIL Integralhelm schwarz-rot S<\/span><\/div>\n\t\t                        \t\t                        \t                        \t<div class=\"price-box clearfix\">\n\t\t                        \t\t\t\t\t\t\t\t\t<p class=\"old-price\">\n\t\t\t\t\t\t\t\t\t\t<span class=\"price-label\">statt<\/span>\n\t\t\t\t\t\t\t\t\t\t<span class=\"price\" id=\"old-price-120261\">\n\t\t\t\t\t\t\t\t\t\t\t439,90 \u20ac\t\t\t\t\t\t\t\t\t\t<\/span>\n\t\t\t\t\t\t\t\t\t<\/p>\n\t\t                        \t<p class=\"special-price\">\n\t\t                \t\t\t\t<span class=\"price-label\">nur<\/span>\n\t\t                \t\t\t\t<span class=\"price\" id=\"product-price-120261\">\n\t\t                \t\t\t\t\t369,00 \u20ac\t\t                \t\t\t\t\t<span class=\"price-hint\">*<\/span>\n\t\t                \t\t\t\t<\/span>\n\t\t\t\t\t\t\t\t\t<\/p>\n\t\t\t\t\t\t\t\t\t\t\t\t\t\t\t\t\t<\/div>\n\t\t\t\t\t\t\t<\/a>\n\t\t\t\t\t\t<\/div>                  \n\t\t            <\/div>\n\t            <\/div>\n            \t\t\t\t\t<div class=\"item\">\n\t\t\t\t\t<div class=\"col-xs-4 col-md-3 product\" id=\"product-139230\">\n\t\t                <div>\n\t\t                    <a href=\"https:\/\/www.helmexpress.com\/held-atacama-base-textilhose-700026532.html\" title=\"HELD Atacama Base Textilhose grau-rot DS\" class=\"product-link\">\n\t\t                        <span class=\"product-image\">\n\t\t                            <img src=\"https:\/\/cdn1.helmexpress.com\/media\/catalog\/product\/H\/E\/HELD_619614049462854147_24.jpg\" title=\"HELD Atacama Base Textilhose grau-rot DS\" width=\"165\" height=\"220\"\/>\n\t\t\t\t\t\t\t\t<\/span>\n\t\t                        <div class=\"product-name\"><span>HELD Atacama Base Textilhose grau-rot DS<\/span><\/div>\n\t\t                        \t\t                        \t                        \t<div class=\"price-box clearfix\">\n\t\t                        \t\t\t\t\t\t\t\t\t<span class=\"regular-price\" id=\"product-price-139230\">\n\t                        \t\t\t<span class=\"price\">\n\t                        \t\t\t\t1199,00 \u20ac\t                        \t\t\t\t<span class=\"price-hint\">*<\/span>\n\t                                \t<\/span>\n\t                                <\/span>\n\t\t\t\t\t\t\t\t\t\t\t\t\t\t\t\t\t<\/div>\n\t\t\t\t\t\t\t<\/a>\n\t\t\t\t\t\t<\/div>                  \n\t\t            <\/div>\n\t            <\/div>\n            \t\t\t\t\t<div class=\"item\">\n\t\t\t\t\t<div class=\"col-xs-4 col-md-3 product\" id=\"product-173500\">\n\t\t                <div>\n\t\t                    <a href=\"https:\/\/www.helmexpress.com\/ls2-of603-infinity-ii-veyron-jethelm-700044845.html\" title=\"LS2 OF603 INFINITY II VEYRON Jethelm grau-weiss XXL\" class=\"product-link\">\n\t\t                        <span class=\"product-image\">\n\t\t                            <img src=\"https:\/\/cdn1.helmexpress.com\/media\/catalog\/product\/L\/S\/LS2_3660322026923221129012_7.png\" title=\"LS2 OF603 INFINITY II VEYRON Jethelm grau-weiss XXL\" width=\"165\" height=\"220\"\/>\n\t\t\t\t\t\t\t\t<\/span>\n\t\t                        <div class=\"product-name\"><span>LS2 OF603 INFINITY II VEYRON Jethelm grau-weiss XXL<\/span><\/div>\n\t\t                        \t\t                        <div class=\"new\">\n\t\t                        \t<div class=\"new-inner\">Neu<\/div>\n\t\t                        <\/div>\n\t\t                        \t\t                        \t                        \t<div class=\"price-box clearfix\">\n\t\t                        \t\t\t\t\t\t\t\t\t<span class=\"regular-price\" id=\"product-price-173500\">\n\t                        \t\t\t<span class=\"price\">\n\t                        \t\t\t\t218,90 \u20ac\t                        \t\t\t\t<span class=\"price-hint\">*<\/span>\n\t                                \t<\/span>\n\t                                <\/span>\n\t\t\t\t\t\t\t\t\t\t\t\t\t\t\t\t\t<\/div>\n\t\t\t\t\t\t\t<\/a>\n\t\t\t\t\t\t<\/div>                  \n\t\t            <\/div>\n\t            <\/div>\n            \t\t\t\t\t<div class=\"item\">\n\t\t\t\t\t<div class=\"col-xs-4 col-md-3 product\" id=\"product-159892\">\n\t\t                <div>\n\t\t                    <a href=\"https:\/\/www.helmexpress.com\/shot-speed-ghost-kid-helm-105185.html\" title=\"SHOT SPEED GHOST KID Helm glanz purple M 51-52cm\" class=\"product-link\">\n\t\t                        <span class=\"product-image\">\n\t\t                            <img src=\"https:\/\/cdn1.helmexpress.com\/media\/catalog\/product\/s\/h\/shot-speed-ghost-kid-helm-glanz-purple-m-51-52cm-105185pum.jpg\" title=\"SHOT SPEED GHOST KID Helm glanz purple M 51-52cm\" width=\"165\" height=\"220\"\/>\n\t\t\t\t\t\t\t\t<\/span>\n\t\t                        <div class=\"product-name\"><span>SHOT SPEED GHOST KID Helm glanz purple M 51-52cm<\/span><\/div>\n\t\t                        \t\t                        \t                        \t<div class=\"price-box clearfix\">\n\t\t                        \t\t\t\t\t\t\t\t\t<p class=\"old-price\">\n\t\t\t\t\t\t\t\t\t\t<span class=\"price-label\">statt<\/span>\n\t\t\t\t\t\t\t\t\t\t<span class=\"price\" id=\"old-price-159892\">\n\t\t\t\t\t\t\t\t\t\t\t139,99 \u20ac\t\t\t\t\t\t\t\t\t\t<\/span>\n\t\t\t\t\t\t\t\t\t<\/p>\n\t\t                        \t<p class=\"special-price\">\n\t\t                \t\t\t\t<span class=\"price-label\">nur<\/span>\n\t\t                \t\t\t\t<span class=\"price\" id=\"product-price-159892\">\n\t\t                \t\t\t\t\t111,99 \u20ac\t\t                \t\t\t\t\t<span class=\"price-hint\">*<\/span>\n\t\t                \t\t\t\t<\/span>\n\t\t\t\t\t\t\t\t\t<\/p>\n\t\t\t\t\t\t\t\t\t\t\t\t\t\t\t\t\t<\/div>\n\t\t\t\t\t\t\t<\/a>\n\t\t\t\t\t\t<\/div>                  \n\t\t            <\/div>\n\t            <\/div>\n            \t\t\t\t\t<div class=\"item\">\n\t\t\t\t\t<div class=\"col-xs-4 col-md-3 product\" id=\"product-164306\">\n\t\t                <div>\n\t\t                    <a href=\"https:\/\/www.helmexpress.com\/caberg-horus-x-ray-klapphelm-106240.html\" title=\"CABERG HORUS X RAY matt schwarz-gun met.-fluo fuchsia S\" class=\"product-link\">\n\t\t                        <span class=\"product-image\">\n\t\t                            <img src=\"https:\/\/cdn1.helmexpress.com\/media\/catalog\/product\/c\/a\/caberg-horus-x-ray-matt-schwarz-gun-met-fluo-fuchsia-s-106240sfs.jpg\" title=\"CABERG HORUS X RAY matt schwarz-gun met.-fluo fuchsia S\" width=\"165\" height=\"220\"\/>\n\t\t\t\t\t\t\t\t<\/span>\n\t\t                        <div class=\"product-name\"><span>CABERG HORUS X RAY matt schwarz-gun met.-fluo fuchsia S<\/span><\/div>\n\t\t                        \t\t                        <div class=\"new\">\n\t\t                        \t<div class=\"new-inner\">Neu<\/div>\n\t\t                        <\/div>\n\t\t                        \t\t                        \t                        \t<div class=\"price-box clearfix\">\n\t\t                        \t\t\t\t\t\t\t\t\t<p class=\"old-price\">\n\t\t\t\t\t\t\t\t\t\t<span class=\"price-label\">statt<\/span>\n\t\t\t\t\t\t\t\t\t\t<span class=\"price\" id=\"old-price-164306\">\n\t\t\t\t\t\t\t\t\t\t\t319,99 \u20ac\t\t\t\t\t\t\t\t\t\t<\/span>\n\t\t\t\t\t\t\t\t\t<\/p>\n\t\t                        \t<p class=\"special-price\">\n\t\t                \t\t\t\t<span class=\"price-label\">nur<\/span>\n\t\t                \t\t\t\t<span class=\"price\" id=\"product-price-164306\">\n\t\t                \t\t\t\t\t284,99 \u20ac\t\t                \t\t\t\t\t<span class=\"price-hint\">*<\/span>\n\t\t                \t\t\t\t<\/span>\n\t\t\t\t\t\t\t\t\t<\/p>\n\t\t\t\t\t\t\t\t\t\t\t\t\t\t\t\t\t<\/div>\n\t\t\t\t\t\t\t<\/a>\n\t\t\t\t\t\t<\/div>                  \n\t\t            <\/div>\n\t            <\/div>\n            \t            \t<div class=\"item\">\n\t            \t<div class=\"col-xs-4 col-md-3 product more\">\n\t\t                <div>\n\t            \t\t\t<a href=\"https:\/\/www.helmexpress.com\/motorrad-faltgaragen\" class=\"product-link\" target=\"_blank\">\n\t            \t\t\t\tAlle Faltgaragen auf helmexpress.com\t            \t\t\t<\/a>\n\t            \t\t<\/div>\n\t            \t<\/div>\n\t            <\/div>\n            \t\t\t            \t\t<\/div>\n\t\t        \t\t<\/div>\n\t\t        \t\t\t\t        \t\t<a data-slide=\"prev\" href=\"javascript:void(0)\" class=\"left carousel-control hidden\"><i class=\"fa fa-caret-left\"><\/i><\/a>\n\t\t      \t\t\t<a data-slide=\"next\" href=\"javascript:void(0)\" class=\"right carousel-control\"><i class=\"fa fa-caret-right\"><\/i><\/a>\n\t\t      \t\t\t\t\t\t\t\t<\/div>\n\t\t\t\t<\/div>\n\t\t\t<\/div>\n            \n<h3>Motorrad Carport: gut durchl\u00fcftete, \u00fcberdachte Stellfl\u00e4che<\/h3>\n<p>Ein Carport gilt als geldschonende Alternative zur massiven Motorradgarage. Die offene Bauweise sorgt f\u00fcr eine gute Durchl\u00fcftung und kann durch Kletterpflanzen optisch aufgewertet werden. Das nat\u00fcrliche Material Holz erg\u00e4nzt in der Regel optisch das Hauptgeb\u00e4ude, wodurch die Bebauung insgesamt stimmig wirkt.<\/p>\n<p><strong>Die Vorteile eines Carports f\u00fcrs Motorrad:<\/strong><\/p>\n<ul>\n<li>Platzsparende Unterbringung<\/li>\n<li>Schutz vor N\u00e4sse, Hagel, Schnee<\/li>\n<li>Kosteng\u00fcnstigere Unterbringung als massiv gebaute Garage<\/li>\n<li>Einfache Konstruktion und flexibel erweiterbar<\/li>\n<\/ul>\n<p><strong>Tipp<\/strong>: Wenn ihr das Motorrad im Freien \u00fcberwintern lassen wollt, empfiehlt sich das Auftragen eines Korrosionsschutzes.<\/p>\n<p><strong>Kosten<\/strong>: zwischen 500 \u20ac &#8211; 9.000 \u20ac<\/p>\n<h3>Motorrad-Lift in der Garage: praktisch und platzsparend<\/h3>\n<p>F\u00fcr alle, die zwar eine Garage aber darin nicht ausreichend Platz f\u00fcr Auto und Motorrad haben, bietet sich ein Motorrad-Lift an. Dieses Parksystem kann seitlich oder \u00fcber dem Auto montiert werden, sodass ihr euch mit dem Moto-Lift eine platzsparende Traumgarage schaffen k\u00f6nnt.<\/p>\n<h3>Motorradgarage f\u00fcr zwei Motorr\u00e4der: Platz f\u00fcr alle Bikes<\/h3>\n<p><img loading=\"lazy\" class=\"alignnone wp-image-1570 size-full img-responsive\" src=\"https:\/\/www.helmexpress.com\/magazin\/wp-content\/uploads\/2021\/04\/zwei-motorraeder.jpg\" alt=\"Motorraeder\" width=\"750\" height=\"500\" srcset=\"https:\/\/www.helmexpress.com\/magazin\/wp-content\/uploads\/2021\/04\/zwei-motorraeder.jpg 750w, https:\/\/www.helmexpress.com\/magazin\/wp-content\/uploads\/2021\/04\/zwei-motorraeder-300x200.jpg 300w\" sizes=\"(max-width: 750px) 100vw, 750px\" \/><\/p>\n<p>Wenn ihr zwei Motorr\u00e4der unterstellen m\u00fcsst, bietet sich eine Motorrad-Doppelgarage an. Ihr findet diese in verschiedenen Varianten: als faltbare Garage, Motorradbox, Carport, etc. Im Grunde k\u00f6nnt ihr jede Einzel-Motorradgarage auch als Version f\u00fcr zwei Motorr\u00e4der erwerben. Was sich \u00e4ndert, sind der Platzbedarf sowie die Kosten.<\/p>\n<p><strong>Vorteile:<\/strong><\/p>\n<ul>\n<li>Platzsparende Unterbringung<\/li>\n<li>Schutz vor N\u00e4sse, Hagel, Schnee<\/li>\n<li>In der Regel vielseitig einsetzbar auch f\u00fcr Zubeh\u00f6r, Werkzeug, Fahrr\u00e4der, Getr\u00e4nkekisten oder Brennholz<\/li>\n<\/ul>\n<p><strong>Kosten<\/strong>: ab ca. 2.000 \u20ac<\/p>\n<h2>Entscheidet euch f\u00fcr einen Unterstand nach eurem Bedarf!<\/h2>\n<p>Liebhaber eines Motorrads sollten sich fr\u00fchzeitig f\u00fcr einen bestimmten Motorrad-Unterstellplatz entscheiden. Wir haben in diesem Artikel verschiedene Varianten vorgestellt. Sie bieten Schutz gegen N\u00e4sse, Diebstahl, Hagel und Schnee, haben verschiedengro\u00dfen Platzbedarf und unterscheiden sich in ihren Kosten sowie ihrer Optik.<\/p>\n<p>Unsere Checkliste unterst\u00fctzt euch dabei, euren individuellen Bedarf herauszufinden, damit ihr euch f\u00fcr einen Motorrad-Unterstellplatz entscheiden k\u00f6nnt, der perfekt zu euch und eurem Motorrad passt!<\/p>\n<p><script type=\"application\/ld+json\">{\n  \"@context\": \"http:\/\/schema.org\",\n  \"@type\": \"VideoObject\",\n  \"name\": \"MOTORRAD RICHTIG ABSTELLEN, um Rost & Alterung zu vermeiden \u274c @Helmexpress TV\",\n  \"description\": \"\u274c INSTAGRAM: https:\/\/www.instagram.com\/helmexpresstv \u274c YOUTUBE: https:\/\/www.youtube.com\/c\/helmexpresstv \u274c FACEBOOK: https:\/\/www.facebook.com\/Helmexpress  ---------------------------------------------------------------BESCHREIBUNG---------------------------------------------------------------------  Das Motorrad im Freien abzustellen schmerzt wohl jeden Motorradfahrer im Herzen \ud83d\ude22 Deshalb sprechen wir in diesem Video dar\u00fcber, wie man sein Motorrad am besten abstellen kann.  Viel Spa\u00df dabei!  ---------------------------------------------------------------SOCIAL MEDIA-----------------------------------------------------------------------  \u274c Youtube: https:\/\/www.youtube.com\/c\/helmexpresstv \u274c Instagram: https:\/\/www.instagram.com\/helmexpresstv \u274c Facebook: https:\/\/www.facebook.com\/Helmexpress \u274c Produktvorstellungen [2. Kanal]: https:\/\/www.youtube.com\/channel\/UChUmbeuTBcnwN1nV_UGVEbA \u274c Homepage: https:\/\/www.helmexpress.com\/  -----------------------------------------------------------------------FAQ---------------------------------------------------------------------------------  HelmexpressTV ist dein Kanal rund um Motorradausr\u00fcstung und Sicherheit beim Motorrad fahren. Angereichert mit Tipps & Tricks sowie News thematisiert Helmexpress alles, was f\u00fcr Motorradfahrer interessant ist.  Firma:           Helmexpress.com Hauptsitz:    Bregenz am Bodensee (AT) Moderator:  Marc Alter:             28 Motorrad:     Honda CBR 650F Helm:            Nexx X.R2, AGV K6  Hashtags:    #HXP #Helmexpress #BikeAbstellen\",\n  \"thumbnailUrl\": \"https:\/\/i.ytimg.com\/vi\/kLLTh7w4ZWo\/default.jpg\",\n  \"uploadDate\": \"2021-06-03T15:53:25Z\",\n  \"duration\": \"PT4M5S\",\n  \"embedUrl\": \"https:\/\/www.youtube.com\/embed\/kLLTh7w4ZWo\",\n  \"interactionCount\": \"580\"\n}<\/script><\/p>\n<p><script type=application\/ld+json>{\n \"@context\": \"https:\/\/schema.org\",\n \"@type\": \"FAQPage\",\n \"mainEntity\": [\n  {\n   \"@type\": \"Question\",\n   \"name\": \"Motorrad unterstellen: Welche M\u00f6glichkeiten gibt es?\",\n   \"acceptedAnswer\": {\n    \"@type\": \"Answer\",\n    \"text\": \"Motorradgarage: winterfester und diebstahlsicherer Unterschlupf, Motorrad-Garagenbox: praktische Langzeitl\u00f6sung, Mobile Motorradgarage: wasserfeste und flexible Unterbringung, Motorrad Carport: gut durchl\u00fcftete, \u00fcberdachte Stellfl\u00e4che, Motorrad-Lift in der Garage: praktisch und platzsparend\"\n   }\n  }\n ]\n} <\/script><\/p>\n","protected":false},"excerpt":{"rendered":"<p>Ein trockener Platz f\u00fcrs Motorrad ist vor allem im Winter wichtig, da frostige Temperaturen und Feuchtigkeit zu Sch\u00e4den an der Maschine f\u00fchren k\u00f6nnen. Es stehen verschiedene Varianten zur Wahl wie Garagen, Carports, faltbare Garagen und Lift-Garagen.<\/p>\n","protected":false},"author":3,"featured_media":1560,"comment_status":"closed","ping_status":"closed","sticky":false,"template":"","format":"standard","meta":[],"categories":[1,8],"tags":[84,85,82,81,83,86,80,79,87],"_links":{"self":[{"href":"https:\/\/www.helmexpress.com\/magazin\/wp-json\/wp\/v2\/posts\/1558"}],"collection":[{"href":"https:\/\/www.helmexpress.com\/magazin\/wp-json\/wp\/v2\/posts"}],"about":[{"href":"https:\/\/www.helmexpress.com\/magazin\/wp-json\/wp\/v2\/types\/post"}],"author":[{"embeddable":true,"href":"https:\/\/www.helmexpress.com\/magazin\/wp-json\/wp\/v2\/users\/3"}],"replies":[{"embeddable":true,"href":"https:\/\/www.helmexpress.com\/magazin\/wp-json\/wp\/v2\/comments?post=1558"}],"version-history":[{"count":14,"href":"https:\/\/www.helmexpress.com\/magazin\/wp-json\/wp\/v2\/posts\/1558\/revisions"}],"predecessor-version":[{"id":104145,"href":"https:\/\/www.helmexpress.com\/magazin\/wp-json\/wp\/v2\/posts\/1558\/revisions\/104145"}],"wp:featuredmedia":[{"embeddable":true,"href":"https:\/\/www.helmexpress.com\/magazin\/wp-json\/wp\/v2\/media\/1560"}],"wp:attachment":[{"href":"https:\/\/www.helmexpress.com\/magazin\/wp-json\/wp\/v2\/media?parent=1558"}],"wp:term":[{"taxonomy":"category","embeddable":true,"href":"https:\/\/www.helmexpress.com\/magazin\/wp-json\/wp\/v2\/categories?post=1558"},{"taxonomy":"post_tag","embeddable":true,"href":"https:\/\/www.helmexpress.com\/magazin\/wp-json\/wp\/v2\/tags?post=1558"}],"curies":[{"name":"wp","href":"https:\/\/api.w.org\/{rel}","templated":true}]}}