{"id":153,"date":"2018-02-20T10:42:47","date_gmt":"2018-02-20T09:42:47","guid":{"rendered":"https:\/\/www.helmexpress.com\/magazin\/?p=153"},"modified":"2018-08-28T08:58:21","modified_gmt":"2018-08-28T06:58:21","slug":"motorradhelme-ueberblick-vorteile-nachteile","status":"publish","type":"post","link":"https:\/\/www.helmexpress.com\/magazin\/motorradhelme-ueberblick-vorteile-nachteile\/","title":{"rendered":"Alle Motorradhelm-Arten mit ihren Vorteilen und Nachteilen einfach erkl\u00e4rt"},"content":{"rendered":"<p>Die Auswahl an Motorradhelmen ist gro\u00df. Nicht nur in Sachen Design und Farbe hat der Biker die Qual der Wahl, sondern auch bei der Form und Bauart. Hier finden Sie eine \u00dcbersicht der Vor- und Nachteile von Helmarten wie Integralhelm, Halbschale oder Klapphelm.<br \/>\n<!--more--><\/p>\n<h2>Integralhelm, Klapphelm &amp; Co.: Vorteile und Nachteile der Motorradhelme im \u00dcberblick<\/h2>\n<p>Irgendwann muss es einfach sein: Ein neuer Motorradhelm muss her. Sp\u00e4testens nach einem Sturz steht der Kauf an, aber auch ohne sollte der Helm nach einigen Jahren getauscht werden. Doch dann stellt sich die Frage, welche Helmart es sein soll. Integralhelm, Klapphelm &amp; Co. haben alle Vorteile und Nachteile.<\/p>\n<p>Hier finden Sie einen Anlaufpunkt, wie Sie den richtigen, besten oder sichersten Motorradhelm finden.<\/p>\n<ol>\n<li style=\"list-style-type: none;\">\n<ol>\n<li><a href=\"#integralhelm\">Integralhelm<\/a><\/li>\n<li><a href=\"#klapphelm\">Klapphelm<\/a><\/li>\n<li><a href=\"#endurohelm\">Motocross- und Enduro-Helm<\/a><\/li>\n<li><a href=\"#jethelm\">Jethelm<\/a><\/li>\n<li><a href=\"#braincap\">Braincap<\/a><\/li>\n<li><a href=\"#\u00fcberblick\">Alle Vor- und Nachteile der Helme im \u00dcberblick<\/a><\/li>\n<\/ol>\n<\/li>\n<\/ol>\n<h3 id=\"integralhelm\">Ein leiser Motorradhelm mit guter Schutzfunktion ist der Integralhelm<\/h3>\n<div id=\"attachment_154\" style=\"width: 310px\" class=\"wp-caption alignleft\"><img aria-describedby=\"caption-attachment-154\" loading=\"lazy\" class=\"wp-image-154 size-medium img-responsive\" src=\"https:\/\/www.helmexpress.com\/magazin\/wp-content\/uploads\/2018\/01\/Integralhelm-300x280.jpg\" alt=\"Integralhelm Motorrad \" width=\"300\" height=\"280\" srcset=\"https:\/\/www.helmexpress.com\/magazin\/wp-content\/uploads\/2018\/01\/Integralhelm-300x280.jpg 300w, https:\/\/www.helmexpress.com\/magazin\/wp-content\/uploads\/2018\/01\/Integralhelm.jpg 516w\" sizes=\"(max-width: 300px) 100vw, 300px\" \/><p id=\"caption-attachment-154\" class=\"wp-caption-text\">Der Integralhelm ist der Klassiker unter den Motorradhelmen.<\/p><\/div>\n<p>Der <a href=\"https:\/\/www.helmexpress.com\/integralhelme\" target=\"_blank\" rel=\"noopener\">Integralhelm<\/a> ist der Klassiker unter den Motorradhelmen, der auch h\u00e4ufig von Roller-Fahrern genutzt wird. Der Vollvisier-Helm bietet den besten Schutz der verschiedenen Helmtypen. Mit einer festen Kinnpartier und einem integrierten Visier, das ein gro\u00dfes Sichtfeld erm\u00f6glicht, ist der Kopf und das Gesicht des Fahrers rundum gesch\u00fctzt.<\/p>\n<p>Die Auswahl an verschiedenen Designs ist riesig. Vom schlichten einfarbigen Modell, \u00fcber bunte Varianten mit Marvel-Optik bis hin zu Retro-Gestaltungen ist alles m\u00f6glich. Damit passen die Helme auch zu beinah jedem Bike.<\/p>\n<p>Ein gro\u00dfes Manko war lange Zeit, dass Integralhelme f\u00fcr Brillentr\u00e4ger nicht komfortabel und unhandlich beim Aufsetzen waren. Dies haben die Hersteller erkannt und weitestgehend behoben. Ein weiterer Vorteil der Vollvisierhelme ist der gute L\u00e4rmschutz w\u00e4hrend der Fahrt, da es besonders leise Motorradhelme sind. Die Helme lassen sich mit Kommunikationssystemen, anpassbaren Polsterungen, austauschbaren Visieren und Sonnenblenden zus\u00e4tzlich erg\u00e4nzen.<\/p>\n<h4>Vorteile und Nachteile der Integralhelme auf einen Blick:<\/h4>\n<table>\n<tbody>\n<tr>\n<td width=\"302\">+ gute Schutzleistung f\u00fcr Kopf und Gesicht<\/td>\n<td width=\"302\">&#8211; Bel\u00fcftung bei Hitze teils unzureichend<\/td>\n<\/tr>\n<tr>\n<td width=\"302\">+ preiswerte Modelle verf\u00fcgbar<\/td>\n<td width=\"302\">&#8211; f\u00fcr Brillentr\u00e4ger je nach Modell nicht ideal<\/td>\n<\/tr>\n<tr>\n<td width=\"302\">+ gut anpassbar und leise<\/td>\n<td width=\"302\">&#8211; f\u00fcr manche einengend durch Rundumschutz<\/td>\n<\/tr>\n<\/tbody>\n<\/table>\n<h4>Mit einem neuen Integralhelm sicher unterwegs<\/h4>\n\t\t\t<link rel=\"stylesheet\" type=\"text\/css\" href=\"https:\/\/www.helmexpress.com\/magazin\/wp-content\/plugins\/helmexpress-products\/style.css\"\/>\n\t\t\t<div class=\"products-grid container\">\n\t\t\t  <div class=\"row\">\n\t\t\t    <div class=\"col-md-12\">\n\t\t\t      <div class=\"carousel slide hxCarousel\" id=\"hxCarousel-5ca95bf6f790bc4ea39e21930c17f124\">\n\t\t\t      \t<div class=\"carousel-inner\">\n\t\t\t\t\t\t\t<div class=\"item active\">\n\t\t\t\t\t<div class=\"col-xs-4 col-md-3 product\" id=\"product-146941\">\n\t\t                <div>\n\t\t                    <a href=\"https:\/\/www.helmexpress.com\/nexx-x-r3r-out-brake-integralhelm-108300.html\" title=\"NEXX X.R3R OUT BRAKE weiss-blau XXL\" class=\"product-link\">\n\t\t                        <span class=\"product-image\">\n\t\t                            <img src=\"https:\/\/cdn1.helmexpress.com\/media\/catalog\/product\/n\/e\/nexx-x-r3r-out-brake-weiss-blau-xxl-108300wbxxl.jpg\" title=\"NEXX X.R3R OUT BRAKE weiss-blau XXL\" width=\"165\" height=\"220\"\/>\n\t\t\t\t\t\t\t\t<\/span>\n\t\t                        <div class=\"product-name\"><span>NEXX X.R3R OUT BRAKE weiss-blau XXL<\/span><\/div>\n\t\t                        \t\t                        \t                        \t<div class=\"price-box clearfix\">\n\t\t                        \t\t\t\t\t\t\t\t\t<p class=\"old-price\">\n\t\t\t\t\t\t\t\t\t\t<span class=\"price-label\">statt<\/span>\n\t\t\t\t\t\t\t\t\t\t<span class=\"price\" id=\"old-price-146941\">\n\t\t\t\t\t\t\t\t\t\t\t549,99 \u20ac\t\t\t\t\t\t\t\t\t\t<\/span>\n\t\t\t\t\t\t\t\t\t<\/p>\n\t\t                        \t<p class=\"special-price\">\n\t\t                \t\t\t\t<span class=\"price-label\">nur<\/span>\n\t\t                \t\t\t\t<span class=\"price\" id=\"product-price-146941\">\n\t\t                \t\t\t\t\t467,49 \u20ac\t\t                \t\t\t\t\t<span class=\"price-hint\">*<\/span>\n\t\t                \t\t\t\t<\/span>\n\t\t\t\t\t\t\t\t\t<\/p>\n\t\t\t\t\t\t\t\t\t\t\t\t\t\t\t\t\t<\/div>\n\t\t\t\t\t\t\t<\/a>\n\t\t\t\t\t\t<\/div>                  \n\t\t            <\/div>\n\t            <\/div>\n            \t\t\t\t\t<div class=\"item\">\n\t\t\t\t\t<div class=\"col-xs-4 col-md-3 product\" id=\"product-163881\">\n\t\t                <div>\n\t\t                    <a href=\"https:\/\/www.helmexpress.com\/mt-stinger-2-core-integralhelm-193054.html\" title=\"MT STINGER 2 CORE Integralhelm schwarz-weiss-orange B0 L\" class=\"product-link\">\n\t\t                        <span class=\"product-image\">\n\t\t                            <img src=\"https:\/\/cdn1.helmexpress.com\/media\/catalog\/product\/m\/t\/mt-stinger-2-core-integralhelm-schwarz-weiss-orange-b0-l-193054sol.jpg\" title=\"MT STINGER 2 CORE Integralhelm schwarz-weiss-orange B0 L\" width=\"165\" height=\"220\"\/>\n\t\t\t\t\t\t\t\t<\/span>\n\t\t                        <div class=\"product-name\"><span>MT STINGER 2 CORE Integralhelm schwarz-weiss-orange B0 L<\/span><\/div>\n\t\t                        \t\t                        \t                        \t<div class=\"price-box clearfix\">\n\t\t                        \t\t\t\t\t\t\t\t\t<p class=\"old-price\">\n\t\t\t\t\t\t\t\t\t\t<span class=\"price-label\">statt<\/span>\n\t\t\t\t\t\t\t\t\t\t<span class=\"price\" id=\"old-price-163881\">\n\t\t\t\t\t\t\t\t\t\t\t109,95 \u20ac\t\t\t\t\t\t\t\t\t\t<\/span>\n\t\t\t\t\t\t\t\t\t<\/p>\n\t\t                        \t<p class=\"special-price\">\n\t\t                \t\t\t\t<span class=\"price-label\">nur<\/span>\n\t\t                \t\t\t\t<span class=\"price\" id=\"product-price-163881\">\n\t\t                \t\t\t\t\t87,96 \u20ac\t\t                \t\t\t\t\t<span class=\"price-hint\">*<\/span>\n\t\t                \t\t\t\t<\/span>\n\t\t\t\t\t\t\t\t\t<\/p>\n\t\t\t\t\t\t\t\t\t\t\t\t\t\t\t\t\t<\/div>\n\t\t\t\t\t\t\t<\/a>\n\t\t\t\t\t\t<\/div>                  \n\t\t            <\/div>\n\t            <\/div>\n            \t\t\t\t\t<div class=\"item\">\n\t\t\t\t\t<div class=\"col-xs-4 col-md-3 product\" id=\"product-171842\">\n\t\t                <div>\n\t\t                    <a href=\"https:\/\/www.helmexpress.com\/ls2-ff820-rapid-iii-flow-integralhelm-700043389.html\" title=\"LS2 FF820 RAPID III FLOW Integralhelm schwarz-multi S\" class=\"product-link\">\n\t\t                        <span class=\"product-image\">\n\t\t                            <img src=\"https:\/\/cdn1.helmexpress.com\/media\/catalog\/product\/L\/S\/LS2_1682003126937449100982_7.png\" title=\"LS2 FF820 RAPID III FLOW Integralhelm schwarz-multi S\" width=\"165\" height=\"220\"\/>\n\t\t\t\t\t\t\t\t<\/span>\n\t\t                        <div class=\"product-name\"><span>LS2 FF820 RAPID III FLOW Integralhelm schwarz-multi S<\/span><\/div>\n\t\t                        \t\t                        <div class=\"new\">\n\t\t                        \t<div class=\"new-inner\">Neu<\/div>\n\t\t                        <\/div>\n\t\t                        \t\t                        \t                        \t<div class=\"price-box clearfix\">\n\t\t                        \t\t\t\t\t\t\t\t\t<span class=\"regular-price\" id=\"product-price-171842\">\n\t                        \t\t\t<span class=\"price\">\n\t                        \t\t\t\t118,90 \u20ac\t                        \t\t\t\t<span class=\"price-hint\">*<\/span>\n\t                                \t<\/span>\n\t                                <\/span>\n\t\t\t\t\t\t\t\t\t\t\t\t\t\t\t\t\t<\/div>\n\t\t\t\t\t\t\t<\/a>\n\t\t\t\t\t\t<\/div>                  \n\t\t            <\/div>\n\t            <\/div>\n            \t\t\t\t\t<div class=\"item\">\n\t\t\t\t\t<div class=\"col-xs-4 col-md-3 product\" id=\"product-75477\">\n\t\t                <div>\n\t\t                    <a href=\"https:\/\/www.helmexpress.com\/shark-spartan-rs-blank-sp-matt-integralhelm-102484.html\" title=\"SHARK SPARTAN RS BLANK SP MATT Integralhelm matt schwarz-rot M\" class=\"product-link\">\n\t\t                        <span class=\"product-image\">\n\t\t                            <img src=\"https:\/\/cdn1.helmexpress.com\/media\/catalog\/product\/s\/h\/shark-spartan-rs-blank-sp-matt-integralhelm-matt-schwarz-rot-m-102484srm_5.jpg\" title=\"SHARK SPARTAN RS BLANK SP MATT Integralhelm matt schwarz-rot M\" width=\"165\" height=\"220\"\/>\n\t\t\t\t\t\t\t\t<\/span>\n\t\t                        <div class=\"product-name\"><span>SHARK SPARTAN RS BLANK SP MATT Integralhelm matt schwarz-rot M<\/span><\/div>\n\t\t                        \t\t                        \t                        \t<div class=\"price-box clearfix\">\n\t\t                        \t\t\t\t\t\t\t\t\t<p class=\"old-price\">\n\t\t\t\t\t\t\t\t\t\t<span class=\"price-label\">statt<\/span>\n\t\t\t\t\t\t\t\t\t\t<span class=\"price\" id=\"old-price-75477\">\n\t\t\t\t\t\t\t\t\t\t\t359,99 \u20ac\t\t\t\t\t\t\t\t\t\t<\/span>\n\t\t\t\t\t\t\t\t\t<\/p>\n\t\t                        \t<p class=\"special-price\">\n\t\t                \t\t\t\t<span class=\"price-label\">nur<\/span>\n\t\t                \t\t\t\t<span class=\"price\" id=\"product-price-75477\">\n\t\t                \t\t\t\t\t323,99 \u20ac\t\t                \t\t\t\t\t<span class=\"price-hint\">*<\/span>\n\t\t                \t\t\t\t<\/span>\n\t\t\t\t\t\t\t\t\t<\/p>\n\t\t\t\t\t\t\t\t\t\t\t\t\t\t\t\t\t<\/div>\n\t\t\t\t\t\t\t<\/a>\n\t\t\t\t\t\t<\/div>                  \n\t\t            <\/div>\n\t            <\/div>\n            \t\t\t\t\t<div class=\"item\">\n\t\t\t\t\t<div class=\"col-xs-4 col-md-3 product\" id=\"product-149794\">\n\t\t                <div>\n\t\t                    <a href=\"https:\/\/www.helmexpress.com\/mt-targo-s-joke-integralhelm-193008.html\" title=\"MT TARGO S JOKE glanz dekor M\" class=\"product-link\">\n\t\t                        <span class=\"product-image\">\n\t\t                            <img src=\"https:\/\/cdn1.helmexpress.com\/media\/catalog\/product\/m\/t\/mt-targo-s-joke-glanz-dekor-m-193008gdm.jpg\" title=\"MT TARGO S JOKE glanz dekor M\" width=\"165\" height=\"220\"\/>\n\t\t\t\t\t\t\t\t<\/span>\n\t\t                        <div class=\"product-name\"><span>MT TARGO S JOKE glanz dekor M<\/span><\/div>\n\t\t                        \t\t                        \t                        \t<div class=\"price-box clearfix\">\n\t\t                        \t\t\t\t\t\t\t\t\t<p class=\"old-price\">\n\t\t\t\t\t\t\t\t\t\t<span class=\"price-label\">statt<\/span>\n\t\t\t\t\t\t\t\t\t\t<span class=\"price\" id=\"old-price-149794\">\n\t\t\t\t\t\t\t\t\t\t\t129,95 \u20ac\t\t\t\t\t\t\t\t\t\t<\/span>\n\t\t\t\t\t\t\t\t\t<\/p>\n\t\t                        \t<p class=\"special-price\">\n\t\t                \t\t\t\t<span class=\"price-label\">nur<\/span>\n\t\t                \t\t\t\t<span class=\"price\" id=\"product-price-149794\">\n\t\t                \t\t\t\t\t103,96 \u20ac\t\t                \t\t\t\t\t<span class=\"price-hint\">*<\/span>\n\t\t                \t\t\t\t<\/span>\n\t\t\t\t\t\t\t\t\t<\/p>\n\t\t\t\t\t\t\t\t\t\t\t\t\t\t\t\t\t<\/div>\n\t\t\t\t\t\t\t<\/a>\n\t\t\t\t\t\t<\/div>                  \n\t\t            <\/div>\n\t            <\/div>\n            \t\t\t\t\t<div class=\"item\">\n\t\t\t\t\t<div class=\"col-xs-4 col-md-3 product\" id=\"product-153069\">\n\t\t                <div>\n\t\t                    <a href=\"https:\/\/www.helmexpress.com\/caberg-tanami-scram-integralhelm-106229.html\" title=\"CABERG TANAMI SCRAM Integralhelm schwarz-blau-hellblau-rot L\" class=\"product-link\">\n\t\t                        <span class=\"product-image\">\n\t\t                            <img src=\"https:\/\/cdn1.helmexpress.com\/media\/catalog\/product\/c\/a\/caberg-tanami-scram-integralhelm-schwarz-blau-hellblau-rot-l-106229sbl.jpg\" title=\"CABERG TANAMI SCRAM Integralhelm schwarz-blau-hellblau-rot L\" width=\"165\" height=\"220\"\/>\n\t\t\t\t\t\t\t\t<\/span>\n\t\t                        <div class=\"product-name\"><span>CABERG TANAMI SCRAM Integralhelm schwarz-blau-hellblau-rot L<\/span><\/div>\n\t\t                        \t\t                        \t                        \t<div class=\"price-box clearfix\">\n\t\t                        \t\t\t\t\t\t\t\t\t<p class=\"old-price\">\n\t\t\t\t\t\t\t\t\t\t<span class=\"price-label\">statt<\/span>\n\t\t\t\t\t\t\t\t\t\t<span class=\"price\" id=\"old-price-153069\">\n\t\t\t\t\t\t\t\t\t\t\t399,99 \u20ac\t\t\t\t\t\t\t\t\t\t<\/span>\n\t\t\t\t\t\t\t\t\t<\/p>\n\t\t                        \t<p class=\"special-price\">\n\t\t                \t\t\t\t<span class=\"price-label\">nur<\/span>\n\t\t                \t\t\t\t<span class=\"price\" id=\"product-price-153069\">\n\t\t                \t\t\t\t\t359,99 \u20ac\t\t                \t\t\t\t\t<span class=\"price-hint\">*<\/span>\n\t\t                \t\t\t\t<\/span>\n\t\t\t\t\t\t\t\t\t<\/p>\n\t\t\t\t\t\t\t\t\t\t\t\t\t\t\t\t\t<\/div>\n\t\t\t\t\t\t\t<\/a>\n\t\t\t\t\t\t<\/div>                  \n\t\t            <\/div>\n\t            <\/div>\n            \t\t\t\t\t<div class=\"item\">\n\t\t\t\t\t<div class=\"col-xs-4 col-md-3 product\" id=\"product-171802\">\n\t\t                <div>\n\t\t                    <a href=\"https:\/\/www.helmexpress.com\/ls2-ff808-stream-ii-mika-integralhelm-700043344.html\" title=\"LS2 FF808 STREAM II MIKA Integralhelm matt schwarz-blau 3XL\" class=\"product-link\">\n\t\t                        <span class=\"product-image\">\n\t\t                            <img src=\"https:\/\/cdn1.helmexpress.com\/media\/catalog\/product\/L\/S\/LS2_1680838256942141789533_11.png\" title=\"LS2 FF808 STREAM II MIKA Integralhelm matt schwarz-blau 3XL\" width=\"165\" height=\"220\"\/>\n\t\t\t\t\t\t\t\t<\/span>\n\t\t                        <div class=\"product-name\"><span>LS2 FF808 STREAM II MIKA Integralhelm matt schwarz-blau 3XL<\/span><\/div>\n\t\t                        \t\t                        <div class=\"new\">\n\t\t                        \t<div class=\"new-inner\">Neu<\/div>\n\t\t                        <\/div>\n\t\t                        \t\t                        \t                        \t<div class=\"price-box clearfix\">\n\t\t                        \t\t\t\t\t\t\t\t\t<span class=\"regular-price\" id=\"product-price-171802\">\n\t                        \t\t\t<span class=\"price\">\n\t                        \t\t\t\t148,90 \u20ac\t                        \t\t\t\t<span class=\"price-hint\">*<\/span>\n\t                                \t<\/span>\n\t                                <\/span>\n\t\t\t\t\t\t\t\t\t\t\t\t\t\t\t\t\t<\/div>\n\t\t\t\t\t\t\t<\/a>\n\t\t\t\t\t\t<\/div>                  \n\t\t            <\/div>\n\t            <\/div>\n            \t            \t<div class=\"item\">\n\t            \t<div class=\"col-xs-4 col-md-3 product more\">\n\t\t                <div>\n\t            \t\t\t<a href=\"https:\/\/www.helmexpress.com\/integralhelme\" class=\"product-link\" target=\"_blank\">\n\t            \t\t\t\tAlle Integralhelme bei helmexpress.com\t            \t\t\t<\/a>\n\t            \t\t<\/div>\n\t            \t<\/div>\n\t            <\/div>\n            \t\t\t            \t\t<\/div>\n\t\t        \t\t<\/div>\n\t\t        \t\t\t\t        \t\t<a data-slide=\"prev\" href=\"javascript:void(0)\" class=\"left carousel-control hidden\"><i class=\"fa fa-caret-left\"><\/i><\/a>\n\t\t      \t\t\t<a data-slide=\"next\" href=\"javascript:void(0)\" class=\"right carousel-control\"><i class=\"fa fa-caret-right\"><\/i><\/a>\n\t\t      \t\t\t\t\t\t\t\t<\/div>\n\t\t\t\t<\/div>\n\t\t\t<\/div>\n            \n<h3 id=\"klapphelm\">Der richtige Motorradhelm f\u00fcr Brillentr\u00e4ger: Klapphelm<\/h3>\n<div id=\"attachment_156\" style=\"width: 310px\" class=\"wp-caption alignright\"><img aria-describedby=\"caption-attachment-156\" loading=\"lazy\" class=\"size-medium wp-image-156 img-responsive\" src=\"https:\/\/www.helmexpress.com\/magazin\/wp-content\/uploads\/2018\/01\/Klapphelm-300x266.jpg\" alt=\"Klapphelm gr\u00fcn\" width=\"300\" height=\"266\" srcset=\"https:\/\/www.helmexpress.com\/magazin\/wp-content\/uploads\/2018\/01\/Klapphelm-300x266.jpg 300w, https:\/\/www.helmexpress.com\/magazin\/wp-content\/uploads\/2018\/01\/Klapphelm.jpg 494w\" sizes=\"(max-width: 300px) 100vw, 300px\" \/><p id=\"caption-attachment-156\" class=\"wp-caption-text\">Klapphelme sind f\u00fcr Motorradfahrer besonders komfortabel.<\/p><\/div>\n<p>Ein Klapphelm \u00e4hnelt grunds\u00e4tzlich dem Integralhelm \u2013 mit einem entscheidenden Unterschied: Beim <a href=\"https:\/\/www.helmexpress.com\/klapphelme\" target=\"_blank\" rel=\"noopener\">Klapphelm<\/a> kann, wie der Name schon sagt, das Kinnteil nach oben geklappt werden. Diese Helmbauart erfreut sich einer immer gr\u00f6\u00dfer werdenden Beliebtheit.<\/p>\n<p>Bei einem Blick auf die Vorteile des Helms ist das durchaus verst\u00e4ndlich. Beim Tankstop oder zum Essen ist es damit nicht unbedingt n\u00f6tig, den Helm abzunehmen. Stattdessen kann das Kinnteil mit einem einfachen Handgriff nach oben geschoben werden. Auch als Touring-Helm sind die Klapphelme beliebt. Wichtig: Bei der Fahrt muss das Kinnteil geschlossen sein.<\/p>\n<p>Neben diesem Komfort ist der Klapphelm auch f\u00fcr Brillentr\u00e4ger besonders geeignet, da die Klappfunktion das Aufsetzen des Helmes auch mit Brille erlaubt. Bei einem Sturz kann die bewegliche Kinnpartie des Klapphelms aber auch zum Nachteil werden. Sie kann aufgrund der mobilen Bauteile den Schutz verringern, wenn das Kinnteil beim Sturz beispielsweise abbricht oder verschoben wird. Wichtig ist daher, auf ein solides Kinnteil zu achten.<\/p>\n<h4>Vorteile und Nachteile der Klapphelme auf einen Blick:<\/h4>\n<table>\n<tbody>\n<tr>\n<td width=\"302\">+ praktisch und komfortabel<\/td>\n<td width=\"302\">&#8211; bewegliches Kinnteil kann Schutz verringern<\/td>\n<\/tr>\n<tr>\n<td width=\"302\">+ sicherer Schutz<\/td>\n<td width=\"302\">&#8211; teilweise schwerer als Integralhelme<\/td>\n<\/tr>\n<tr>\n<td width=\"302\">+ erleichtert Erste Hilfe f\u00fcr Laien<\/td>\n<td width=\"302\">&#8211; meist lauter als ein Integralhelm<\/td>\n<\/tr>\n<\/tbody>\n<\/table>\n<h4>Zu unserer Auswahl an komfortablen Klapphelmem<\/h4>\n\t\t\t<link rel=\"stylesheet\" type=\"text\/css\" href=\"https:\/\/www.helmexpress.com\/magazin\/wp-content\/plugins\/helmexpress-products\/style.css\"\/>\n\t\t\t<div class=\"products-grid container\">\n\t\t\t  <div class=\"row\">\n\t\t\t    <div class=\"col-md-12\">\n\t\t\t      <div class=\"carousel slide hxCarousel\" id=\"hxCarousel-8fd59dafa45b3e1cf76326ac5a60fa43\">\n\t\t\t      \t<div class=\"carousel-inner\">\n\t\t\t\t\t\t\t<div class=\"item active\">\n\t\t\t\t\t<div class=\"col-xs-4 col-md-3 product\" id=\"product-157956\">\n\t\t                <div>\n\t\t                    <a href=\"https:\/\/www.helmexpress.com\/ls2-ff910-advant-ii-astral-klapphelm-700034508.html\" title=\"LS2 FF910 ADVANT II ASTRAL Klapphelm rot-schwarz XS\" class=\"product-link\">\n\t\t                        <span class=\"product-image\">\n\t\t                            <img src=\"https:\/\/cdn1.helmexpress.com\/media\/catalog\/product\/L\/S\/LS2_5691020326942141779671.jpg\" title=\"LS2 FF910 ADVANT II ASTRAL Klapphelm rot-schwarz XS\" width=\"165\" height=\"220\"\/>\n\t\t\t\t\t\t\t\t<\/span>\n\t\t                        <div class=\"product-name\"><span>LS2 FF910 ADVANT II ASTRAL Klapphelm rot-schwarz XS<\/span><\/div>\n\t\t                        \t\t                        \t                        \t<div class=\"price-box clearfix\">\n\t\t                        \t\t\t\t\t\t\t\t\t<span class=\"regular-price\" id=\"product-price-157956\">\n\t                        \t\t\t<span class=\"price\">\n\t                        \t\t\t\t368,90 \u20ac\t                        \t\t\t\t<span class=\"price-hint\">*<\/span>\n\t                                \t<\/span>\n\t                                <\/span>\n\t\t\t\t\t\t\t\t\t\t\t\t\t\t\t\t\t<\/div>\n\t\t\t\t\t\t\t<\/a>\n\t\t\t\t\t\t<\/div>                  \n\t\t            <\/div>\n\t            <\/div>\n            \t\t\t\t\t<div class=\"item\">\n\t\t\t\t\t<div class=\"col-xs-4 col-md-3 product\" id=\"product-107420\">\n\t\t                <div>\n\t\t                    <a href=\"https:\/\/www.helmexpress.com\/bell-bullitt-solid-integralhelm-163006.html\" title=\"BELL BULLITT SOLID Integralhelm matt schwarz S\" class=\"product-link\">\n\t\t                        <span class=\"product-image\">\n\t\t                            <img src=\"https:\/\/cdn1.helmexpress.com\/media\/catalog\/product\/b\/e\/bell-bullitt-solid-integralhelm-matt-schwarz-s-163006mss_1.jpg\" title=\"BELL BULLITT SOLID Integralhelm matt schwarz S\" width=\"165\" height=\"220\"\/>\n\t\t\t\t\t\t\t\t<\/span>\n\t\t                        <div class=\"product-name\"><span>BELL BULLITT SOLID Integralhelm matt schwarz S<\/span><\/div>\n\t\t                        \t\t                        \t                        \t<div class=\"price-box clearfix\">\n\t\t                        \t\t\t\t\t\t\t\t\t<p class=\"old-price\">\n\t\t\t\t\t\t\t\t\t\t<span class=\"price-label\">statt<\/span>\n\t\t\t\t\t\t\t\t\t\t<span class=\"price\" id=\"old-price-107420\">\n\t\t\t\t\t\t\t\t\t\t\t499,90 \u20ac\t\t\t\t\t\t\t\t\t\t<\/span>\n\t\t\t\t\t\t\t\t\t<\/p>\n\t\t                        \t<p class=\"special-price\">\n\t\t                \t\t\t\t<span class=\"price-label\">nur<\/span>\n\t\t                \t\t\t\t<span class=\"price\" id=\"product-price-107420\">\n\t\t                \t\t\t\t\t449,90 \u20ac\t\t                \t\t\t\t\t<span class=\"price-hint\">*<\/span>\n\t\t                \t\t\t\t<\/span>\n\t\t\t\t\t\t\t\t\t<\/p>\n\t\t\t\t\t\t\t\t\t\t\t\t\t\t\t\t\t<\/div>\n\t\t\t\t\t\t\t<\/a>\n\t\t\t\t\t\t<\/div>                  \n\t\t            <\/div>\n\t            <\/div>\n            \t\t\t\t\t<div class=\"item\">\n\t\t\t\t\t<div class=\"col-xs-4 col-md-3 product\" id=\"product-152917\">\n\t\t                <div>\n\t\t                    <a href=\"https:\/\/www.helmexpress.com\/caberg-levo-x-elite-klapphelm-106226.html\" title=\"CABERG LEVO X ELITE Klapphelm matt schwarz-grau-fluo gelb L\" class=\"product-link\">\n\t\t                        <span class=\"product-image\">\n\t\t                            <img src=\"https:\/\/cdn1.helmexpress.com\/media\/catalog\/product\/c\/a\/caberg-levo-x-elite-klapphelm-matt-schwarz-grau-fluo-gelb-l-106226sgl.jpg\" title=\"CABERG LEVO X ELITE Klapphelm matt schwarz-grau-fluo gelb L\" width=\"165\" height=\"220\"\/>\n\t\t\t\t\t\t\t\t<\/span>\n\t\t                        <div class=\"product-name\"><span>CABERG LEVO X ELITE Klapphelm matt schwarz-grau-fluo gelb L<\/span><\/div>\n\t\t                        \t\t                        \t                        \t<div class=\"price-box clearfix\">\n\t\t                        \t\t\t\t\t\t\t\t\t<p class=\"old-price\">\n\t\t\t\t\t\t\t\t\t\t<span class=\"price-label\">statt<\/span>\n\t\t\t\t\t\t\t\t\t\t<span class=\"price\" id=\"old-price-152917\">\n\t\t\t\t\t\t\t\t\t\t\t459,99 \u20ac\t\t\t\t\t\t\t\t\t\t<\/span>\n\t\t\t\t\t\t\t\t\t<\/p>\n\t\t                        \t<p class=\"special-price\">\n\t\t                \t\t\t\t<span class=\"price-label\">nur<\/span>\n\t\t                \t\t\t\t<span class=\"price\" id=\"product-price-152917\">\n\t\t                \t\t\t\t\t409,99 \u20ac\t\t                \t\t\t\t\t<span class=\"price-hint\">*<\/span>\n\t\t                \t\t\t\t<\/span>\n\t\t\t\t\t\t\t\t\t<\/p>\n\t\t\t\t\t\t\t\t\t\t\t\t\t\t\t\t\t<\/div>\n\t\t\t\t\t\t\t<\/a>\n\t\t\t\t\t\t<\/div>                  \n\t\t            <\/div>\n\t            <\/div>\n            \t\t\t\t\t<div class=\"item\">\n\t\t\t\t\t<div class=\"col-xs-4 col-md-3 product\" id=\"product-144659\">\n\t\t                <div>\n\t\t                    <a href=\"https:\/\/www.helmexpress.com\/shoei-neotec-3-matt-klapphelm-121152.html\" title=\"SHOEI NEOTEC 3 MATT Klapphelm matt deep grau S\" class=\"product-link\">\n\t\t                        <span class=\"product-image\">\n\t\t                            <img src=\"https:\/\/cdn1.helmexpress.com\/media\/catalog\/product\/s\/h\/shoei-neotec-3-matt-klapphelm-matt-deep-grau-s-121152mgs.jpg\" title=\"SHOEI NEOTEC 3 MATT Klapphelm matt deep grau S\" width=\"165\" height=\"220\"\/>\n\t\t\t\t\t\t\t\t<\/span>\n\t\t                        <div class=\"product-name\"><span>SHOEI NEOTEC 3 MATT Klapphelm matt deep grau S<\/span><\/div>\n\t\t                        \t\t                        \t                        \t<div class=\"price-box clearfix\">\n\t\t                        \t\t\t\t\t\t\t\t\t<span class=\"regular-price\" id=\"product-price-144659\">\n\t                        \t\t\t<span class=\"price\">\n\t                        \t\t\t\t699,00 \u20ac\t                        \t\t\t\t<span class=\"price-hint\">*<\/span>\n\t                                \t<\/span>\n\t                                <\/span>\n\t\t\t\t\t\t\t\t\t\t\t\t\t\t\t\t\t<\/div>\n\t\t\t\t\t\t\t<\/a>\n\t\t\t\t\t\t<\/div>                  \n\t\t            <\/div>\n\t            <\/div>\n            \t\t\t\t\t<div class=\"item\">\n\t\t\t\t\t<div class=\"col-xs-4 col-md-3 product\" id=\"product-152908\">\n\t\t                <div>\n\t\t                    <a href=\"https:\/\/www.helmexpress.com\/caberg-levo-x-elite-klapphelm-106226.html\" title=\"CABERG LEVO X ELITE Klapphelm matt schwarz-grau-fluo gelb XXL\" class=\"product-link\">\n\t\t                        <span class=\"product-image\">\n\t\t                            <img src=\"https:\/\/cdn1.helmexpress.com\/media\/catalog\/product\/c\/a\/caberg-levo-x-elite-klapphelm-matt-schwarz-grau-fluo-gelb-xxl-106226sgxxl.jpg\" title=\"CABERG LEVO X ELITE Klapphelm matt schwarz-grau-fluo gelb XXL\" width=\"165\" height=\"220\"\/>\n\t\t\t\t\t\t\t\t<\/span>\n\t\t                        <div class=\"product-name\"><span>CABERG LEVO X ELITE Klapphelm matt schwarz-grau-fluo gelb XXL<\/span><\/div>\n\t\t                        \t\t                        \t                        \t<div class=\"price-box clearfix\">\n\t\t                        \t\t\t\t\t\t\t\t\t<p class=\"old-price\">\n\t\t\t\t\t\t\t\t\t\t<span class=\"price-label\">statt<\/span>\n\t\t\t\t\t\t\t\t\t\t<span class=\"price\" id=\"old-price-152908\">\n\t\t\t\t\t\t\t\t\t\t\t459,99 \u20ac\t\t\t\t\t\t\t\t\t\t<\/span>\n\t\t\t\t\t\t\t\t\t<\/p>\n\t\t                        \t<p class=\"special-price\">\n\t\t                \t\t\t\t<span class=\"price-label\">nur<\/span>\n\t\t                \t\t\t\t<span class=\"price\" id=\"product-price-152908\">\n\t\t                \t\t\t\t\t409,99 \u20ac\t\t                \t\t\t\t\t<span class=\"price-hint\">*<\/span>\n\t\t                \t\t\t\t<\/span>\n\t\t\t\t\t\t\t\t\t<\/p>\n\t\t\t\t\t\t\t\t\t\t\t\t\t\t\t\t\t<\/div>\n\t\t\t\t\t\t\t<\/a>\n\t\t\t\t\t\t<\/div>                  \n\t\t            <\/div>\n\t            <\/div>\n            \t\t\t\t\t<div class=\"item\">\n\t\t\t\t\t<div class=\"col-xs-4 col-md-3 product\" id=\"product-121381\">\n\t\t                <div>\n\t\t                    <a href=\"https:\/\/www.helmexpress.com\/agv-streetmodular-resia-klapphelm-131079.html\" title=\"AGV STREETMODULAR RESIA Klapphelm matt schwarz-grau S\" class=\"product-link\">\n\t\t                        <span class=\"product-image\">\n\t\t                            <img src=\"https:\/\/cdn1.helmexpress.com\/media\/catalog\/product\/a\/g\/agv-streetmodular-resia-klapphelm-matt-schwarz-grau-s-131079sgs.jpg\" title=\"AGV STREETMODULAR RESIA Klapphelm matt schwarz-grau S\" width=\"165\" height=\"220\"\/>\n\t\t\t\t\t\t\t\t<\/span>\n\t\t                        <div class=\"product-name\"><span>AGV STREETMODULAR RESIA Klapphelm matt schwarz-grau S<\/span><\/div>\n\t\t                        \t\t                        \t                        \t<div class=\"price-box clearfix\">\n\t\t                        \t\t\t\t\t\t\t\t\t<p class=\"old-price\">\n\t\t\t\t\t\t\t\t\t\t<span class=\"price-label\">statt<\/span>\n\t\t\t\t\t\t\t\t\t\t<span class=\"price\" id=\"old-price-121381\">\n\t\t\t\t\t\t\t\t\t\t\t349,90 \u20ac\t\t\t\t\t\t\t\t\t\t<\/span>\n\t\t\t\t\t\t\t\t\t<\/p>\n\t\t                        \t<p class=\"special-price\">\n\t\t                \t\t\t\t<span class=\"price-label\">nur<\/span>\n\t\t                \t\t\t\t<span class=\"price\" id=\"product-price-121381\">\n\t\t                \t\t\t\t\t314,91 \u20ac\t\t                \t\t\t\t\t<span class=\"price-hint\">*<\/span>\n\t\t                \t\t\t\t<\/span>\n\t\t\t\t\t\t\t\t\t<\/p>\n\t\t\t\t\t\t\t\t\t\t\t\t\t\t\t\t\t<\/div>\n\t\t\t\t\t\t\t<\/a>\n\t\t\t\t\t\t<\/div>                  \n\t\t            <\/div>\n\t            <\/div>\n            \t\t\t\t\t<div class=\"item\">\n\t\t\t\t\t<div class=\"col-xs-4 col-md-3 product\" id=\"product-73052\">\n\t\t                <div>\n\t\t                    <a href=\"https:\/\/www.helmexpress.com\/schuberth-c5-eclipse-klapphelm-101114.html\" title=\"SCHUBERTH C5 ECLIPSE Klapphelm rot 63\" class=\"product-link\">\n\t\t                        <span class=\"product-image\">\n\t\t                            <img src=\"https:\/\/cdn1.helmexpress.com\/media\/catalog\/product\/s\/c\/schuberth-c5-eclipse-klapphelm-rot-63-101114roxxl_5.jpg\" title=\"SCHUBERTH C5 ECLIPSE Klapphelm rot 63\" width=\"165\" height=\"220\"\/>\n\t\t\t\t\t\t\t\t<\/span>\n\t\t                        <div class=\"product-name\"><span>SCHUBERTH C5 ECLIPSE Klapphelm rot 63<\/span><\/div>\n\t\t                        \t\t                        \t                        \t<div class=\"price-box clearfix\">\n\t\t                        \t\t\t\t\t\t\t\t\t<p class=\"old-price\">\n\t\t\t\t\t\t\t\t\t\t<span class=\"price-label\">statt<\/span>\n\t\t\t\t\t\t\t\t\t\t<span class=\"price\" id=\"old-price-73052\">\n\t\t\t\t\t\t\t\t\t\t\t799,00 \u20ac\t\t\t\t\t\t\t\t\t\t<\/span>\n\t\t\t\t\t\t\t\t\t<\/p>\n\t\t                        \t<p class=\"special-price\">\n\t\t                \t\t\t\t<span class=\"price-label\">nur<\/span>\n\t\t                \t\t\t\t<span class=\"price\" id=\"product-price-73052\">\n\t\t                \t\t\t\t\t559,00 \u20ac\t\t                \t\t\t\t\t<span class=\"price-hint\">*<\/span>\n\t\t                \t\t\t\t<\/span>\n\t\t\t\t\t\t\t\t\t<\/p>\n\t\t\t\t\t\t\t\t\t\t\t\t\t\t\t\t\t<\/div>\n\t\t\t\t\t\t\t<\/a>\n\t\t\t\t\t\t<\/div>                  \n\t\t            <\/div>\n\t            <\/div>\n            \t            \t<div class=\"item\">\n\t            \t<div class=\"col-xs-4 col-md-3 product more\">\n\t\t                <div>\n\t            \t\t\t<a href=\"https:\/\/www.helmexpress.com\/klapphelme\" class=\"product-link\" target=\"_blank\">\n\t            \t\t\t\tAlle Klapphelme bei helmexpress.com\t            \t\t\t<\/a>\n\t            \t\t<\/div>\n\t            \t<\/div>\n\t            <\/div>\n            \t\t\t            \t\t<\/div>\n\t\t        \t\t<\/div>\n\t\t        \t\t\t\t        \t\t<a data-slide=\"prev\" href=\"javascript:void(0)\" class=\"left carousel-control hidden\"><i class=\"fa fa-caret-left\"><\/i><\/a>\n\t\t      \t\t\t<a data-slide=\"next\" href=\"javascript:void(0)\" class=\"right carousel-control\"><i class=\"fa fa-caret-right\"><\/i><\/a>\n\t\t      \t\t\t\t\t\t\t\t<\/div>\n\t\t\t\t<\/div>\n\t\t\t<\/div>\n            \n<h3 id=\"endurohelm\">Coole Motorradhelme mit Offroad Vorteilen: Motocross- und Enduro Helm<\/h3>\n<div id=\"attachment_159\" style=\"width: 256px\" class=\"wp-caption alignright\"><img aria-describedby=\"caption-attachment-159\" loading=\"lazy\" class=\"wp-image-159 img-responsive\" src=\"https:\/\/www.helmexpress.com\/magazin\/wp-content\/uploads\/2018\/01\/Crosshelm-mit-150x150.jpg\" alt=\"Endurohelm rot\" width=\"246\" height=\"250\" srcset=\"https:\/\/www.helmexpress.com\/magazin\/wp-content\/uploads\/2018\/01\/Crosshelm-mit-296x300.jpg 296w, https:\/\/www.helmexpress.com\/magazin\/wp-content\/uploads\/2018\/01\/Crosshelm-mit.jpg 468w\" sizes=\"(max-width: 246px) 100vw, 246px\" \/><p id=\"caption-attachment-159\" class=\"wp-caption-text\">Es gibt auch Crosshelme mit integriertem Visier.<\/p><\/div>\n<div id=\"attachment_158\" style=\"width: 209px\" class=\"wp-caption alignleft\"><img aria-describedby=\"caption-attachment-158\" loading=\"lazy\" class=\"wp-image-158 img-responsive\" src=\"https:\/\/www.helmexpress.com\/magazin\/wp-content\/uploads\/2018\/01\/Crosshelm-ohne-239x300.jpg\" alt=\"Crosshelm blau orange\" width=\"199\" height=\"250\" srcset=\"https:\/\/www.helmexpress.com\/magazin\/wp-content\/uploads\/2018\/01\/Crosshelm-ohne-239x300.jpg 239w, https:\/\/www.helmexpress.com\/magazin\/wp-content\/uploads\/2018\/01\/Crosshelm-ohne.jpg 460w\" sizes=\"(max-width: 199px) 100vw, 199px\" \/><p id=\"caption-attachment-158\" class=\"wp-caption-text\">Crosshelme werden \u00fcberlicherweise mit einer zus\u00e4tzlichen Motorrad-Brille getragen.<\/p><\/div>\n<p>Im Offroad Bereich kommen h\u00e4ufig Cross Helme, bzw. Enduro Helme, zum Einsatz. Die auff\u00e4llige und abstehende Kinnpartie und das bei vielen Modellen angebrachte Schild sind markante Bauteile dieser Helmart.<\/p>\n<p>Die gute Bel\u00fcftung und das gro\u00dfe Sichtfeld sind Vorz\u00fcge dieser Bauart. Eigenschaften, die vor allem bei der angedachten Anwendung auf Cross-Pisten und abseits der Wege, wichtig ist. Aber auch im Stra\u00dfenverkehr finden sich die Endurohelme mit teils sehr auff\u00e4lligen Designs immer \u00f6fter.<\/p>\n<p>\u00dcblicherweise haben <a href=\"https:\/\/www.helmexpress.com\/crosshelme\" target=\"_blank\" rel=\"noopener\">Crosshelme<\/a> kein Visier und werden stattdessen mit einer Brille, die vor Staub, Schmutz und Regen sch\u00fctzen<\/p>\n<p>soll, getragen. Allerdings gibt es mittlerweile auch Modelle, die als Klapphelm konzipiert sind, sowie <a href=\"https:\/\/www.helmexpress.com\/crosshelme-mit-visier\" target=\"_blank\" rel=\"noopener\">Crosshelme mit integriertem Visier<\/a>.<\/p>\n<h4>Vorteile und Nachteile der Crosshelme auf einen Blick:<\/h4>\n<table>\n<tbody>\n<tr>\n<td width=\"302\">+ f\u00fcr Einsatz im Gel\u00e4nde konzipiert<\/td>\n<td width=\"302\">&#8211; nur bedingt f\u00fcr Stra\u00dfenfahrten geeignet<\/td>\n<\/tr>\n<tr>\n<td width=\"302\">+ Luftein- und ausl\u00e4sse sorgen f\u00fcr ideale Bel\u00fcftung<\/td>\n<td width=\"302\">&#8211; wenig Schutz vor K\u00e4lte und Regen<\/td>\n<\/tr>\n<tr>\n<td width=\"302\">+ gro\u00dfes Sichtfeld und guter Schutz<\/td>\n<td width=\"302\">&#8211; vergleichsweise laut<\/td>\n<\/tr>\n<\/tbody>\n<\/table>\n<h4>Mit unseren Motocross-Helmen ab ins Gel\u00e4nde<\/h4>\n\t\t\t<link rel=\"stylesheet\" type=\"text\/css\" href=\"https:\/\/www.helmexpress.com\/magazin\/wp-content\/plugins\/helmexpress-products\/style.css\"\/>\n\t\t\t<div class=\"products-grid container\">\n\t\t\t  <div class=\"row\">\n\t\t\t    <div class=\"col-md-12\">\n\t\t\t      <div class=\"carousel slide hxCarousel\" id=\"hxCarousel-8fd59dafa45b3e1cf76326ac5a60fa43\">\n\t\t\t      \t<div class=\"carousel-inner\">\n\t\t\t\t\t\t\t<div class=\"item active\">\n\t\t\t\t\t<div class=\"col-xs-4 col-md-3 product\" id=\"product-147773\">\n\t\t                <div>\n\t\t                    <a href=\"https:\/\/www.helmexpress.com\/five-spark-handschuh-608133.html\" title=\"FIVE SPARK Handschuh schwarz 3XL\" class=\"product-link\">\n\t\t                        <span class=\"product-image\">\n\t\t                            <img src=\"https:\/\/cdn1.helmexpress.com\/media\/catalog\/product\/f\/i\/five-spark-handschuh-schwarz-3xl-608133sz3xl.jpg\" title=\"FIVE SPARK Handschuh schwarz 3XL\" width=\"165\" height=\"220\"\/>\n\t\t\t\t\t\t\t\t<\/span>\n\t\t                        <div class=\"product-name\"><span>FIVE SPARK Handschuh schwarz 3XL<\/span><\/div>\n\t\t                        \t\t                        \t                        \t<div class=\"price-box clearfix\">\n\t\t                        \t\t\t\t\t\t\t\t\t<p class=\"old-price\">\n\t\t\t\t\t\t\t\t\t\t<span class=\"price-label\">statt<\/span>\n\t\t\t\t\t\t\t\t\t\t<span class=\"price\" id=\"old-price-147773\">\n\t\t\t\t\t\t\t\t\t\t\t59,90 \u20ac\t\t\t\t\t\t\t\t\t\t<\/span>\n\t\t\t\t\t\t\t\t\t<\/p>\n\t\t                        \t<p class=\"special-price\">\n\t\t                \t\t\t\t<span class=\"price-label\">nur<\/span>\n\t\t                \t\t\t\t<span class=\"price\" id=\"product-price-147773\">\n\t\t                \t\t\t\t\t47,92 \u20ac\t\t                \t\t\t\t\t<span class=\"price-hint\">*<\/span>\n\t\t                \t\t\t\t<\/span>\n\t\t\t\t\t\t\t\t\t<\/p>\n\t\t\t\t\t\t\t\t\t\t\t\t\t\t\t\t\t<\/div>\n\t\t\t\t\t\t\t<\/a>\n\t\t\t\t\t\t<\/div>                  \n\t\t            <\/div>\n\t            <\/div>\n            \t\t\t\t\t<div class=\"item\">\n\t\t\t\t\t<div class=\"col-xs-4 col-md-3 product\" id=\"product-118832\">\n\t\t                <div>\n\t\t                    <a href=\"https:\/\/www.helmexpress.com\/shot-trek-solid-integralhelm-105146.html\" title=\"SHOT TREK SOLID Integralhelm matt schwarz S\" class=\"product-link\">\n\t\t                        <span class=\"product-image\">\n\t\t                            <img src=\"https:\/\/cdn1.helmexpress.com\/media\/catalog\/product\/s\/h\/shot-trek-solid-integralhelm-matt-schwarz-s-105146mss.jpg\" title=\"SHOT TREK SOLID Integralhelm matt schwarz S\" width=\"165\" height=\"220\"\/>\n\t\t\t\t\t\t\t\t<\/span>\n\t\t                        <div class=\"product-name\"><span>SHOT TREK SOLID Integralhelm matt schwarz S<\/span><\/div>\n\t\t                        \t\t                        \t                        \t<div class=\"price-box clearfix\">\n\t\t                        \t\t\t\t\t\t\t\t\t<p class=\"old-price\">\n\t\t\t\t\t\t\t\t\t\t<span class=\"price-label\">statt<\/span>\n\t\t\t\t\t\t\t\t\t\t<span class=\"price\" id=\"old-price-118832\">\n\t\t\t\t\t\t\t\t\t\t\t169,99 \u20ac\t\t\t\t\t\t\t\t\t\t<\/span>\n\t\t\t\t\t\t\t\t\t<\/p>\n\t\t                        \t<p class=\"special-price\">\n\t\t                \t\t\t\t<span class=\"price-label\">nur<\/span>\n\t\t                \t\t\t\t<span class=\"price\" id=\"product-price-118832\">\n\t\t                \t\t\t\t\t135,99 \u20ac\t\t                \t\t\t\t\t<span class=\"price-hint\">*<\/span>\n\t\t                \t\t\t\t<\/span>\n\t\t\t\t\t\t\t\t\t<\/p>\n\t\t\t\t\t\t\t\t\t\t\t\t\t\t\t\t\t<\/div>\n\t\t\t\t\t\t\t<\/a>\n\t\t\t\t\t\t<\/div>                  \n\t\t            <\/div>\n\t            <\/div>\n            \t\t\t\t\t<div class=\"item\">\n\t\t\t\t\t<div class=\"col-xs-4 col-md-3 product\" id=\"product-140692\">\n\t\t                <div>\n\t\t                    <a href=\"https:\/\/www.helmexpress.com\/held-jump-textilhose-700027848.html\" title=\"HELD Jump Textilhose schwarz 5XL\" class=\"product-link\">\n\t\t                        <span class=\"product-image\">\n\t\t                            <img src=\"https:\/\/cdn1.helmexpress.com\/media\/catalog\/product\/H\/E\/HELD_620004049462870321_9.jpg\" title=\"HELD Jump Textilhose schwarz 5XL\" width=\"165\" height=\"220\"\/>\n\t\t\t\t\t\t\t\t<\/span>\n\t\t                        <div class=\"product-name\"><span>HELD Jump Textilhose schwarz 5XL<\/span><\/div>\n\t\t                        \t\t                        \t                        \t<div class=\"price-box clearfix\">\n\t\t                        \t\t\t\t\t\t\t\t\t<span class=\"regular-price\" id=\"product-price-140692\">\n\t                        \t\t\t<span class=\"price\">\n\t                        \t\t\t\t219,95 \u20ac\t                        \t\t\t\t<span class=\"price-hint\">*<\/span>\n\t                                \t<\/span>\n\t                                <\/span>\n\t\t\t\t\t\t\t\t\t\t\t\t\t\t\t\t\t<\/div>\n\t\t\t\t\t\t\t<\/a>\n\t\t\t\t\t\t<\/div>                  \n\t\t            <\/div>\n\t            <\/div>\n            \t\t\t\t\t<div class=\"item\">\n\t\t\t\t\t<div class=\"col-xs-4 col-md-3 product\" id=\"product-118847\">\n\t\t                <div>\n\t\t                    <a href=\"https:\/\/www.helmexpress.com\/shot-contact-scope-hose-305087.html\" title=\"SHOT CONTACT SCOPE Hose rot-weiss 32\" class=\"product-link\">\n\t\t                        <span class=\"product-image\">\n\t\t                            <img src=\"https:\/\/cdn1.helmexpress.com\/media\/catalog\/product\/s\/h\/shot-contact-scope-hose-rot-weiss-32-305087ro32_1.jpg\" title=\"SHOT CONTACT SCOPE Hose rot-weiss 32\" width=\"165\" height=\"220\"\/>\n\t\t\t\t\t\t\t\t<\/span>\n\t\t                        <div class=\"product-name\"><span>SHOT CONTACT SCOPE Hose rot-weiss 32<\/span><\/div>\n\t\t                        \t\t                        \t                        \t<div class=\"price-box clearfix\">\n\t\t                        \t\t\t\t\t\t\t\t\t<p class=\"old-price\">\n\t\t\t\t\t\t\t\t\t\t<span class=\"price-label\">statt<\/span>\n\t\t\t\t\t\t\t\t\t\t<span class=\"price\" id=\"old-price-118847\">\n\t\t\t\t\t\t\t\t\t\t\t134,99 \u20ac\t\t\t\t\t\t\t\t\t\t<\/span>\n\t\t\t\t\t\t\t\t\t<\/p>\n\t\t                        \t<p class=\"special-price\">\n\t\t                \t\t\t\t<span class=\"price-label\">nur<\/span>\n\t\t                \t\t\t\t<span class=\"price\" id=\"product-price-118847\">\n\t\t                \t\t\t\t\t120,99 \u20ac\t\t                \t\t\t\t\t<span class=\"price-hint\">*<\/span>\n\t\t                \t\t\t\t<\/span>\n\t\t\t\t\t\t\t\t\t<\/p>\n\t\t\t\t\t\t\t\t\t\t\t\t\t\t\t\t\t<\/div>\n\t\t\t\t\t\t\t<\/a>\n\t\t\t\t\t\t<\/div>                  \n\t\t            <\/div>\n\t            <\/div>\n            \t\t\t\t\t<div class=\"item\">\n\t\t\t\t\t<div class=\"col-xs-4 col-md-3 product\" id=\"product-111780\">\n\t\t                <div>\n\t\t                    <a href=\"https:\/\/www.helmexpress.com\/replay-logo-pullover-260010.html\" title=\"REPLAY LOGO Pullover schwarz L\" class=\"product-link\">\n\t\t                        <span class=\"product-image\">\n\t\t                            <img src=\"https:\/\/cdn1.helmexpress.com\/media\/catalog\/product\/r\/e\/replay-logo-pullover-schwarz-l-260010swl_4.jpg\" title=\"REPLAY LOGO Pullover schwarz L\" width=\"165\" height=\"220\"\/>\n\t\t\t\t\t\t\t\t<\/span>\n\t\t                        <div class=\"product-name\"><span>REPLAY LOGO Pullover schwarz L<\/span><\/div>\n\t\t                        \t\t                        \t                        \t<div class=\"price-box clearfix\">\n\t\t                        \t\t\t\t\t\t\t\t\t<p class=\"old-price\">\n\t\t\t\t\t\t\t\t\t\t<span class=\"price-label\">statt<\/span>\n\t\t\t\t\t\t\t\t\t\t<span class=\"price\" id=\"old-price-111780\">\n\t\t\t\t\t\t\t\t\t\t\t98,90 \u20ac\t\t\t\t\t\t\t\t\t\t<\/span>\n\t\t\t\t\t\t\t\t\t<\/p>\n\t\t                        \t<p class=\"special-price\">\n\t\t                \t\t\t\t<span class=\"price-label\">nur<\/span>\n\t\t                \t\t\t\t<span class=\"price\" id=\"product-price-111780\">\n\t\t                \t\t\t\t\t89,90 \u20ac\t\t                \t\t\t\t\t<span class=\"price-hint\">*<\/span>\n\t\t                \t\t\t\t<\/span>\n\t\t\t\t\t\t\t\t\t<\/p>\n\t\t\t\t\t\t\t\t\t\t\t\t\t\t\t\t\t<\/div>\n\t\t\t\t\t\t\t<\/a>\n\t\t\t\t\t\t<\/div>                  \n\t\t            <\/div>\n\t            <\/div>\n            \t\t\t\t\t<div class=\"item\">\n\t\t\t\t\t<div class=\"col-xs-4 col-md-3 product\" id=\"product-92594\">\n\t\t                <div>\n\t\t                    <a href=\"https:\/\/www.helmexpress.com\/sweet-protection-ascender-mips-skitourenhelm-164031.html\" title=\"SWEET PROTECTION ASCENDER MIPS Skitourenhelm gloss flame orange S-M 53-56cm\" class=\"product-link\">\n\t\t                        <span class=\"product-image\">\n\t\t                            <img src=\"https:\/\/cdn1.helmexpress.com\/media\/catalog\/product\/s\/w\/sweet-protection-ascender-mips-skitourenhelm-gloss-flame-orange-s-m-53-56cm-164031gos_5.jpg\" title=\"SWEET PROTECTION ASCENDER MIPS Skitourenhelm gloss flame orange S-M 53-56cm\" width=\"165\" height=\"220\"\/>\n\t\t\t\t\t\t\t\t<\/span>\n\t\t                        <div class=\"product-name\"><span>SWEET PROTECTION ASCENDER MIPS Skitourenhelm gloss flame orange S-M 53-56cm<\/span><\/div>\n\t\t                        \t\t                        \t                        \t<div class=\"price-box clearfix\">\n\t\t                        \t\t\t\t\t\t\t\t\t<p class=\"old-price\">\n\t\t\t\t\t\t\t\t\t\t<span class=\"price-label\">statt<\/span>\n\t\t\t\t\t\t\t\t\t\t<span class=\"price\" id=\"old-price-92594\">\n\t\t\t\t\t\t\t\t\t\t\t229,90 \u20ac\t\t\t\t\t\t\t\t\t\t<\/span>\n\t\t\t\t\t\t\t\t\t<\/p>\n\t\t                        \t<p class=\"special-price\">\n\t\t                \t\t\t\t<span class=\"price-label\">nur<\/span>\n\t\t                \t\t\t\t<span class=\"price\" id=\"product-price-92594\">\n\t\t                \t\t\t\t\t183,92 \u20ac\t\t                \t\t\t\t\t<span class=\"price-hint\">*<\/span>\n\t\t                \t\t\t\t<\/span>\n\t\t\t\t\t\t\t\t\t<\/p>\n\t\t\t\t\t\t\t\t\t\t\t\t\t\t\t\t\t<\/div>\n\t\t\t\t\t\t\t<\/a>\n\t\t\t\t\t\t<\/div>                  \n\t\t            <\/div>\n\t            <\/div>\n            \t\t\t\t\t<div class=\"item\">\n\t\t\t\t\t<div class=\"col-xs-4 col-md-3 product\" id=\"product-64935\">\n\t\t                <div>\n\t\t                    <a href=\"https:\/\/www.helmexpress.com\/evoc-seat-bag-satteltasche-854007.html\" title=\"EVOC SEAT BAG Satteltasche grau S\" class=\"product-link\">\n\t\t                        <span class=\"product-image\">\n\t\t                            <img src=\"https:\/\/cdn1.helmexpress.com\/media\/catalog\/product\/e\/v\/evoc-seat-bag-satteltasche-grau-s-854007gr_13.jpg\" title=\"EVOC SEAT BAG Satteltasche grau S\" width=\"165\" height=\"220\"\/>\n\t\t\t\t\t\t\t\t<\/span>\n\t\t                        <div class=\"product-name\"><span>EVOC SEAT BAG Satteltasche grau S<\/span><\/div>\n\t\t                        \t\t                        \t                        \t<div class=\"price-box clearfix\">\n\t\t                        \t\t\t\t\t\t\t\t\t<p class=\"old-price\">\n\t\t\t\t\t\t\t\t\t\t<span class=\"price-label\">statt<\/span>\n\t\t\t\t\t\t\t\t\t\t<span class=\"price\" id=\"old-price-64935\">\n\t\t\t\t\t\t\t\t\t\t\t19,90 \u20ac\t\t\t\t\t\t\t\t\t\t<\/span>\n\t\t\t\t\t\t\t\t\t<\/p>\n\t\t                        \t<p class=\"special-price\">\n\t\t                \t\t\t\t<span class=\"price-label\">nur<\/span>\n\t\t                \t\t\t\t<span class=\"price\" id=\"product-price-64935\">\n\t\t                \t\t\t\t\t15,92 \u20ac\t\t                \t\t\t\t\t<span class=\"price-hint\">*<\/span>\n\t\t                \t\t\t\t<\/span>\n\t\t\t\t\t\t\t\t\t<\/p>\n\t\t\t\t\t\t\t\t\t\t\t\t\t\t\t\t\t<\/div>\n\t\t\t\t\t\t\t<\/a>\n\t\t\t\t\t\t<\/div>                  \n\t\t            <\/div>\n\t            <\/div>\n            \t            \t<div class=\"item\">\n\t            \t<div class=\"col-xs-4 col-md-3 product more\">\n\t\t                <div>\n\t            \t\t\t<a href=\"https:\/\/www.helmexpress.com\/crosshelme\" class=\"product-link\" target=\"_blank\">\n\t            \t\t\t\tAlle Crosshelme bei helmexpress.com\t            \t\t\t<\/a>\n\t            \t\t<\/div>\n\t            \t<\/div>\n\t            <\/div>\n            \t\t\t            \t\t<\/div>\n\t\t        \t\t<\/div>\n\t\t        \t\t\t\t        \t\t<a data-slide=\"prev\" href=\"javascript:void(0)\" class=\"left carousel-control hidden\"><i class=\"fa fa-caret-left\"><\/i><\/a>\n\t\t      \t\t\t<a data-slide=\"next\" href=\"javascript:void(0)\" class=\"right carousel-control\"><i class=\"fa fa-caret-right\"><\/i><\/a>\n\t\t      \t\t\t\t\t\t\t\t<\/div>\n\t\t\t\t<\/div>\n\t\t\t<\/div>\n            \n<h3 id=\"jethelm\">Erlaubt und vor allem f\u00fcr Chopper beliebt: Halbschalen- und Jethelme<\/h3>\n<div id=\"attachment_170\" style=\"width: 279px\" class=\"wp-caption alignright\"><img aria-describedby=\"caption-attachment-170\" loading=\"lazy\" class=\"wp-image-170 img-responsive\" src=\"https:\/\/www.helmexpress.com\/magazin\/wp-content\/uploads\/2018\/01\/jethelm-150x150.jpg\" alt=\"Jethelm\" width=\"269\" height=\"250\" srcset=\"https:\/\/www.helmexpress.com\/magazin\/wp-content\/uploads\/2018\/01\/jethelm-300x279.jpg 300w, https:\/\/www.helmexpress.com\/magazin\/wp-content\/uploads\/2018\/01\/jethelm.jpg 489w\" sizes=\"(max-width: 269px) 100vw, 269px\" \/><p id=\"caption-attachment-170\" class=\"wp-caption-text\">Jethelme gibt es in den verschiedensten Designs.<\/p><\/div>\n<div id=\"attachment_171\" style=\"width: 266px\" class=\"wp-caption alignleft\"><img aria-describedby=\"caption-attachment-171\" loading=\"lazy\" class=\"wp-image-171 img-responsive\" src=\"https:\/\/www.helmexpress.com\/magazin\/wp-content\/uploads\/2018\/01\/jethelm-mit-150x150.jpg\" alt=\"Jethelm schwarz\" width=\"256\" height=\"250\" srcset=\"https:\/\/www.helmexpress.com\/magazin\/wp-content\/uploads\/2018\/01\/jethelm-mit-300x293.jpg 300w, https:\/\/www.helmexpress.com\/magazin\/wp-content\/uploads\/2018\/01\/jethelm-mit.jpg 497w\" sizes=\"(max-width: 256px) 100vw, 256px\" \/><p id=\"caption-attachment-171\" class=\"wp-caption-text\">Manche Jethelme werden mit einer Maske erg\u00e4nzt.<\/p><\/div>\n<p>Wer davon tr\u00e4umt mit seiner Chopper den Highway entlang zu cruisen, hat dabei wohl einen Halbschalenhelm, auch Jethelm genannt, auf. Fr\u00fcher waren sie die einzige M\u00f6glichkeit, auf dem Roller oder Motorrad den Kopf zu sch\u00fctzen. Und auch heute sch\u00e4tzen viele Biker das Freiheitsgef\u00fchl dieser Helme, wenn der Fahrtwind direkt ins Gesicht weht.<\/p>\n<p><a href=\"https:\/\/www.helmexpress.com\/jethelme\" target=\"_blank\" rel=\"noopener\">Jethelme<\/a>, Halbschalenhelme, Police Helme \u2013 es gibt viele Namen f\u00fcr diese Bauweise, die sich meist nur in Einzelheiten und dem Design unterscheiden. Sie k\u00f6nnen je nach Modell mit integriertem Visier oder mit Brille und teilweise auch mit dazugeh\u00f6riger Maske oder Schirm getragen werden. Sie vereint aber alle, dass sie kein festes Kinnteil haben.<\/p>\n<p>Da die Schutzwirkung des Gesichts, speziell mit offenem Visier, stark eingeschr\u00e4nkt ist, sind Jethelme nur bedingt f\u00fcr Motorradfahrer geeignet. Er gilt allerdings als meistgenutzter Helm f\u00fcr Rollerfahrer oder f\u00fcr Mofa- und Mopedfahrer.<\/p>\n<h4>Vorteile und Nachteile der Jethelme und Halbschalenhelme auf einen Blick:<\/h4>\n<table>\n<tbody>\n<tr>\n<td width=\"302\">+ besonderes Fahrgef\u00fchl<\/td>\n<td width=\"302\">&#8211; fehlender Schutz f\u00fcr Kinn und Gesicht<\/td>\n<\/tr>\n<tr>\n<td width=\"302\">+ freies Sichtfeld<\/td>\n<td width=\"302\">&#8211; eher f\u00fcr Roller- als Motorradfahrer geeignet<\/td>\n<\/tr>\n<tr>\n<td width=\"302\">+ komfortabel auch f\u00fcr Brillentr\u00e4ger<\/td>\n<td width=\"302\">&#8211; lauter als andere Modelle<\/td>\n<\/tr>\n<\/tbody>\n<\/table>\n<h4>Jetzt den passenden Jethelm finden<\/h4>\n\t\t\t<link rel=\"stylesheet\" type=\"text\/css\" href=\"https:\/\/www.helmexpress.com\/magazin\/wp-content\/plugins\/helmexpress-products\/style.css\"\/>\n\t\t\t<div class=\"products-grid container\">\n\t\t\t  <div class=\"row\">\n\t\t\t    <div class=\"col-md-12\">\n\t\t\t      <div class=\"carousel slide hxCarousel\" id=\"hxCarousel-8fd59dafa45b3e1cf76326ac5a60fa43\">\n\t\t\t      \t<div class=\"carousel-inner\">\n\t\t\t\t\t\t\t<div class=\"item active\">\n\t\t\t\t\t<div class=\"col-xs-4 col-md-3 product\" id=\"product-173712\">\n\t\t                <div>\n\t\t                    <a href=\"https:\/\/www.helmexpress.com\/ls2-of558-sphere-lux-ii-maxca-jethelm-700045062.html\" title=\"LS2 OF558 SPHERE LUX II MAXCA Jethelm schwarz-fluo gelb XS\" class=\"product-link\">\n\t\t                        <span class=\"product-image\">\n\t\t                            <img src=\"https:\/\/cdn1.helmexpress.com\/media\/catalog\/product\/L\/S\/LS2_3655873546942141745904.png\" title=\"LS2 OF558 SPHERE LUX II MAXCA Jethelm schwarz-fluo gelb XS\" width=\"165\" height=\"220\"\/>\n\t\t\t\t\t\t\t\t<\/span>\n\t\t                        <div class=\"product-name\"><span>LS2 OF558 SPHERE LUX II MAXCA Jethelm schwarz-fluo gelb XS<\/span><\/div>\n\t\t                        \t\t                        <div class=\"new\">\n\t\t                        \t<div class=\"new-inner\">Neu<\/div>\n\t\t                        <\/div>\n\t\t                        \t\t                        \t                        \t<div class=\"price-box clearfix\">\n\t\t                        \t\t\t\t\t\t\t\t\t<span class=\"regular-price\" id=\"product-price-173712\">\n\t                        \t\t\t<span class=\"price\">\n\t                        \t\t\t\t108,90 \u20ac\t                        \t\t\t\t<span class=\"price-hint\">*<\/span>\n\t                                \t<\/span>\n\t                                <\/span>\n\t\t\t\t\t\t\t\t\t\t\t\t\t\t\t\t\t<\/div>\n\t\t\t\t\t\t\t<\/a>\n\t\t\t\t\t\t<\/div>                  \n\t\t            <\/div>\n\t            <\/div>\n            \t\t\t\t\t<div class=\"item\">\n\t\t\t\t\t<div class=\"col-xs-4 col-md-3 product\" id=\"product-164003\">\n\t\t                <div>\n\t\t                    <a href=\"https:\/\/www.helmexpress.com\/mt-viale-sv-s-tasty-jethelm-193074.html\" title=\"MT VIALE SV S TASTY Jethelm grau-orange C4 M\" class=\"product-link\">\n\t\t                        <span class=\"product-image\">\n\t\t                            <img src=\"https:\/\/cdn1.helmexpress.com\/media\/catalog\/product\/m\/t\/mt-viale-sv-s-tasty-jethelm-grau-orange-c4-m-193074gom.jpg\" title=\"MT VIALE SV S TASTY Jethelm grau-orange C4 M\" width=\"165\" height=\"220\"\/>\n\t\t\t\t\t\t\t\t<\/span>\n\t\t                        <div class=\"product-name\"><span>MT VIALE SV S TASTY Jethelm grau-orange C4 M<\/span><\/div>\n\t\t                        \t\t                        \t                        \t<div class=\"price-box clearfix\">\n\t\t                        \t\t\t\t\t\t\t\t\t<p class=\"old-price\">\n\t\t\t\t\t\t\t\t\t\t<span class=\"price-label\">statt<\/span>\n\t\t\t\t\t\t\t\t\t\t<span class=\"price\" id=\"old-price-164003\">\n\t\t\t\t\t\t\t\t\t\t\t94,95 \u20ac\t\t\t\t\t\t\t\t\t\t<\/span>\n\t\t\t\t\t\t\t\t\t<\/p>\n\t\t                        \t<p class=\"special-price\">\n\t\t                \t\t\t\t<span class=\"price-label\">nur<\/span>\n\t\t                \t\t\t\t<span class=\"price\" id=\"product-price-164003\">\n\t\t                \t\t\t\t\t75,96 \u20ac\t\t                \t\t\t\t\t<span class=\"price-hint\">*<\/span>\n\t\t                \t\t\t\t<\/span>\n\t\t\t\t\t\t\t\t\t<\/p>\n\t\t\t\t\t\t\t\t\t\t\t\t\t\t\t\t\t<\/div>\n\t\t\t\t\t\t\t<\/a>\n\t\t\t\t\t\t<\/div>                  \n\t\t            <\/div>\n\t            <\/div>\n            \t\t\t\t\t<div class=\"item\">\n\t\t\t\t\t<div class=\"col-xs-4 col-md-3 product\" id=\"product-158267\">\n\t\t                <div>\n\t\t                    <a href=\"https:\/\/www.helmexpress.com\/ls2-of603-infinity-ii-solid-jethelm-700034817.html\" title=\"LS2 OF603 INFINITY II SOLID Jethelm matt concrete grau M\" class=\"product-link\">\n\t\t                        <span class=\"product-image\">\n\t\t                            <img src=\"https:\/\/cdn1.helmexpress.com\/media\/catalog\/product\/L\/S\/LS2_3660310106942141774416_2.jpg\" title=\"LS2 OF603 INFINITY II SOLID Jethelm matt concrete grau M\" width=\"165\" height=\"220\"\/>\n\t\t\t\t\t\t\t\t<\/span>\n\t\t                        <div class=\"product-name\"><span>LS2 OF603 INFINITY II SOLID Jethelm matt concrete grau M<\/span><\/div>\n\t\t                        \t\t                        \t                        \t<div class=\"price-box clearfix\">\n\t\t                        \t\t\t\t\t\t\t\t\t<span class=\"regular-price\" id=\"product-price-158267\">\n\t                        \t\t\t<span class=\"price\">\n\t                        \t\t\t\t198,90 \u20ac\t                        \t\t\t\t<span class=\"price-hint\">*<\/span>\n\t                                \t<\/span>\n\t                                <\/span>\n\t\t\t\t\t\t\t\t\t\t\t\t\t\t\t\t\t<\/div>\n\t\t\t\t\t\t\t<\/a>\n\t\t\t\t\t\t<\/div>                  \n\t\t            <\/div>\n\t            <\/div>\n            \t\t\t\t\t<div class=\"item\">\n\t\t\t\t\t<div class=\"col-xs-4 col-md-3 product\" id=\"product-146564\">\n\t\t                <div>\n\t\t                    <a href=\"https:\/\/www.helmexpress.com\/caberg-freeride-x-mono-jethelm-106217.html\" title=\"CABERG FREERIDE X MONO weiss XL\" class=\"product-link\">\n\t\t                        <span class=\"product-image\">\n\t\t                            <img src=\"https:\/\/cdn1.helmexpress.com\/media\/catalog\/product\/c\/a\/caberg-freeride-x-mono-weiss-xl-106217whxl.jpg\" title=\"CABERG FREERIDE X MONO weiss XL\" width=\"165\" height=\"220\"\/>\n\t\t\t\t\t\t\t\t<\/span>\n\t\t                        <div class=\"product-name\"><span>CABERG FREERIDE X MONO weiss XL<\/span><\/div>\n\t\t                        \t\t                        \t                        \t<div class=\"price-box clearfix\">\n\t\t                        \t\t\t\t\t\t\t\t\t<p class=\"old-price\">\n\t\t\t\t\t\t\t\t\t\t<span class=\"price-label\">statt<\/span>\n\t\t\t\t\t\t\t\t\t\t<span class=\"price\" id=\"old-price-146564\">\n\t\t\t\t\t\t\t\t\t\t\t209,99 \u20ac\t\t\t\t\t\t\t\t\t\t<\/span>\n\t\t\t\t\t\t\t\t\t<\/p>\n\t\t                        \t<p class=\"special-price\">\n\t\t                \t\t\t\t<span class=\"price-label\">nur<\/span>\n\t\t                \t\t\t\t<span class=\"price\" id=\"product-price-146564\">\n\t\t                \t\t\t\t\t189,99 \u20ac\t\t                \t\t\t\t\t<span class=\"price-hint\">*<\/span>\n\t\t                \t\t\t\t<\/span>\n\t\t\t\t\t\t\t\t\t<\/p>\n\t\t\t\t\t\t\t\t\t\t\t\t\t\t\t\t\t<\/div>\n\t\t\t\t\t\t\t<\/a>\n\t\t\t\t\t\t<\/div>                  \n\t\t            <\/div>\n\t            <\/div>\n            \t\t\t\t\t<div class=\"item\">\n\t\t\t\t\t<div class=\"col-xs-4 col-md-3 product\" id=\"product-146529\">\n\t\t                <div>\n\t\t                    <a href=\"https:\/\/www.helmexpress.com\/caberg-soho-mono-jethelm-106214.html\" title=\"CABERG SOHO MONO matt blau jeans S\" class=\"product-link\">\n\t\t                        <span class=\"product-image\">\n\t\t                            <img src=\"https:\/\/cdn1.helmexpress.com\/media\/catalog\/product\/c\/a\/caberg-soho-mono-matt-blau-jeans-s-106214mbs.jpg\" title=\"CABERG SOHO MONO matt blau jeans S\" width=\"165\" height=\"220\"\/>\n\t\t\t\t\t\t\t\t<\/span>\n\t\t                        <div class=\"product-name\"><span>CABERG SOHO MONO matt blau jeans S<\/span><\/div>\n\t\t                        \t\t                        \t                        \t<div class=\"price-box clearfix\">\n\t\t                        \t\t\t\t\t\t\t\t\t<p class=\"old-price\">\n\t\t\t\t\t\t\t\t\t\t<span class=\"price-label\">statt<\/span>\n\t\t\t\t\t\t\t\t\t\t<span class=\"price\" id=\"old-price-146529\">\n\t\t\t\t\t\t\t\t\t\t\t149,99 \u20ac\t\t\t\t\t\t\t\t\t\t<\/span>\n\t\t\t\t\t\t\t\t\t<\/p>\n\t\t                        \t<p class=\"special-price\">\n\t\t                \t\t\t\t<span class=\"price-label\">nur<\/span>\n\t\t                \t\t\t\t<span class=\"price\" id=\"product-price-146529\">\n\t\t                \t\t\t\t\t134,99 \u20ac\t\t                \t\t\t\t\t<span class=\"price-hint\">*<\/span>\n\t\t                \t\t\t\t<\/span>\n\t\t\t\t\t\t\t\t\t<\/p>\n\t\t\t\t\t\t\t\t\t\t\t\t\t\t\t\t\t<\/div>\n\t\t\t\t\t\t\t<\/a>\n\t\t\t\t\t\t<\/div>                  \n\t\t            <\/div>\n\t            <\/div>\n            \t\t\t\t\t<div class=\"item\">\n\t\t\t\t\t<div class=\"col-xs-4 col-md-3 product\" id=\"product-158313\">\n\t\t                <div>\n\t\t                    <a href=\"https:\/\/www.helmexpress.com\/ls2-of618-verso-ii-solid-jethelm-700034865.html\" title=\"LS2 OF618 VERSO II SOLID Jethelm matt titanium XS\" class=\"product-link\">\n\t\t                        <span class=\"product-image\">\n\t\t                            <img src=\"https:\/\/cdn1.helmexpress.com\/media\/catalog\/product\/L\/S\/LS2_3661810076942141778551.jpg\" title=\"LS2 OF618 VERSO II SOLID Jethelm matt titanium XS\" width=\"165\" height=\"220\"\/>\n\t\t\t\t\t\t\t\t<\/span>\n\t\t                        <div class=\"product-name\"><span>LS2 OF618 VERSO II SOLID Jethelm matt titanium XS<\/span><\/div>\n\t\t                        \t\t                        \t                        \t<div class=\"price-box clearfix\">\n\t\t                        \t\t\t\t\t\t\t\t\t<span class=\"regular-price\" id=\"product-price-158313\">\n\t                        \t\t\t<span class=\"price\">\n\t                        \t\t\t\t158,90 \u20ac\t                        \t\t\t\t<span class=\"price-hint\">*<\/span>\n\t                                \t<\/span>\n\t                                <\/span>\n\t\t\t\t\t\t\t\t\t\t\t\t\t\t\t\t\t<\/div>\n\t\t\t\t\t\t\t<\/a>\n\t\t\t\t\t\t<\/div>                  \n\t\t            <\/div>\n\t            <\/div>\n            \t\t\t\t\t<div class=\"item\">\n\t\t\t\t\t<div class=\"col-xs-4 col-md-3 product\" id=\"product-153073\">\n\t\t                <div>\n\t\t                    <a href=\"https:\/\/www.helmexpress.com\/caberg-freeride-x-imola-jethelm-106233.html\" title=\"CABERG FREERIDE X IMOLA Jethelm matt weiss-schwarz XL\" class=\"product-link\">\n\t\t                        <span class=\"product-image\">\n\t\t                            <img src=\"https:\/\/cdn1.helmexpress.com\/media\/catalog\/product\/c\/a\/caberg-freeride-x-imola-jethelm-matt-weiss-schwarz-xl-106233wsxl.jpg\" title=\"CABERG FREERIDE X IMOLA Jethelm matt weiss-schwarz XL\" width=\"165\" height=\"220\"\/>\n\t\t\t\t\t\t\t\t<\/span>\n\t\t                        <div class=\"product-name\"><span>CABERG FREERIDE X IMOLA Jethelm matt weiss-schwarz XL<\/span><\/div>\n\t\t                        \t\t                        \t                        \t<div class=\"price-box clearfix\">\n\t\t                        \t\t\t\t\t\t\t\t\t<p class=\"old-price\">\n\t\t\t\t\t\t\t\t\t\t<span class=\"price-label\">statt<\/span>\n\t\t\t\t\t\t\t\t\t\t<span class=\"price\" id=\"old-price-153073\">\n\t\t\t\t\t\t\t\t\t\t\t239,99 \u20ac\t\t\t\t\t\t\t\t\t\t<\/span>\n\t\t\t\t\t\t\t\t\t<\/p>\n\t\t                        \t<p class=\"special-price\">\n\t\t                \t\t\t\t<span class=\"price-label\">nur<\/span>\n\t\t                \t\t\t\t<span class=\"price\" id=\"product-price-153073\">\n\t\t                \t\t\t\t\t214,99 \u20ac\t\t                \t\t\t\t\t<span class=\"price-hint\">*<\/span>\n\t\t                \t\t\t\t<\/span>\n\t\t\t\t\t\t\t\t\t<\/p>\n\t\t\t\t\t\t\t\t\t\t\t\t\t\t\t\t\t<\/div>\n\t\t\t\t\t\t\t<\/a>\n\t\t\t\t\t\t<\/div>                  \n\t\t            <\/div>\n\t            <\/div>\n            \t            \t<div class=\"item\">\n\t            \t<div class=\"col-xs-4 col-md-3 product more\">\n\t\t                <div>\n\t            \t\t\t<a href=\"https:\/\/www.helmexpress.com\/jethelme\" class=\"product-link\" target=\"_blank\">\n\t            \t\t\t\tAlle Jethelme bei helmexpress.com\t            \t\t\t<\/a>\n\t            \t\t<\/div>\n\t            \t<\/div>\n\t            <\/div>\n            \t\t\t            \t\t<\/div>\n\t\t        \t\t<\/div>\n\t\t        \t\t\t\t        \t\t<a data-slide=\"prev\" href=\"javascript:void(0)\" class=\"left carousel-control hidden\"><i class=\"fa fa-caret-left\"><\/i><\/a>\n\t\t      \t\t\t<a data-slide=\"next\" href=\"javascript:void(0)\" class=\"right carousel-control\"><i class=\"fa fa-caret-right\"><\/i><\/a>\n\t\t      \t\t\t\t\t\t\t\t<\/div>\n\t\t\t\t<\/div>\n\t\t\t<\/div>\n            \n<h3 id=\"braincap&quot;\">Kaum gesch\u00fctzt in der rechtlichen Grauzone unterwegs: Braincaps<\/h3>\n<div id=\"attachment_172\" style=\"width: 262px\" class=\"wp-caption alignleft\"><img aria-describedby=\"caption-attachment-172\" loading=\"lazy\" class=\"size-medium wp-image-172 img-responsive\" src=\"https:\/\/www.helmexpress.com\/magazin\/wp-content\/uploads\/2018\/01\/braincap-mit-252x300.jpg\" alt=\"Braincap schwarz\" width=\"252\" height=\"300\" srcset=\"https:\/\/www.helmexpress.com\/magazin\/wp-content\/uploads\/2018\/01\/braincap-mit-252x300.jpg 252w, https:\/\/www.helmexpress.com\/magazin\/wp-content\/uploads\/2018\/01\/braincap-mit.jpg 434w\" sizes=\"(max-width: 252px) 100vw, 252px\" \/><p id=\"caption-attachment-172\" class=\"wp-caption-text\">Braincaps eignen sich nicht f\u00fcr den Stra\u00dfenverkehr.<\/p><\/div>\n<p>Auch <a href=\"https:\/\/www.helmexpress.com\/braincaps\" target=\"_blank\" rel=\"noopener\">Braincaps<\/a> passen ideal zur Chopper \u2013 bieten allerdings im Vergleich zum Jethelm kaum Schutz. Da einzig der Oberkopf von de Schale bedeckt und gesch\u00fctzt wird, erf\u00fcllen die Braincaps in aller Regel keine Sicherheitsnorm und haben daher nicht das ben\u00f6tigte ECE-Siegel. Sie sind daher nicht als Stra\u00dfenhelm geeignet, machen sich aber f\u00fcr den stilsicheren Biker als Zweithelm f\u00fcr Showtreffen gut.<\/p>\n<p>Braincaps stehen vor allem f\u00fcr den Charme der 50er-Jahre, den man mit ihnen verbindet. Das freie Fahrgef\u00fchl, der besondere Stil mit spartanischer Gestaltung und die geringe Gr\u00f6\u00dfe begeistern Anh\u00e4nger dieser Helmart.<\/p>\n<p>Durch die fehlende Schutzfunktion an Ohren, Nacken, Stirn und Gesicht ist ihr Einsatz eine rechtliche Grauzone. Es ist umstritten, ob es ein Schutzhelm ist, wie die Stra\u00dfenverkehrsordnung es verlangt. Auch der Versicherungsschutz kann bei einem Unfall mit Braincap verringert sein.<\/p>\n<h4>Vorteile und Nachteile der Braincaps auf einen Blick:<\/h4>\n<table>\n<tbody>\n<tr>\n<td width=\"302\">+ besonderer Stil<\/td>\n<td width=\"302\">&#8211; kaum Schutzfunktion<\/td>\n<\/tr>\n<tr>\n<td width=\"302\">+ handlich<\/td>\n<td width=\"302\">&#8211; selten ECE-Siegel und ungewisse Zulassung<\/td>\n<\/tr>\n<tr>\n<td width=\"302\">+ auch f\u00fcr Brillentr\u00e4ger komfortabel<\/td>\n<td width=\"302\">&#8211; eingeschr\u00e4nkter Versicherungsschutz<\/td>\n<\/tr>\n<\/tbody>\n<\/table>\n<h4>Braincaps bei Helmexpress.com<\/h4>\n\t\t\t<link rel=\"stylesheet\" type=\"text\/css\" href=\"https:\/\/www.helmexpress.com\/magazin\/wp-content\/plugins\/helmexpress-products\/style.css\"\/>\n\t\t\t<div class=\"products-grid container\">\n\t\t\t  <div class=\"row\">\n\t\t\t    <div class=\"col-md-12\">\n\t\t\t      <div class=\"carousel slide hxCarousel\" id=\"hxCarousel-073f17f245ebfbaee10bfb73ad2652ad\">\n\t\t\t      \t<div class=\"carousel-inner\">\n\t\t\t            \t<div class=\"item\">\n\t            \t<div class=\"col-xs-4 col-md-3 product more\">\n\t\t                <div>\n\t            \t\t\t<a href=\"https:\/\/www.helmexpress.com\/braincaps\" class=\"product-link\" target=\"_blank\">\n\t            \t\t\t\tAlle Braincapsbei helmexpress.com\t            \t\t\t<\/a>\n\t            \t\t<\/div>\n\t            \t<\/div>\n\t            <\/div>\n            \t\t\t            \t\t<\/div>\n\t\t        \t\t<\/div>\n\t\t        \t\t\t\t\t\t\t<\/div>\n\t\t\t\t<\/div>\n\t\t\t<\/div>\n            \n<h2 id=\"\u00fcberblick\">Alle Vor- und Nachteile der Helme im \u00dcberblick<\/h2>\n<p><img loading=\"lazy\" class=\"alignnone size-full wp-image-711 img-responsive\" src=\"https:\/\/www.helmexpress.com\/magazin\/wp-content\/uploads\/2018\/02\/helmexpress-helmarten-bild.jpg\" alt=\"Vorteile Nachteile Helme\" width=\"800\" height=\"949\" srcset=\"https:\/\/www.helmexpress.com\/magazin\/wp-content\/uploads\/2018\/02\/helmexpress-helmarten-bild.jpg 800w, https:\/\/www.helmexpress.com\/magazin\/wp-content\/uploads\/2018\/02\/helmexpress-helmarten-bild-253x300.jpg 253w, https:\/\/www.helmexpress.com\/magazin\/wp-content\/uploads\/2018\/02\/helmexpress-helmarten-bild-768x911.jpg 768w\" sizes=\"(max-width: 800px) 100vw, 800px\" \/><\/p>\n<h2>Welcher Motorradhelm ist der richtige?<\/h2>\n<p>Die Wahl des richtigen und besten Motorradhelms ist eine subjektive Angelegenheit. Es kommt darauf an, welche Helme Ihnen als Biker besonders zusagen oder gar nicht gefallen, und wo Sie meist unterwegs sind.<br \/>\nWer meist auf Cross-Strecken f\u00e4hrt, sollte nat\u00fcrlich einen Crosshelm w\u00e4hlen. F\u00fcr manchen Biker sind diese Helme aber auch auf der Stra\u00dfe die erste Wahl. W\u00e4gen Sie ab, wie sehr Sie bereit sind, bei der Schutzfunktion m\u00f6glicherweise Einbu\u00dfen zu akzeptieren und welche Funktionen der Helm aufweisen sollte.<\/p>\n","protected":false},"excerpt":{"rendered":"<p>Die Auswahl an Motorradhelmen ist gro\u00df. Nicht nur in Sachen Design und Farbe hat der Biker die Qual der Wahl, sondern auch bei der Form und Bauart. Hier finden Sie eine \u00dcbersicht der Vor- und Nachteile von Helmarten wie Integralhelm, Halbschale oder Klapphelm.<\/p>\n","protected":false},"author":3,"featured_media":231,"comment_status":"closed","ping_status":"closed","sticky":false,"template":"","format":"standard","meta":[],"categories":[8],"tags":[20,17,19,21,18,15,16],"_links":{"self":[{"href":"https:\/\/www.helmexpress.com\/magazin\/wp-json\/wp\/v2\/posts\/153"}],"collection":[{"href":"https:\/\/www.helmexpress.com\/magazin\/wp-json\/wp\/v2\/posts"}],"about":[{"href":"https:\/\/www.helmexpress.com\/magazin\/wp-json\/wp\/v2\/types\/post"}],"author":[{"embeddable":true,"href":"https:\/\/www.helmexpress.com\/magazin\/wp-json\/wp\/v2\/users\/3"}],"replies":[{"embeddable":true,"href":"https:\/\/www.helmexpress.com\/magazin\/wp-json\/wp\/v2\/comments?post=153"}],"version-history":[{"count":40,"href":"https:\/\/www.helmexpress.com\/magazin\/wp-json\/wp\/v2\/posts\/153\/revisions"}],"predecessor-version":[{"id":713,"href":"https:\/\/www.helmexpress.com\/magazin\/wp-json\/wp\/v2\/posts\/153\/revisions\/713"}],"wp:featuredmedia":[{"embeddable":true,"href":"https:\/\/www.helmexpress.com\/magazin\/wp-json\/wp\/v2\/media\/231"}],"wp:attachment":[{"href":"https:\/\/www.helmexpress.com\/magazin\/wp-json\/wp\/v2\/media?parent=153"}],"wp:term":[{"taxonomy":"category","embeddable":true,"href":"https:\/\/www.helmexpress.com\/magazin\/wp-json\/wp\/v2\/categories?post=153"},{"taxonomy":"post_tag","embeddable":true,"href":"https:\/\/www.helmexpress.com\/magazin\/wp-json\/wp\/v2\/tags?post=153"}],"curies":[{"name":"wp","href":"https:\/\/api.w.org\/{rel}","templated":true}]}}